{"id":33656,"date":"2025-01-25T16:33:53","date_gmt":"2025-01-25T15:33:53","guid":{"rendered":"https:\/\/www.czechcyclingfederation.com\/?p=33656"},"modified":"2025-01-25T16:36:24","modified_gmt":"2025-01-25T15:36:24","slug":"boros-v-maasmechelenu-devatenacty-dominoval-van-der-poel","status":"publish","type":"post","link":"https:\/\/www.czechcyclingfederation.com\/en\/boros-v-maasmechelenu-devatenacty-dominoval-van-der-poel\/","title":{"rendered":"Boro\u0161 v Maasmechelenu devaten\u00e1ct\u00fd. Dominoval van der Poel"},"content":{"rendered":"\n<p><strong>Michael Boro\u0161 v p\u0159edposledn\u00edm testu na mistrovstv\u00ed sv\u011bta p\u0159i z\u00e1vod\u011b Sv\u011btov\u00e9ho poh\u00e1ru v Maasmechelenu dojel devaten\u00e1ct\u00fd. V\u00edt\u011bzstv\u00ed mezi mu\u017eskou elitou slavil po \u010dty\u0159t\u00fddenn\u00ed z\u00e1vodn\u00ed pauze Mathieu van der Poel z Nizozemska.<\/strong><\/p>\n\n\n\n<p>Michael Boro\u0161 vylep\u0161il o osm pozic v\u00fdsledek z p\u0159ede\u0161l\u00e9ho d\u011bjstv\u00ed Sv\u011btov\u00e9ho poh\u00e1ru v Benidormu, kde fini\u0161oval sedmadvac\u00e1t\u00fd. Sedmin\u00e1sobn\u00fd \u010desk\u00fd cyklokrosov\u00fd \u0161ampion se v Maasmechelenu pohyboval v polovin\u011b z\u00e1vodu t\u011bsn\u011b za elitn\u00ed des\u00edtkou, nakonec se ale na t\u011b\u017ek\u00e9 trati, kterou pokr\u00fdvalo hlubok\u00e9 a lepiv\u00e9 bahno, propadl na konec druh\u00e9 des\u00edtky.<\/p>\n\n\n\n<p>Z\u00e1vod mu\u017e\u016f p\u0159inesl dlouho o\u010dek\u00e1van\u00fd souboj hv\u011bzdn\u00e9 dvojice Mathieu van der Poel a Wout van Aert. Rozuzlen\u00ed p\u0159i\u0161lo ne\u010dekan\u011b brzy, kdy\u017e belgick\u00fd cyklista dvakr\u00e1t kr\u00e1tce po startu chyboval. Nejprve hned v prvn\u00edm kole lev\u00fdm ramenem trefil d\u0159ev\u011bn\u00fd kol\u00edk vymezuj\u00edc\u00ed tra\u0165 a spadnul. Po skv\u011bl\u00e9 st\u00edha\u010dce se dot\u00e1hl na \u010delo, jen\u017ee hned v \u00favodu druh\u00e9ho kola ve sjezdu na prvn\u00ed pozici let\u011bl p\u0159es \u0159\u00edd\u00edtka a v\u00fdrazn\u011b ztratil.<\/p>\n\n\n\n<p>Mathieu van der Poel p\u0159ed startem v Maasmechelenu p\u0159iznal, \u017ee 27. prosince p\u0159i z\u00e1vod\u011b v Belgii si zlomil \u017eebro &#8211; nikoliv jen pohmo\u017edil. P\u0159esto byl zcela suver\u00e9nn\u00ed. Skv\u011ble odstartoval, jel bez zav\u00e1h\u00e1n\u00ed a chyb. \u0160estin\u00e1sobn\u00fd mistr sv\u011bta po t\u00e9m\u011b\u0159 m\u011bs\u00ed\u010dn\u00ed z\u00e1vodn\u00ed pauze uk\u00e1zal obrovsk\u00e9 sebev\u011bdom\u00ed. &#8220;Byla to pro m\u011b premi\u00e9ra v Maasmechelenu, kterou jsem si v\u00e1\u017en\u011b u\u017eil. Byla tu skv\u011bl\u00e1 atmosf\u00e9ra. Bl\u00ed\u017e\u00edm se stoprocentn\u00ed form\u011b,&#8221; komentoval v\u00fdkon t\u0159icetilet\u00fd nizozemsk\u00fd z\u00e1vodn\u00edk.<\/p>\n\n\n\n<p>Z\u00e1vod \u017een v Maasmechelenu nab\u00eddl dramatickou p\u0159etahovanou. Na \u010dele bojovaly Blanka Vasov\u00e1 z Ma\u010farska, Zoe Backstedtov\u00e1 z Velk\u00e9 Brit\u00e1nie a Lucinda Brandov\u00e1 v Nizozemska. Po t\u0159ech z p\u011bti kolech se k \u00fatoku odhodlala Zoe Backstadtov\u00e1, ale ma\u010farsk\u00e1 z\u00e1vodnice nep\u0159ipustila velkou ztr\u00e1tu, rychle se vr\u00e1tila do \u010dela a podruh\u00e9 v kari\u00e9\u0159e slavila triumf v z\u00e1vod\u011b Sv\u011btov\u00e9ho poh\u00e1ru.<\/p>\n\n\n\n<p>V\u00edt\u011bzstv\u00ed v\u0161ak pe\u010detila a\u017e po sprintu na c\u00edlov\u00e9 rovince. &#8220;Po t\u0159ech letech jsem znovu vyhr\u00e1la cyklokrosovou bitvu ve sv\u011b\u0165\u00e1ku, co\u017e je super. V posledn\u00edm kole jsem si myslela po b\u011b\u017eeck\u00e9 pas\u00e1\u017ei, \u017ee mohu b\u00fdt v klidu, ale pak jsem se ohl\u00e9dla a Zoe byla kous\u00ed\u010dek za mnou. Hodn\u011b se vypl\u00e1c\u00ed, \u017ee jsem celou zimu pro\u017eila v Belgii,&#8221; hodnotila v\u00fdhru Blanka Vasov\u00e1.<\/p>\n\n\n\n<p>Jedin\u00e1 \u010desk\u00e1 z\u00e1vodnice ve startovn\u00ed listin\u011b Barbora Je\u0159\u00e1bkov\u00e1 dojela p\u0159i t\u0159et\u00edm startu ve sv\u011btov\u00e9m poh\u00e1ru v prob\u00edhaj\u00edc\u00ed sezon\u011b se ztr\u00e1tou t\u00e9m\u011b\u0159 dev\u00edti minut na dev\u011bta\u010dty\u0159ic\u00e1t\u00e9 pozici.<\/p>\n\n\n\n<p><strong>V\u00fdsledky SP v Maasmechelenu &#8211; mu\u017ei:<\/strong> 57:51 min., 2. Van Aert (Bel.) +1:14 min., 3. Nieuwenhuis (Niz.) +1:53, 4. Wyseure +2:05, 5. Aerts (oba Bel.) +2:16, \u202619. Boro\u0161 +4:54 min., 30. Je\u017eek +7:11, 31. Kerl +7:23, 48. Janout (v\u0161. \u010cR) +9:16 min. <\/p>\n\n\n\n<p><strong>\u017deny<\/strong>: 1. Vasov\u00e1 (Ma\u010f.) 48:58 min., 2. Backstedtov\u00e1 (Vel. Brit.) +1, 3. Brandov\u00e1 +12, 4. Pietersov\u00e1 +28, 5. Alvaradov\u00e1 (v\u0161. Niz.) +1:17 min., \u202649. Je\u0159\u00e1bkov\u00e1 (\u010cR) + 8:37 min.<\/p>\n","protected":false},"excerpt":{"rendered":"<p>Michael Boro\u0161 v p\u0159edposledn\u00edm testu na mistrovstv\u00ed sv\u011bta p\u0159i z\u00e1vod\u011b Sv\u011btov\u00e9ho poh\u00e1ru v Maasmechelenu dojel devaten\u00e1ct\u00fd. V\u00edt\u011bzstv\u00ed mezi mu\u017eskou elitou slavil po \u010dty\u0159t\u00fddenn\u00ed z\u00e1vodn\u00ed pauze Mathieu van der Poel z Nizozemska. Michael Boro\u0161 vylep\u0161il o osm pozic v\u00fdsledek z p\u0159ede\u0161l\u00e9ho d\u011bjstv\u00ed Sv\u011btov\u00e9ho poh\u00e1ru v Benidormu, kde fini\u0161oval sedmadvac\u00e1t\u00fd. Sedmin\u00e1sobn\u00fd \u010desk\u00fd cyklokrosov\u00fd \u0161ampion se v Maasmechelenu [&hellip;]<\/p>\n","protected":false},"author":30,"featured_media":33490,"comment_status":"closed","ping_status":"open","sticky":false,"template":"","format":"standard","meta":{"footnotes":""},"categories":[2],"tags":[59],"class_list":["post-33656","post","type-post","status-publish","format-standard","has-post-thumbnail","hentry","category-novinky","tag-cyklokros"],"_links":{"self":[{"href":"https:\/\/www.czechcyclingfederation.com\/en\/wp-json\/wp\/v2\/posts\/33656","targetHints":{"allow":["GET"]}}],"collection":[{"href":"https:\/\/www.czechcyclingfederation.com\/en\/wp-json\/wp\/v2\/posts"}],"about":[{"href":"https:\/\/www.czechcyclingfederation.com\/en\/wp-json\/wp\/v2\/types\/post"}],"author":[{"embeddable":true,"href":"https:\/\/www.czechcyclingfederation.com\/en\/wp-json\/wp\/v2\/users\/30"}],"replies":[{"embeddable":true,"href":"https:\/\/www.czechcyclingfederation.com\/en\/wp-json\/wp\/v2\/comments?post=33656"}],"version-history":[{"count":1,"href":"https:\/\/www.czechcyclingfederation.com\/en\/wp-json\/wp\/v2\/posts\/33656\/revisions"}],"predecessor-version":[{"id":33657,"href":"https:\/\/www.czechcyclingfederation.com\/en\/wp-json\/wp\/v2\/posts\/33656\/revisions\/33657"}],"wp:featuredmedia":[{"embeddable":true,"href":"https:\/\/www.czechcyclingfederation.com\/en\/wp-json\/wp\/v2\/media\/33490"}],"wp:attachment":[{"href":"https:\/\/www.czechcyclingfederation.com\/en\/wp-json\/wp\/v2\/media?parent=33656"}],"wp:term":[{"taxonomy":"category","embeddable":true,"href":"https:\/\/www.czechcyclingfederation.com\/en\/wp-json\/wp\/v2\/categories?post=33656"},{"taxonomy":"post_tag","embeddable":true,"href":"https:\/\/www.czechcyclingfederation.com\/en\/wp-json\/wp\/v2\/tags?post=33656"}],"curies":[{"name":"wp","href":"https:\/\/api.w.org\/{rel}","templated":true}]}}