{"id":33626,"date":"2025-01-19T18:52:04","date_gmt":"2025-01-19T17:52:04","guid":{"rendered":"https:\/\/www.czechcyclingfederation.com\/?p=33626"},"modified":"2025-01-19T18:52:07","modified_gmt":"2025-01-19T17:52:07","slug":"na-sp-v-benidormu-nejlepsi-z-cechu-jezek-bazant-nedojel","status":"publish","type":"post","link":"https:\/\/www.czechcyclingfederation.com\/en\/na-sp-v-benidormu-nejlepsi-z-cechu-jezek-bazant-nedojel\/","title":{"rendered":"Na SP v\u00a0Benidormu nejlep\u0161\u00ed z\u00a0\u010cech\u016f Je\u017eek, Ba\u017eant nedojel"},"content":{"rendered":"\n<p>Sedmn\u00e1ct\u00e9 m\u00edsto <strong>V\u00e1clava<\/strong> <strong>Je\u017eka<\/strong> v&nbsp;kategorii mu\u017e\u016f do 23 let bylo nejlep\u0161\u00edm \u010desk\u00fdm v\u00fdsledkem na Sv\u011btov\u00e9m poh\u00e1ru v&nbsp;cyklokrosu ve \u0161pan\u011blsk\u00e9m Benidormu.<\/p>\n\n\n\n<p><em>\u201eVenca m\u011bl po startu probl\u00e9m, kdy\u017e mu najeli do \u0161altru a musel do depa, ale postupn\u011b se rozj\u00ed\u017ed\u011bl a bojoval o top 15. Nakonec skon\u010dil t\u011bsn\u011b za tou patn\u00e1ctkou, ale i tak jel p\u011bkn\u00fd z\u00e1vod a s\u00e1m byl spokojen. Slu\u0161n\u011b zajeli i dal\u0161\u00ed na\u0161i kluci: Max Kerl jel po startu kolem 13. m\u00edsta, pak ale ud\u011blal chybu na p\u0159ek\u00e1\u017ece a trochu se propadl. Nakonec byl 22., Maty\u00e1\u0161 Fiala hned za n\u00edm,\u201c<\/em> \u0159ekl tren\u00e9r reprezentace <strong>Michal Bedn\u00e1\u0159<\/strong>.<\/p>\n\n\n\n<p>Nejv\u011bt\u0161\u00ed \u010desk\u00e1 nad\u011bje, junior <strong>Kry\u0161tof Ba\u017eant<\/strong>, m\u011bl u sv\u00e9ho jm\u00e9na ve v\u00fdsledkov\u00e9 listin\u011b DNF. <em>\u201eM\u011bl trochu hor\u0161\u00ed start, zaspal tam a v&nbsp;tak rychl\u00e9m z\u00e1vod\u011b na such\u00e9 trati se to t\u011b\u017eko doj\u00ed\u017ed\u00ed. A dnes nav\u00edc ani nem\u011bl nohy na to, aby se dostal dop\u0159edu. Nejelo se mu dob\u0159e a t\u011bsn\u011b p\u0159ed koncem slezl. To jsme si po z\u00e1vod\u011b museli vysv\u011btlit: \u017ee nen\u00ed mo\u017en\u00e9 ve Sv\u011btov\u00e9m poh\u00e1ru jen tak sl\u00e9zt, pokud tam nen\u00ed n\u011bjak\u00fd zdravotn\u00ed probl\u00e9m,\u201c<\/em> prozradil Bedn\u00e1\u0159.<\/p>\n\n\n\n<p>V&nbsp;z\u00e1vod\u011b mu\u017esk\u00e9 elity triumfoval Belgi\u010dan Thibau Nys, \u00fa\u0159aduj\u00edc\u00ed mistr republiky <strong>Michael Boro\u0161<\/strong> skon\u010dil tentokr\u00e1t a\u017e ve t\u0159et\u00ed des\u00edtce. <em>\u201eM\u011bl slu\u0161n\u00fd start, zabudoval se v&nbsp;prvn\u00ed patn\u00e1ctce, ale pak si musel trochu vycouvat. \u0158\u00edkal, \u017ee se moc dob\u0159e nec\u00edtil, ale m\u00e1 za sebou t\u011b\u017ek\u00fd tr\u00e9ninkov\u00fd blok k&nbsp;mistrovstv\u00ed sv\u011bta, proto mu nohy \u00fapln\u011b net\u00e1hly,\u201c<\/em> vysv\u011btlil tren\u00e9r.<\/p>\n\n\n\n<p><strong>V\u00fdsledky \u2013 mu\u017ei: <\/strong>1. Nys 56:31, 2. Iserbyt (oba Belg.) +3, 3. van der Haar (Niz.) +4, 4. van Aeert +6, 5. Vanthourenhout (oba Belg.) +10, 6. Orts Lloret (\u0160p.) +12, \u2026 <strong>28. Boro\u0161 <\/strong>(\u010cR) +1:52.<\/p>\n\n\n\n<p><strong>\u017deny: <\/strong>1. van Empelov\u00e1 47:52, 2. Brandov\u00e1 (ob\u011b Niz.) stejn\u00fd \u010das, 3. Schreiberov\u00e1 (Luc.) +2, 4. Vosov\u00e1 (Niz.) +4, 5. Vasov\u00e1 (Ma\u010f.) +13, 6. Backstedtov\u00e1 (Brit.) +17, \u2026 <strong>37. Doud\u011brov\u00e1 <\/strong>+3:30, <strong>45. Sp\u011b\u0161n\u00e1 <\/strong>(ob\u011b \u010cR) +4:52.<\/p>\n\n\n\n<p><strong>Mu\u017ei U23: <\/strong>1. Del Grosso (Niz.) 50:18, 2. Michels (Belg.) +3, 3. Sparfel (Fr.) +5, \u2026 <strong>17. Je\u017eek <\/strong>+1:26, <strong>22. Kerl <\/strong>+2:12, <strong>23. Fiala <\/strong>(v\u0161. \u010cR) +2:27.<\/p>\n\n\n\n<p><strong>Junio\u0159i: <\/strong>1. Agostinacchio (It.) 36:57, \u2026 <strong>28. Svoboda <\/strong>+2:12, <strong>38. John <\/strong>+3:34, <strong>Ba\u017eant <\/strong>(v\u0161. \u010cR) nedokon\u010dil.<\/p>\n\n\n\n<p><strong>Juniorky: <\/strong>1. Revolov\u00e1 (Fr.) 42:07.<\/p>\n\n\n\n<p>Foto: Filip Bezd\u011bk<\/p>\n","protected":false},"excerpt":{"rendered":"<p>Sedmn\u00e1ct\u00e9 m\u00edsto V\u00e1clava Je\u017eka v&nbsp;kategorii mu\u017e\u016f do 23 let bylo nejlep\u0161\u00edm \u010desk\u00fdm v\u00fdsledkem na Sv\u011btov\u00e9m poh\u00e1ru v&nbsp;cyklokrosu ve \u0161pan\u011blsk\u00e9m Benidormu. \u201eVenca m\u011bl po startu probl\u00e9m, kdy\u017e mu najeli do \u0161altru a musel do depa, ale postupn\u011b se rozj\u00ed\u017ed\u011bl a bojoval o top 15. Nakonec skon\u010dil t\u011bsn\u011b za tou patn\u00e1ctkou, ale i tak jel p\u011bkn\u00fd z\u00e1vod [&hellip;]<\/p>\n","protected":false},"author":15,"featured_media":33627,"comment_status":"closed","ping_status":"open","sticky":false,"template":"","format":"standard","meta":{"footnotes":""},"categories":[2],"tags":[59],"class_list":["post-33626","post","type-post","status-publish","format-standard","has-post-thumbnail","hentry","category-novinky","tag-cyklokros"],"_links":{"self":[{"href":"https:\/\/www.czechcyclingfederation.com\/en\/wp-json\/wp\/v2\/posts\/33626","targetHints":{"allow":["GET"]}}],"collection":[{"href":"https:\/\/www.czechcyclingfederation.com\/en\/wp-json\/wp\/v2\/posts"}],"about":[{"href":"https:\/\/www.czechcyclingfederation.com\/en\/wp-json\/wp\/v2\/types\/post"}],"author":[{"embeddable":true,"href":"https:\/\/www.czechcyclingfederation.com\/en\/wp-json\/wp\/v2\/users\/15"}],"replies":[{"embeddable":true,"href":"https:\/\/www.czechcyclingfederation.com\/en\/wp-json\/wp\/v2\/comments?post=33626"}],"version-history":[{"count":1,"href":"https:\/\/www.czechcyclingfederation.com\/en\/wp-json\/wp\/v2\/posts\/33626\/revisions"}],"predecessor-version":[{"id":33629,"href":"https:\/\/www.czechcyclingfederation.com\/en\/wp-json\/wp\/v2\/posts\/33626\/revisions\/33629"}],"wp:featuredmedia":[{"embeddable":true,"href":"https:\/\/www.czechcyclingfederation.com\/en\/wp-json\/wp\/v2\/media\/33627"}],"wp:attachment":[{"href":"https:\/\/www.czechcyclingfederation.com\/en\/wp-json\/wp\/v2\/media?parent=33626"}],"wp:term":[{"taxonomy":"category","embeddable":true,"href":"https:\/\/www.czechcyclingfederation.com\/en\/wp-json\/wp\/v2\/categories?post=33626"},{"taxonomy":"post_tag","embeddable":true,"href":"https:\/\/www.czechcyclingfederation.com\/en\/wp-json\/wp\/v2\/tags?post=33626"}],"curies":[{"name":"wp","href":"https:\/\/api.w.org\/{rel}","templated":true}]}}