{"id":336,"date":"2020-05-28T03:07:46","date_gmt":"2020-05-28T01:07:46","guid":{"rendered":"http:\/\/www.czechcyclingfederation.com\/?p=336"},"modified":"2020-07-16T13:41:09","modified_gmt":"2020-07-16T11:41:09","slug":"trenuj-s-repre-bmx-7-dil-dominik-nekolny","status":"publish","type":"post","link":"https:\/\/www.czechcyclingfederation.com\/en\/trenuj-s-repre-bmx-7-dil-dominik-nekolny\/","title":{"rendered":"Tr\u00e9nuj s repre BMX &#8211; 7. d\u00edl Dominik Nekoln\u00fd"},"content":{"rendered":"\n<p>Dne\u0161n\u00edm hostem projektu \u201eTr\u00e9nuj s repre BMX Freestyle Flatland\u201d je Dominik Nekoln\u00fd \u201cDOM\u201d!<\/p>\n\n\n\n<p>Z\u00e1v\u011bre\u010dn\u00fd d\u00edl projektu Tr\u00e9nuj s repre pat\u0159\u00ed \u010desk\u00e9mu reprezentantovi Dominiku Nekoln\u00e9mu, kter\u00fd vyhr\u00e1l prvn\u00ed mistrovstv\u00ed sv\u011bta (2019) pod hlavi\u010dkou Mezin\u00e1rodn\u00ed cyklistick\u00e9 unie v discipl\u00edn\u011b BMX Flatland.<\/p>\n\n\n\n<figure><iframe loading=\"lazy\" allowfullscreen=\"true\" height=\"533\" src=\"https:\/\/www.facebook.com\/plugins\/video.php?href=https%3A%2F%2Fwww.facebook.com%2Fczechcyclingfederation%2Fvideos%2F717052445768069%2F&amp;show_text=1&amp;width=560\" width=\"560\"><\/iframe><\/figure>\n","protected":false},"excerpt":{"rendered":"<p>Dne\u0161n\u00edm hostem projektu \u201eTr\u00e9nuj s repre BMX Freestyle Flatland\u201d je Dominik Nekoln\u00fd \u201cDOM\u201d! Z\u00e1v\u011bre\u010dn\u00fd d\u00edl projektu Tr\u00e9nuj s repre pat\u0159\u00ed \u010desk\u00e9mu reprezentantovi Dominiku Nekoln\u00e9mu, kter\u00fd vyhr\u00e1l prvn\u00ed mistrovstv\u00ed sv\u011bta (2019) pod hlavi\u010dkou Mezin\u00e1rodn\u00ed cyklistick\u00e9 unie v discipl\u00edn\u011b BMX Flatland.<\/p>\n","protected":false},"author":1,"featured_media":338,"comment_status":"closed","ping_status":"open","sticky":false,"template":"","format":"standard","meta":{"footnotes":""},"categories":[57,2],"tags":[55],"class_list":["post-336","post","type-post","status-publish","format-standard","has-post-thumbnail","hentry","category-bmx","category-novinky","tag-bmx"],"_links":{"self":[{"href":"https:\/\/www.czechcyclingfederation.com\/en\/wp-json\/wp\/v2\/posts\/336","targetHints":{"allow":["GET"]}}],"collection":[{"href":"https:\/\/www.czechcyclingfederation.com\/en\/wp-json\/wp\/v2\/posts"}],"about":[{"href":"https:\/\/www.czechcyclingfederation.com\/en\/wp-json\/wp\/v2\/types\/post"}],"author":[{"embeddable":true,"href":"https:\/\/www.czechcyclingfederation.com\/en\/wp-json\/wp\/v2\/users\/1"}],"replies":[{"embeddable":true,"href":"https:\/\/www.czechcyclingfederation.com\/en\/wp-json\/wp\/v2\/comments?post=336"}],"version-history":[{"count":1,"href":"https:\/\/www.czechcyclingfederation.com\/en\/wp-json\/wp\/v2\/posts\/336\/revisions"}],"predecessor-version":[{"id":337,"href":"https:\/\/www.czechcyclingfederation.com\/en\/wp-json\/wp\/v2\/posts\/336\/revisions\/337"}],"wp:featuredmedia":[{"embeddable":true,"href":"https:\/\/www.czechcyclingfederation.com\/en\/wp-json\/wp\/v2\/media\/338"}],"wp:attachment":[{"href":"https:\/\/www.czechcyclingfederation.com\/en\/wp-json\/wp\/v2\/media?parent=336"}],"wp:term":[{"taxonomy":"category","embeddable":true,"href":"https:\/\/www.czechcyclingfederation.com\/en\/wp-json\/wp\/v2\/categories?post=336"},{"taxonomy":"post_tag","embeddable":true,"href":"https:\/\/www.czechcyclingfederation.com\/en\/wp-json\/wp\/v2\/tags?post=336"}],"curies":[{"name":"wp","href":"https:\/\/api.w.org\/{rel}","templated":true}]}}