{"id":33568,"date":"2025-01-13T12:49:38","date_gmt":"2025-01-13T11:49:38","guid":{"rendered":"https:\/\/www.czechcyclingfederation.com\/?p=33568"},"modified":"2025-01-13T12:50:26","modified_gmt":"2025-01-13T11:50:26","slug":"slavia-praha-zve-cyklisty-na-seminar-do-jiznich-cech","status":"publish","type":"post","link":"https:\/\/www.czechcyclingfederation.com\/en\/slavia-praha-zve-cyklisty-na-seminar-do-jiznich-cech\/","title":{"rendered":"Slavia Praha zve cyklisty na semin\u00e1\u0159 do ji\u017en\u00edch \u010cech"},"content":{"rendered":"\n<p class=\"wp-block-paragraph\">Klub cyklist\u016f Slavia Praha z.s. a Isostar c.z&nbsp;zvou v\u0161echny nad\u0161ence nejen silni\u010dn\u00ed cyklistiky na jedine\u010dnou akci, kter\u00e1 nese n\u00e1zev&nbsp;Isostar cycling akademy a uskute\u010dn\u00ed se 24. \u2013 27. dubna v&nbsp;ji\u017en\u00edch \u010cech\u00e1ch.<\/p>\n\n\n\n<p class=\"wp-block-paragraph\">Tento projekt je zalo\u017een na spojen\u00ed p\u0159edn\u00e1\u0161ek p\u0159edn\u00edch sportovn\u00edch odborn\u00edk\u016f s tr\u00e9ninkem a ubytov\u00e1n\u00edm ve Wellness hotelu a minipivovaru Kn\u011b\u017e\u00ednek, kter\u00fd se nach\u00e1z\u00ed u stejnojmenn\u00e9ho rybn\u00edku 4 km od centra \u010cesk\u00fdch Bud\u011bjovic a 15 km od vrcholu hory Kle\u0165, p\u0159es kterou bude proj\u00ed\u017ed\u011bt ji\u017e druh\u00fd ro\u010dn\u00edk horsk\u00e9 etapy L&#8217;Etape Czech Republic by Tour de France. Kemp je pojat\u00fd jako p\u0159\u00edprava na tento z\u00e1vod se v\u0161emi jeho kr\u00e1sami, ale i z\u00e1ludnostmi, ale i prost\u011b jenom jako tr\u00e9nink, z\u00e1bava a relaxace.<\/p>\n\n\n\n<p class=\"wp-block-paragraph\">Po v\u0161echny dny akademie, jsou pro v\u00e1s p\u0159ipraveny p\u0159edn\u00e1\u0161ky p\u0159edn\u00edch \u010desk\u00fdch odborn\u00edk\u016f, bude p\u0159\u00edtomen l\u00e9ka\u0159, fyzioterapeutka, tren\u00e9\u0159i a mechanik.<\/p>\n\n\n\n<p class=\"wp-block-paragraph\"><strong>V r\u00e1mci akademie v\u00e1s budou prov\u00e1zet tito odborn\u00edci:<\/strong><\/p>\n\n\n\n<p class=\"wp-block-paragraph\">PhDr. Marian Jel\u00ednek Phd.&nbsp; \u2013 sportovn\u00ed psycholog a ment\u00e1ln\u00ed kou\u010d.<\/p>\n\n\n\n<p class=\"wp-block-paragraph\">Tereza Vlk Hu\u0159\u00edkov\u00e1 \u2013 dvojn\u00e1sobn\u00e1 mistryn\u011b sv\u011bta v cyklistice, ambasadorka akce.<\/p>\n\n\n\n<p class=\"wp-block-paragraph\">Vojt\u011bch Ha\u010deck\u00fd \u2013 b\u00fdval\u00fd profesion\u00e1ln\u00ed cyklista, specialista Centra sportovn\u00ed medic\u00edny.<\/p>\n\n\n\n<p class=\"wp-block-paragraph\">Jan Dubec \u2013 expert na cyklistiku Triexpert a specialista bikefitting<\/p>\n\n\n\n<p class=\"wp-block-paragraph\">Ing. Mgr. Jana Olejn\u00ed\u010dkov\u00e1, PhD. &#8211; V\u00fd\u017eivov\u00e1 poradkyn\u011b pro vytrvalostn\u00ed sporty.<\/p>\n\n\n\n<p class=\"wp-block-paragraph\">Ing. Denis Charalambridis \u2013 rozhod\u010d\u00ed \u010cSC, tren\u00e9r a jeden z ambasador\u016f.<\/p>\n\n\n\n<p class=\"wp-block-paragraph\">Karel Kopr \u2013 p\u0159edseda KC Slavia Praha, tren\u00e9r a jeden z ambasador\u016f.&nbsp;&nbsp;&nbsp;&nbsp;&nbsp;&nbsp;&nbsp;&nbsp;&nbsp;&nbsp;&nbsp;&nbsp;&nbsp;&nbsp;&nbsp;&nbsp;&nbsp;&nbsp;&nbsp;&nbsp;&nbsp;&nbsp;&nbsp;&nbsp;&nbsp;&nbsp;&nbsp;&nbsp;&nbsp;&nbsp;&nbsp;&nbsp;&nbsp;&nbsp;&nbsp;&nbsp;&nbsp;&nbsp;&nbsp;&nbsp;&nbsp;&nbsp;&nbsp;&nbsp;&nbsp;&nbsp;&nbsp;&nbsp;&nbsp;&nbsp;<\/p>\n\n\n\n<p class=\"wp-block-paragraph\">MUDr. Pavel Jel\u00ednek \u2013 1. m\u00edstop\u0159edseda KC Slavia Praha, sportovn\u00ed l\u00e9ka\u0159 a ortoped.&nbsp;&nbsp;&nbsp;&nbsp;&nbsp;<\/p>\n\n\n\n<p class=\"wp-block-paragraph\">Mgr. Lenka Jel\u00ednkov\u00e1 \u2013 fyzioterapeutka, specialistka LPV SpOrto a LPV Fyzio.&nbsp;&nbsp;&nbsp;&nbsp;&nbsp;&nbsp;&nbsp;&nbsp;&nbsp;&nbsp;&nbsp;&nbsp;&nbsp;&nbsp;&nbsp;&nbsp;&nbsp;&nbsp;&nbsp;&nbsp;&nbsp;&nbsp;&nbsp;<\/p>\n\n\n\n<p class=\"wp-block-paragraph\">Alexander Toman \u2013 mechanik akademie se zku\u0161enostmi z UCI z\u00e1vod\u016f v\u010detn\u011b MS.<\/p>\n\n\n\n<p class=\"wp-block-paragraph\">Bc. Petr \u010c\u00e1p \u2013 duchovn\u00ed otec akademie, m\u00edstop\u0159edseda KC Slavia Praha, z\u00e1stupce Isostaru.<\/p>\n\n\n\n<p class=\"wp-block-paragraph\"><strong>Partnery akce jsou:<\/strong><\/p>\n\n\n\n<p class=\"wp-block-paragraph\">Isostar &#8211; zaji\u0161tuje volnou konzumaci sv\u00fdch p\u0159\u00edpravk\u016f po celou dobu akce a pro v\u0161echny \u00fa\u010dastn\u00edky 20% slevu na n\u00e1kup v&nbsp; e-shopu + ceny v tombole.&nbsp;<\/p>\n\n\n\n<p class=\"wp-block-paragraph\">Klub cyklist\u016f Slavia Praha z.s.\u2013 zaji\u0161\u0165uje tren\u00e9ra, l\u00e9ka\u0159e a mechanika.&nbsp;&nbsp;&nbsp;&nbsp;<\/p>\n\n\n\n<p class=\"wp-block-paragraph\">Cyklostar \u2013 po dobu akce zaji\u0161\u0165uje \u010dist\u00edc\u00ed a mazac\u00ed prost\u0159edky pro va\u0161e kolo + ceny v tombole.&nbsp;<\/p>\n\n\n\n<p class=\"wp-block-paragraph\">Rouvy&nbsp; \u2013 m\u011bs\u00ed\u010dn\u00ed odb\u011br produkt\u016f pro v\u0161echny \u00fa\u010dastn\u00edky + ceny v tombole.&nbsp;<\/p>\n\n\n\n<p class=\"wp-block-paragraph\">L&#8217;Etape Czech Republic by Tour de France \u2013 doprovod p\u0159i ned\u011bln\u00ed j\u00edzd\u011b + ceny v tombole.<\/p>\n\n\n\n<p class=\"wp-block-paragraph\">Wellness hotel a minipivovar Kn\u011b\u017e\u00ednek \u2013 ubytov\u00e1n\u00ed a stravov\u00e1n\u00ed v hotelu a p\u0159ilehl\u00e9m kempu.<\/p>\n\n\n\n<p class=\"wp-block-paragraph\"><strong>Na soust\u0159ed\u011bn\u00ed se m\u016f\u017eete p\u0159ihl\u00e1sit pomoc\u00ed t\u011bchto webov\u00fdch str\u00e1nek<\/strong>: <a href=\"http:\/\/www.isostar.cz\/isostar-cycling-academy\" data-type=\"link\" data-id=\"www.isostar.cz\/isostar-cycling-academy\">ISOSTAR<\/a>, <a href=\"http:\/\/www.kcslaviapraha.cz\/isostar-cycling-academy\" data-type=\"link\" data-id=\"www.kcslaviapraha.cz\/isostar-cycling-academy\">SLAVIA PRAHA<\/a> <\/p>\n\n\n\n<p class=\"wp-block-paragraph\">nebo <a href=\"http:\/\/www.letapeczech.cz\/pripravne-akce\/trenuj-jako-olympijsti-sampioni-a-mistri-sveta-zazij-cyklistickou-akademii-na-sumave\/\" data-type=\"link\" data-id=\"www.letapeczech.cz\/pripravne-akce\/trenuj-jako-olympijsti-sampioni-a-mistri-sveta-zazij-cyklistickou-akademii-na-sumave\/\">L\u00b4ETAPE CZECH REPUBLIC.<\/a><\/p>\n\n\n\n<p class=\"wp-block-paragraph\">Foto: KC Slavia Praha<\/p>\n","protected":false},"excerpt":{"rendered":"<p>Klub cyklist\u016f Slavia Praha z.s. a Isostar c.z&nbsp;zvou v\u0161echny nad\u0161ence nejen silni\u010dn\u00ed cyklistiky na jedine\u010dnou akci, kter\u00e1 nese n\u00e1zev&nbsp;Isostar cycling akademy a uskute\u010dn\u00ed se 24. \u2013 27. dubna v&nbsp;ji\u017en\u00edch \u010cech\u00e1ch. Tento projekt je zalo\u017een na spojen\u00ed p\u0159edn\u00e1\u0161ek p\u0159edn\u00edch sportovn\u00edch odborn\u00edk\u016f s tr\u00e9ninkem a ubytov\u00e1n\u00edm ve Wellness hotelu a minipivovaru Kn\u011b\u017e\u00ednek, kter\u00fd se nach\u00e1z\u00ed u stejnojmenn\u00e9ho [&hellip;]<\/p>\n","protected":false},"author":30,"featured_media":33569,"comment_status":"closed","ping_status":"open","sticky":false,"template":"","format":"standard","meta":{"footnotes":""},"categories":[2],"tags":[11],"class_list":["post-33568","post","type-post","status-publish","format-standard","has-post-thumbnail","hentry","category-novinky","tag-silnice"],"_links":{"self":[{"href":"https:\/\/www.czechcyclingfederation.com\/en\/wp-json\/wp\/v2\/posts\/33568","targetHints":{"allow":["GET"]}}],"collection":[{"href":"https:\/\/www.czechcyclingfederation.com\/en\/wp-json\/wp\/v2\/posts"}],"about":[{"href":"https:\/\/www.czechcyclingfederation.com\/en\/wp-json\/wp\/v2\/types\/post"}],"author":[{"embeddable":true,"href":"https:\/\/www.czechcyclingfederation.com\/en\/wp-json\/wp\/v2\/users\/30"}],"replies":[{"embeddable":true,"href":"https:\/\/www.czechcyclingfederation.com\/en\/wp-json\/wp\/v2\/comments?post=33568"}],"version-history":[{"count":2,"href":"https:\/\/www.czechcyclingfederation.com\/en\/wp-json\/wp\/v2\/posts\/33568\/revisions"}],"predecessor-version":[{"id":33572,"href":"https:\/\/www.czechcyclingfederation.com\/en\/wp-json\/wp\/v2\/posts\/33568\/revisions\/33572"}],"wp:featuredmedia":[{"embeddable":true,"href":"https:\/\/www.czechcyclingfederation.com\/en\/wp-json\/wp\/v2\/media\/33569"}],"wp:attachment":[{"href":"https:\/\/www.czechcyclingfederation.com\/en\/wp-json\/wp\/v2\/media?parent=33568"}],"wp:term":[{"taxonomy":"category","embeddable":true,"href":"https:\/\/www.czechcyclingfederation.com\/en\/wp-json\/wp\/v2\/categories?post=33568"},{"taxonomy":"post_tag","embeddable":true,"href":"https:\/\/www.czechcyclingfederation.com\/en\/wp-json\/wp\/v2\/tags?post=33568"}],"curies":[{"name":"wp","href":"https:\/\/api.w.org\/{rel}","templated":true}]}}