{"id":33550,"date":"2025-01-11T15:05:17","date_gmt":"2025-01-11T14:05:17","guid":{"rendered":"https:\/\/www.czechcyclingfederation.com\/?p=33550"},"modified":"2025-01-11T17:29:30","modified_gmt":"2025-01-11T16:29:30","slug":"boros-vstoupil-dalsim-titulem-do-historie-slavila-i-zemanova","status":"publish","type":"post","link":"https:\/\/www.czechcyclingfederation.com\/en\/boros-vstoupil-dalsim-titulem-do-historie-slavila-i-zemanova\/","title":{"rendered":"Boro\u0161 vstoupil dal\u0161\u00edm titulem do historie, slavila i Zemanov\u00e1"},"content":{"rendered":"\n<p><strong>Michael Boro\u0161<\/strong> (Elkov Kasper) a <strong>Krist\u00fdna Zemanov\u00e1 <\/strong>(Brilon Racing Team MB) potvrdili na cyklokrosov\u00e9m mistrovstv\u00ed republiky v\u00a0Ji\u010d\u00edn\u011b roli nejv\u011bt\u0161\u00edch favorit\u016f a z\u00edskali dal\u0161\u00ed tituly.<\/p>\n\n\n\n<p>Boro\u0161 p\u0159episoval historii, proto\u017ee zlato na dom\u00e1c\u00edm \u0161ampion\u00e1tu z\u00edskal u\u017e poosm\u00e9 a v&nbsp;historick\u00e9 tabulce o jeden titul p\u0159ekonal Zde\u0148ka \u0160tybara a Radom\u00edra \u0160im\u016fnka star\u0161\u00edho. Jednadvacetilet\u00e1 Zemanov\u00e1 brala \u010dtvrt\u00fd titul v&nbsp;\u0159ad\u011b.<\/p>\n\n\n\n<figure class=\"wp-block-image size-large\"><img loading=\"lazy\" decoding=\"async\" width=\"1024\" height=\"682\" src=\"https:\/\/www.czechcyclingfederation.com\/wp-content\/uploads\/2025\/01\/DSC02341-1024x682.jpeg\" alt=\"\" class=\"wp-image-33556\" srcset=\"https:\/\/www.czechcyclingfederation.com\/wp-content\/uploads\/2025\/01\/DSC02341-1024x682.jpeg 1024w, https:\/\/www.czechcyclingfederation.com\/wp-content\/uploads\/2025\/01\/DSC02341-300x200.jpeg 300w, https:\/\/www.czechcyclingfederation.com\/wp-content\/uploads\/2025\/01\/DSC02341-768x512.jpeg 768w, https:\/\/www.czechcyclingfederation.com\/wp-content\/uploads\/2025\/01\/DSC02341.jpeg 1280w\" sizes=\"auto, (max-width: 1024px) 100vw, 1024px\" \/><\/figure>\n\n\n\n<p>V\u00a0z\u00e1vod\u011b mu\u017esk\u00e9 elitn\u00ed kategorie odjel Boro\u0161 kr\u00e1tce po startu s\u00a0t\u00fdmov\u00fdm kolegou Jakubem Kubou. Ten pro l\u00eddra Elkov Kasper v\u00a0prvn\u00edm kole odvedl spoustu pr\u00e1ce a od druh\u00e9ho u\u017e Boro\u0161 pokra\u010doval na \u010dele s\u00e1m. Sv\u016fj n\u00e1skok bezpe\u010dn\u011b kontroloval a\u017e do c\u00edle.<br><br><em>\u201eJsem moc r\u00e1d za ten osm\u00fd titul, splnil jsem si c\u00edl. \u017d\u00e1dn\u00e9 v\u00edt\u011bzstv\u00ed nen\u00ed snadn\u00e9. P\u0159ekonat<br>takov\u00e1 velk\u00e1 jm\u00e9na je skv\u011bl\u00e9, i kdy\u017e oni to dok\u00e1zali v\u00a0jin\u00e9 dob\u011b, kdy byla konkurence o n\u011bco v\u011bt\u0161\u00ed. Nebylo to \u00fapln\u011b jednoduch\u00e9 na tom povrchu. Moc jsem si to neu\u017e\u00edval, tra\u0165 byla dost uklouzan\u00e1. Sna\u017eil jsem se neud\u011blat zbyte\u010dnou chybu, a to se povedlo,\u201c <\/em>prozradil po z\u00e1vod\u011b Boro\u0161. St\u0159\u00edbro vybojoval V\u00e1clav Je\u017eek a bronz Boro\u0161\u016fv st\u00e1jov\u00fd kolega J. \u0164oupal\u00edk.<\/p>\n\n\n\n<figure class=\"wp-block-image size-large\"><img loading=\"lazy\" decoding=\"async\" width=\"1024\" height=\"682\" src=\"https:\/\/www.czechcyclingfederation.com\/wp-content\/uploads\/2025\/01\/DSC02497-1024x682.jpeg\" alt=\"\" class=\"wp-image-33558\" srcset=\"https:\/\/www.czechcyclingfederation.com\/wp-content\/uploads\/2025\/01\/DSC02497-1024x682.jpeg 1024w, https:\/\/www.czechcyclingfederation.com\/wp-content\/uploads\/2025\/01\/DSC02497-300x200.jpeg 300w, https:\/\/www.czechcyclingfederation.com\/wp-content\/uploads\/2025\/01\/DSC02497-768x512.jpeg 768w, https:\/\/www.czechcyclingfederation.com\/wp-content\/uploads\/2025\/01\/DSC02497.jpeg 1280w\" sizes=\"auto, (max-width: 1024px) 100vw, 1024px\" \/><\/figure>\n\n\n\n<p>Zemanov\u00e1 nedala mezi \u017eenami soupe\u0159k\u00e1m od za\u010d\u00e1tku \u0161anci a splnila si c\u00edl<em>. \u201eTitul je pro m\u011b moc cenn\u00fd po t\u011bch v\u0161ech probl\u00e9mech v&nbsp;sezon\u011b. Jsem r\u00e1da, \u017ee se mi vyhnuly technick\u00e9 probl\u00e9my a zvl\u00e1dla jsem to v\u00fdborn\u011b. Sna\u017eila jsem se jet, co to d\u00e1, a ned\u011blat chyby. Moc jsem jich na\u0161t\u011bst\u00ed neud\u011blala, tak\u017ee jsem spokojena,\u201c <\/em>\u0159ekla Zemanov\u00e1, kter\u00e1 t\u00edmto z\u00e1vodem kon\u010d\u00ed cyklokrosovou sezonu. Na mistrovstv\u00ed sv\u011bta kv\u016fli n\u00e1sledk\u016fm covidu, kter\u00fd prod\u011blala na podzim, necestuje.<\/p>\n\n\n\n<figure class=\"wp-block-image size-large\"><img loading=\"lazy\" decoding=\"async\" width=\"1024\" height=\"682\" src=\"https:\/\/www.czechcyclingfederation.com\/wp-content\/uploads\/2025\/01\/DSC01278-1-1024x682.jpeg\" alt=\"\" class=\"wp-image-33562\" srcset=\"https:\/\/www.czechcyclingfederation.com\/wp-content\/uploads\/2025\/01\/DSC01278-1-1024x682.jpeg 1024w, https:\/\/www.czechcyclingfederation.com\/wp-content\/uploads\/2025\/01\/DSC01278-1-300x200.jpeg 300w, https:\/\/www.czechcyclingfederation.com\/wp-content\/uploads\/2025\/01\/DSC01278-1-768x512.jpeg 768w, https:\/\/www.czechcyclingfederation.com\/wp-content\/uploads\/2025\/01\/DSC01278-1.jpeg 1280w\" sizes=\"auto, (max-width: 1024px) 100vw, 1024px\" \/><\/figure>\n\n\n\n<p>Mezi juniory trumfoval nejv\u011bt\u0161\u00ed favorit <strong>Kry\u0161tof Ba\u017eant<\/strong> (Cyklostar Pirelli), kter\u00fd si zasn\u011b\u017eenou tra\u0165 u\u017e\u00edval. <em>\u201eJelo se mi v\u00fdborn\u011b. Jsem na tyhle podm\u00ednky zvykl\u00fd, proto\u017ee poch\u00e1z\u00edm z&nbsp;Jizersk\u00fdch hor a hodn\u011b ve sn\u011bhu tr\u00e9nuju. Zima mi taky v\u016fbec nevadila. Sna\u017eil jsem se jet od za\u010d\u00e1tku naplno a vy\u0161lo to na jedni\u010dku,\u201c<\/em> uvedl juniorsk\u00fd \u0161ampi\u00f3n. Titul v&nbsp;kategorii juniorek z\u00edskala Lucie Grohov\u00e1 (Dukla Praha).<\/p>\n\n\n\n<p><strong>V\u00fdsledky \u2013 mu\u017ei: <\/strong>1. Boro\u0161 (Elkov Kasper) 58:31, 2. Je\u017eek (Brilon Racing Team MB) +20, 3. J. \u0164oupal\u00edk (Elkov Kasper) +22, 4. Kerl (Auto \u0160koda Mlad\u00e1 Boleslav) +23, 5. Jind\u0159ich (\u010cEZ Cykloteam T\u00e1bor) +1:36, 6. Kuba (Elkov Kasper) +1:50.<\/p>\n\n\n\n<p><strong>\u017deny: <\/strong>1. Zemanov\u00e1 (Brilon Racing Team MB) 52:08, 2. Doud\u011brov\u00e1 (Dukla Praha) +58, 3. Sp\u011b\u0161n\u00e1 (Massi) +1:16, 4. Van\u00ed\u010dkov\u00e1 +2:10, 5. Je\u0159\u00e1bkov\u00e1 (ob\u011b Brilon Racing Team MB) +2:32.<\/p>\n\n\n\n<p><strong>Junio\u0159i: <\/strong>1. Ba\u017eant (Cyklostar Pirelli) 33:40, 2. John +17, 3. Svoboda (oba Brilon Racing Team MB) +20.<\/p>\n\n\n\n<p><strong>Juniorky: <\/strong>1. Grohov\u00e1 (Dukla Praha) 36:59, 2. Bukovsk\u00e1 (DK Bikeshop Racing Team) +19, 3. Vikov\u00e1 (Dukla Praha) +1:14.<\/p>\n\n\n\n<p>Foto: Filip Bezd\u011bk<\/p>\n","protected":false},"excerpt":{"rendered":"<p>Michael Boro\u0161 (Elkov Kasper) a Krist\u00fdna Zemanov\u00e1 (Brilon Racing Team MB) potvrdili na cyklokrosov\u00e9m mistrovstv\u00ed republiky v\u00a0Ji\u010d\u00edn\u011b roli nejv\u011bt\u0161\u00edch favorit\u016f a z\u00edskali dal\u0161\u00ed tituly. Boro\u0161 p\u0159episoval historii, proto\u017ee zlato na dom\u00e1c\u00edm \u0161ampion\u00e1tu z\u00edskal u\u017e poosm\u00e9 a v&nbsp;historick\u00e9 tabulce o jeden titul p\u0159ekonal Zde\u0148ka \u0160tybara a Radom\u00edra \u0160im\u016fnka star\u0161\u00edho. Jednadvacetilet\u00e1 Zemanov\u00e1 brala \u010dtvrt\u00fd titul v&nbsp;\u0159ad\u011b. V\u00a0z\u00e1vod\u011b [&hellip;]<\/p>\n","protected":false},"author":15,"featured_media":33554,"comment_status":"closed","ping_status":"open","sticky":false,"template":"","format":"standard","meta":{"footnotes":""},"categories":[58,2],"tags":[59],"class_list":["post-33550","post","type-post","status-publish","format-standard","has-post-thumbnail","hentry","category-cyklokros","category-novinky","tag-cyklokros"],"_links":{"self":[{"href":"https:\/\/www.czechcyclingfederation.com\/en\/wp-json\/wp\/v2\/posts\/33550","targetHints":{"allow":["GET"]}}],"collection":[{"href":"https:\/\/www.czechcyclingfederation.com\/en\/wp-json\/wp\/v2\/posts"}],"about":[{"href":"https:\/\/www.czechcyclingfederation.com\/en\/wp-json\/wp\/v2\/types\/post"}],"author":[{"embeddable":true,"href":"https:\/\/www.czechcyclingfederation.com\/en\/wp-json\/wp\/v2\/users\/15"}],"replies":[{"embeddable":true,"href":"https:\/\/www.czechcyclingfederation.com\/en\/wp-json\/wp\/v2\/comments?post=33550"}],"version-history":[{"count":4,"href":"https:\/\/www.czechcyclingfederation.com\/en\/wp-json\/wp\/v2\/posts\/33550\/revisions"}],"predecessor-version":[{"id":33564,"href":"https:\/\/www.czechcyclingfederation.com\/en\/wp-json\/wp\/v2\/posts\/33550\/revisions\/33564"}],"wp:featuredmedia":[{"embeddable":true,"href":"https:\/\/www.czechcyclingfederation.com\/en\/wp-json\/wp\/v2\/media\/33554"}],"wp:attachment":[{"href":"https:\/\/www.czechcyclingfederation.com\/en\/wp-json\/wp\/v2\/media?parent=33550"}],"wp:term":[{"taxonomy":"category","embeddable":true,"href":"https:\/\/www.czechcyclingfederation.com\/en\/wp-json\/wp\/v2\/categories?post=33550"},{"taxonomy":"post_tag","embeddable":true,"href":"https:\/\/www.czechcyclingfederation.com\/en\/wp-json\/wp\/v2\/tags?post=33550"}],"curies":[{"name":"wp","href":"https:\/\/api.w.org\/{rel}","templated":true}]}}