{"id":33528,"date":"2025-01-09T18:16:20","date_gmt":"2025-01-09T17:16:20","guid":{"rendered":"https:\/\/www.czechcyclingfederation.com\/?p=33528"},"modified":"2025-01-09T18:16:23","modified_gmt":"2025-01-09T17:16:23","slug":"kral-cyklistiky-2024-bude-vyhlasen-5-unora","status":"publish","type":"post","link":"https:\/\/www.czechcyclingfederation.com\/en\/kral-cyklistiky-2024-bude-vyhlasen-5-unora\/","title":{"rendered":"Kr\u00e1l cyklistiky 2024 bude vyhl\u00e1\u0161en 5. \u00fanora"},"content":{"rendered":"\n<p>Ve st\u0159edu 5. \u00fanora v&nbsp;prostor\u00e1ch Ski a Bike Centra v&nbsp;pra\u017esk\u00e9m Radot\u00edn\u011b bude vyhl\u00e1\u0161en jubilejn\u00ed 60. Kr\u00e1l \u010desk\u00e9 cyklistiky. Novin\u00e1\u0159i, tren\u00e9\u0159i a funkcion\u00e1\u0159i rozhodnou v presti\u017en\u00ed anket\u011b \u010cesk\u00e9ho svazu cyklistiky sv\u00fdmi hlasy o tom, kdo z\u00edsk\u00e1 korunu pro Kr\u00e1le za rok 2024. P\u0159\u00edm\u00fd p\u0159enos z&nbsp;p\u0159ed\u00e1v\u00e1n\u00ed bude ji\u017e tradi\u010dn\u011b odvys\u00edl\u00e1n \u017eiv\u011b na kan\u00e1le \u010cT Sport od 20:15.<\/p>\n\n\n\n<p>P\u0159edchoz\u00ed 59. ro\u010dn\u00edk ankety ovl\u00e1dla cyklokrosa\u0159ka Krist\u00fdna Zemanov\u00e1, kter\u00e1 v&nbsp;absolutn\u00edm po\u0159ad\u00ed triumfovala p\u0159ed Martinem Sto\u0161kem a Ivetou Miculy\u010dovou. A stala se druhou \u017eenou v&nbsp;\u0159ad\u011b za sebou, kter\u00e1 Kr\u00e1le cyklistiky vyhr\u00e1la, proto\u017ee rok p\u0159ed n\u00ed zv\u00edt\u011bzila Miculy\u010dov\u00e1.<\/p>\n\n\n\n<figure class=\"wp-block-image size-large\"><img loading=\"lazy\" decoding=\"async\" width=\"1024\" height=\"683\" src=\"https:\/\/www.czechcyclingfederation.com\/wp-content\/uploads\/2025\/01\/Zemanova-2-Kral-cyklistiky-2023_038-1024x683.jpg\" alt=\"\" class=\"wp-image-33533\" srcset=\"https:\/\/www.czechcyclingfederation.com\/wp-content\/uploads\/2025\/01\/Zemanova-2-Kral-cyklistiky-2023_038-1024x683.jpg 1024w, https:\/\/www.czechcyclingfederation.com\/wp-content\/uploads\/2025\/01\/Zemanova-2-Kral-cyklistiky-2023_038-300x200.jpg 300w, https:\/\/www.czechcyclingfederation.com\/wp-content\/uploads\/2025\/01\/Zemanova-2-Kral-cyklistiky-2023_038-768x512.jpg 768w, https:\/\/www.czechcyclingfederation.com\/wp-content\/uploads\/2025\/01\/Zemanova-2-Kral-cyklistiky-2023_038-1536x1025.jpg 1536w, https:\/\/www.czechcyclingfederation.com\/wp-content\/uploads\/2025\/01\/Zemanova-2-Kral-cyklistiky-2023_038-2048x1366.jpg 2048w, https:\/\/www.czechcyclingfederation.com\/wp-content\/uploads\/2025\/01\/Zemanova-2-Kral-cyklistiky-2023_038-1320x880.jpg 1320w\" sizes=\"auto, (max-width: 1024px) 100vw, 1024px\" \/><\/figure>\n\n\n\n<p>I lo\u0148sk\u00fd rok byl bohat\u00fd na \u010desk\u00e9 cyklistick\u00e9 \u00fasp\u011bchy, tak\u017ee odborn\u00edci ur\u010dit\u011b budou m\u00edt p\u0159i hlasov\u00e1n\u00ed z&nbsp;\u010deho vyb\u00edrat. Jen na z\u00e1vodech mistrovstv\u00ed Evropy a mistrovstv\u00ed sv\u011bta z\u00edskali \u010de\u0161t\u00ed reprezentanti 26 cenn\u00fdch kov\u016f a k&nbsp;tomu zaznamenali \u0159adu dal\u0161\u00ed d\u00edl\u010d\u00edch \u00fasp\u011bch\u016f jak na dom\u00e1c\u00ed, tak na zahrani\u010dn\u00ed sc\u00e9n\u011b.<\/p>\n\n\n\n<p>Krom\u011b Kr\u00e1le cyklistiky budou vyhl\u00e1\u0161eny i d\u00edl\u010d\u00ed ankety: junior a juniorka roku, plus nejlep\u0161\u00ed v&nbsp;ka\u017ed\u00e9 discipl\u00edn\u011b (mu\u017e, \u017eena, junior, juniorka a tak\u00e9 absolutn\u00ed v\u00edt\u011bz discipl\u00edny). Jedna osobnost bude z\u00e1rove\u0148 uvedena do S\u00edn\u011b sl\u00e1vy.<\/p>\n\n\n\n<p>Hlavn\u00edmi partnery galave\u010dera ve\u010dera jsou spole\u010dnost \u0160KODA AUTO a.s. \u2013 gener\u00e1ln\u00ed partner \u010cesk\u00e9ho svazu cyklistiky, spole\u010dnost Sazka a.s. \u2013 exkluzivn\u00ed partner \u010cesk\u00e9ho svazu cyklistiky a N\u00e1rodn\u00ed sportovn\u00ed agentura \u2013 institucion\u00e1ln\u00ed partner \u010cesk\u00e9ho svazu cyklistiky.<\/p>\n\n\n\n<p>Slavnostn\u00edm ve\u010derem bude prov\u00e1zat koment\u00e1tor \u010cT Sport Tom\u00e1\u0161 J\u00edlek.<\/p>\n\n\n\n<p>Foto: Michal \u010cerven\u00fd<\/p>\n","protected":false},"excerpt":{"rendered":"<p>Ve st\u0159edu 5. \u00fanora v&nbsp;prostor\u00e1ch Ski a Bike Centra v&nbsp;pra\u017esk\u00e9m Radot\u00edn\u011b bude vyhl\u00e1\u0161en jubilejn\u00ed 60. Kr\u00e1l \u010desk\u00e9 cyklistiky. Novin\u00e1\u0159i, tren\u00e9\u0159i a funkcion\u00e1\u0159i rozhodnou v presti\u017en\u00ed anket\u011b \u010cesk\u00e9ho svazu cyklistiky sv\u00fdmi hlasy o tom, kdo z\u00edsk\u00e1 korunu pro Kr\u00e1le za rok 2024. P\u0159\u00edm\u00fd p\u0159enos z&nbsp;p\u0159ed\u00e1v\u00e1n\u00ed bude ji\u017e tradi\u010dn\u011b odvys\u00edl\u00e1n \u017eiv\u011b na kan\u00e1le \u010cT Sport od 20:15. [&hellip;]<\/p>\n","protected":false},"author":15,"featured_media":33529,"comment_status":"closed","ping_status":"open","sticky":false,"template":"","format":"standard","meta":{"footnotes":""},"categories":[2,1],"tags":[131],"class_list":["post-33528","post","type-post","status-publish","format-standard","has-post-thumbnail","hentry","category-novinky","category-uncategorized-cs","tag-kral-cyklistiky"],"_links":{"self":[{"href":"https:\/\/www.czechcyclingfederation.com\/en\/wp-json\/wp\/v2\/posts\/33528","targetHints":{"allow":["GET"]}}],"collection":[{"href":"https:\/\/www.czechcyclingfederation.com\/en\/wp-json\/wp\/v2\/posts"}],"about":[{"href":"https:\/\/www.czechcyclingfederation.com\/en\/wp-json\/wp\/v2\/types\/post"}],"author":[{"embeddable":true,"href":"https:\/\/www.czechcyclingfederation.com\/en\/wp-json\/wp\/v2\/users\/15"}],"replies":[{"embeddable":true,"href":"https:\/\/www.czechcyclingfederation.com\/en\/wp-json\/wp\/v2\/comments?post=33528"}],"version-history":[{"count":3,"href":"https:\/\/www.czechcyclingfederation.com\/en\/wp-json\/wp\/v2\/posts\/33528\/revisions"}],"predecessor-version":[{"id":33535,"href":"https:\/\/www.czechcyclingfederation.com\/en\/wp-json\/wp\/v2\/posts\/33528\/revisions\/33535"}],"wp:featuredmedia":[{"embeddable":true,"href":"https:\/\/www.czechcyclingfederation.com\/en\/wp-json\/wp\/v2\/media\/33529"}],"wp:attachment":[{"href":"https:\/\/www.czechcyclingfederation.com\/en\/wp-json\/wp\/v2\/media?parent=33528"}],"wp:term":[{"taxonomy":"category","embeddable":true,"href":"https:\/\/www.czechcyclingfederation.com\/en\/wp-json\/wp\/v2\/categories?post=33528"},{"taxonomy":"post_tag","embeddable":true,"href":"https:\/\/www.czechcyclingfederation.com\/en\/wp-json\/wp\/v2\/tags?post=33528"}],"curies":[{"name":"wp","href":"https:\/\/api.w.org\/{rel}","templated":true}]}}