{"id":33478,"date":"2024-12-28T12:46:11","date_gmt":"2024-12-28T11:46:11","guid":{"rendered":"https:\/\/www.czechcyclingfederation.com\/?p=33478"},"modified":"2024-12-28T12:46:14","modified_gmt":"2024-12-28T11:46:14","slug":"bazant-se-vratil-a-hned-vyhral","status":"publish","type":"post","link":"https:\/\/www.czechcyclingfederation.com\/en\/bazant-se-vratil-a-hned-vyhral\/","title":{"rendered":"Ba\u017eant se vr\u00e1til a hned vyhr\u00e1l"},"content":{"rendered":"\n<p>V\u00edt\u011bzn\u011b se vr\u00e1til do koloto\u010de z\u00e1vod\u016f po dvoum\u011bs\u00ed\u010dn\u00ed pauze majitel bronzu z&nbsp;leto\u0161n\u00edho cyklokrosov\u00e9ho mistrovstv\u00ed sv\u011bta v&nbsp;T\u00e1bo\u0159e <strong>Kry\u0161tof Ba\u017eant<\/strong>. Ovl\u00e1dl toti\u017e z\u00e1vod I. kategorie UCI v belgick\u00e9m Loenhoutu.<\/p>\n\n\n\n<p>Posledn\u00ed z\u00e1vod absolvoval Ba\u017eant na konci \u0159\u00edjna v Kol\u00edn\u011b, pot\u00e9 dostal z\u00e1pal plic a teprve nyn\u00ed vstoupil do hlavn\u00ed \u010d\u00e1sti krosov\u00e9 sezony. Po startu v Loenhoutu ho \u010dek\u00e1 29. prosince Sv\u011btov\u00fd poh\u00e1r ve francouzsk\u00e9m Besanconu.<\/p>\n\n\n\n<p><em>\u201eBral jsem to hlavn\u011b jako z\u00e1vod na rozjet\u00ed p\u0159ed Sv\u011btov\u00fdm poh\u00e1rem a vy\u0161lo to na jedni\u010dku. Po dvou m\u011bs\u00edc\u00edch pauzy byl v\u00fdkon podle o\u010dek\u00e1v\u00e1n\u00ed, nicm\u00e9n\u011b do dal\u0161\u00edch start\u016f \u010dek\u00e1m je\u0161t\u011b zlep\u0161en\u00ed, proto\u017ee t\u011blo ji\u017e bude v\u011bd\u011bt, jak vypad\u00e1 z\u00e1vodn\u00ed nasazen\u00ed,\u201c<\/em> \u0159ekl Ba\u017eant.<\/p>\n\n\n\n<p>Z\u00e1vod v&nbsp;Loenhoutu byl i prvn\u00edm soubojem hv\u011bzdn\u00e9 dvojice Mathieu van der Poel \u2013 Wout van Aert v&nbsp;t\u00e9to sezon\u011b. Ani ve sv\u00e9m \u010dtvrt\u00e9m startu nena\u0161el van der Poel p\u0159emo\u017eitele, van Aert bojoval o druh\u00e9 m\u00edsto, ale po p\u00e1du v&nbsp;posledn\u00edm kole ztratil a skon\u010dil a\u017e \u010dtvrt\u00fd.<\/p>\n\n\n\n<p><strong>V\u00fdsledky \u2013 mu\u017ei:<\/strong> 1. van der Pol (Niz.) 58:11, 2. Nys +14, 3. Sweeck +15, 4. van Aert +36, 5. Vandeputte +1:09, 6. Adams (v\u0161ichni Belg.) +1:15.<\/p>\n\n\n\n<p><strong>\u017deny:<\/strong> 1. Norbert-Ribolleov\u00e1 48:49, 2. Cantov\u00e1 +23, 3. Wolfoov\u00e1 (Brit.) +50, &#8230; <strong>32. Sp\u011b\u0161n\u00e1<\/strong> (\u010cR) +5:08.<\/p>\n\n\n\n<p><strong>Junio\u0159i:<\/strong> 1. Ba\u017eant (\u010cR) 44:02, 2. Pezzo Rosola (It.) +5, 3. Amey (Brit.) +10.<\/p>\n\n\n\n<p>Foto: Jan Brychta<\/p>\n","protected":false},"excerpt":{"rendered":"<p>V\u00edt\u011bzn\u011b se vr\u00e1til do koloto\u010de z\u00e1vod\u016f po dvoum\u011bs\u00ed\u010dn\u00ed pauze majitel bronzu z&nbsp;leto\u0161n\u00edho cyklokrosov\u00e9ho mistrovstv\u00ed sv\u011bta v&nbsp;T\u00e1bo\u0159e Kry\u0161tof Ba\u017eant. Ovl\u00e1dl toti\u017e z\u00e1vod I. kategorie UCI v belgick\u00e9m Loenhoutu. Posledn\u00ed z\u00e1vod absolvoval Ba\u017eant na konci \u0159\u00edjna v Kol\u00edn\u011b, pot\u00e9 dostal z\u00e1pal plic a teprve nyn\u00ed vstoupil do hlavn\u00ed \u010d\u00e1sti krosov\u00e9 sezony. Po startu v Loenhoutu ho \u010dek\u00e1 [&hellip;]<\/p>\n","protected":false},"author":15,"featured_media":28669,"comment_status":"closed","ping_status":"open","sticky":false,"template":"","format":"standard","meta":{"footnotes":""},"categories":[2],"tags":[59],"class_list":["post-33478","post","type-post","status-publish","format-standard","has-post-thumbnail","hentry","category-novinky","tag-cyklokros"],"_links":{"self":[{"href":"https:\/\/www.czechcyclingfederation.com\/en\/wp-json\/wp\/v2\/posts\/33478","targetHints":{"allow":["GET"]}}],"collection":[{"href":"https:\/\/www.czechcyclingfederation.com\/en\/wp-json\/wp\/v2\/posts"}],"about":[{"href":"https:\/\/www.czechcyclingfederation.com\/en\/wp-json\/wp\/v2\/types\/post"}],"author":[{"embeddable":true,"href":"https:\/\/www.czechcyclingfederation.com\/en\/wp-json\/wp\/v2\/users\/15"}],"replies":[{"embeddable":true,"href":"https:\/\/www.czechcyclingfederation.com\/en\/wp-json\/wp\/v2\/comments?post=33478"}],"version-history":[{"count":1,"href":"https:\/\/www.czechcyclingfederation.com\/en\/wp-json\/wp\/v2\/posts\/33478\/revisions"}],"predecessor-version":[{"id":33479,"href":"https:\/\/www.czechcyclingfederation.com\/en\/wp-json\/wp\/v2\/posts\/33478\/revisions\/33479"}],"wp:featuredmedia":[{"embeddable":true,"href":"https:\/\/www.czechcyclingfederation.com\/en\/wp-json\/wp\/v2\/media\/28669"}],"wp:attachment":[{"href":"https:\/\/www.czechcyclingfederation.com\/en\/wp-json\/wp\/v2\/media?parent=33478"}],"wp:term":[{"taxonomy":"category","embeddable":true,"href":"https:\/\/www.czechcyclingfederation.com\/en\/wp-json\/wp\/v2\/categories?post=33478"},{"taxonomy":"post_tag","embeddable":true,"href":"https:\/\/www.czechcyclingfederation.com\/en\/wp-json\/wp\/v2\/tags?post=33478"}],"curies":[{"name":"wp","href":"https:\/\/api.w.org\/{rel}","templated":true}]}}