{"id":33460,"date":"2024-12-22T19:35:37","date_gmt":"2024-12-22T18:35:37","guid":{"rendered":"https:\/\/www.czechcyclingfederation.com\/?p=33460"},"modified":"2024-12-22T19:35:40","modified_gmt":"2024-12-22T18:35:40","slug":"bukovska-treti-na-sp-v-zonhovenu-van-der-poel-promenil-prvni-start-ve-vitezstvi","status":"publish","type":"post","link":"https:\/\/www.czechcyclingfederation.com\/en\/bukovska-treti-na-sp-v-zonhovenu-van-der-poel-promenil-prvni-start-ve-vitezstvi\/","title":{"rendered":"Bukovsk\u00e1 t\u0159et\u00ed na SP v\u00a0Zonhovenu, van der Poel prom\u011bnil prvn\u00ed start ve v\u00edt\u011bzstv\u00ed"},"content":{"rendered":"\n<p>Cyklokrosa\u0159ka <strong>Barbora Bukovsk\u00e1 <\/strong>nav\u00e1zala na Sv\u011btov\u00e9m poh\u00e1ru v belgick\u00e9m Zonhovenu na druh\u00e9 m\u00edsto ze sobotn\u00edho z\u00e1vodu v\u00a0Hulstu a na t\u011b\u017ek\u00e9 trati skon\u010dila mezi juniorkami t\u0159et\u00ed. Stejn\u00e1 p\u0159\u00ed\u010dka j\u00ed pat\u0159\u00ed i v\u00a0pr\u016fb\u011b\u017en\u00e9m hodnocen\u00ed seri\u00e1lu.<\/p>\n\n\n\n<figure class=\"wp-block-image size-large\"><img loading=\"lazy\" decoding=\"async\" width=\"1024\" height=\"683\" src=\"https:\/\/www.czechcyclingfederation.com\/wp-content\/uploads\/2024\/12\/bukovska-zonhoven-2-1024x683.jpg\" alt=\"\" class=\"wp-image-33464\" srcset=\"https:\/\/www.czechcyclingfederation.com\/wp-content\/uploads\/2024\/12\/bukovska-zonhoven-2-1024x683.jpg 1024w, https:\/\/www.czechcyclingfederation.com\/wp-content\/uploads\/2024\/12\/bukovska-zonhoven-2-300x200.jpg 300w, https:\/\/www.czechcyclingfederation.com\/wp-content\/uploads\/2024\/12\/bukovska-zonhoven-2-768x512.jpg 768w, https:\/\/www.czechcyclingfederation.com\/wp-content\/uploads\/2024\/12\/bukovska-zonhoven-2-1536x1024.jpg 1536w, https:\/\/www.czechcyclingfederation.com\/wp-content\/uploads\/2024\/12\/bukovska-zonhoven-2-2048x1365.jpg 2048w, https:\/\/www.czechcyclingfederation.com\/wp-content\/uploads\/2024\/12\/bukovska-zonhoven-2-1320x880.jpg 1320w\" sizes=\"auto, (max-width: 1024px) 100vw, 1024px\" \/><\/figure>\n\n\n\n<p>Hned ve sv\u00e9m prvn\u00edm startu v\u00a0t\u00e9to sezon\u011b zaz\u00e1\u0159il \u0161estin\u00e1sobn\u00fd mistr sv\u011bta <strong>Mathieu van der Poel<\/strong> z\u00a0Nizozemska. Z\u00e1vod vyhr\u00e1l naprosto suver\u00e9nn\u011b, kdy\u017e hned po startu soupe\u0159\u016fm odjel a druh\u00fd Belgi\u010dan <strong>Thibaut Nys<\/strong> na n\u011bj ztratil minutu a p\u016fl. Jedin\u00fd \u010desk\u00fd z\u00e1stupce v\u00a0z\u00e1vod\u011b mu\u017esk\u00e9 elity <strong>Michael Boro\u0161<\/strong> skon\u010dil \u0161estn\u00e1ct\u00fd.<\/p>\n\n\n\n<p><em>\u201eTakhle dobr\u00e9 jsem to ne\u010dekal, ale c\u00edtil jsem se od startu v pohod\u011b. A \u017ee jsem jel celou dobu s\u00e1m, mi nijak nevad\u00ed. Jsem na to docela zvykl\u00fd. Letos jsem trochu zm\u011bnil p\u0159\u00edpravu, abych \u0161el do krosu \u010derstv\u011bj\u0161\u00ed. A hodn\u011b mi nahr\u00e1la t\u011b\u017ek\u00e1 tra\u0165, proto\u017ee to bylo vylo\u017een\u011b na s\u00edlu,\u201c<\/em> \u0159ekl van der Poel.<\/p>\n\n\n\n<figure class=\"wp-block-image size-large\"><img loading=\"lazy\" decoding=\"async\" width=\"1024\" height=\"683\" src=\"https:\/\/www.czechcyclingfederation.com\/wp-content\/uploads\/2024\/12\/mathieu-1024x683.jpg\" alt=\"\" class=\"wp-image-33466\" srcset=\"https:\/\/www.czechcyclingfederation.com\/wp-content\/uploads\/2024\/12\/mathieu-1024x683.jpg 1024w, https:\/\/www.czechcyclingfederation.com\/wp-content\/uploads\/2024\/12\/mathieu-300x200.jpg 300w, https:\/\/www.czechcyclingfederation.com\/wp-content\/uploads\/2024\/12\/mathieu-768x512.jpg 768w, https:\/\/www.czechcyclingfederation.com\/wp-content\/uploads\/2024\/12\/mathieu-1536x1025.jpg 1536w, https:\/\/www.czechcyclingfederation.com\/wp-content\/uploads\/2024\/12\/mathieu-1320x880.jpg 1320w, https:\/\/www.czechcyclingfederation.com\/wp-content\/uploads\/2024\/12\/mathieu.jpg 2048w\" sizes=\"auto, (max-width: 1024px) 100vw, 1024px\" \/><\/figure>\n\n\n\n<p>V z\u00e1vod\u011b \u017eensk\u00e9 elity obsadila \u010desk\u00e1 jedni\u010dka Krist\u00fdna Zemanov\u00e1 p\u0159i n\u00e1vratu do koloto\u010de velk\u00fdch z\u00e1vod\u016f 25. m\u00edsto. Byl to pro ni prvn\u00ed Sv\u011btov\u00fd poh\u00e1r v&nbsp;sezon\u011b. Z\u00e1vod vyhr\u00e1la nizozemsk\u00e1 reprezentantka <strong>Ceylin de Carmen Alvaradov\u00e1<\/strong>.<\/p>\n\n\n\n<p class=\"has-medium-font-size\"><strong>P\u0159ehled v\u00fdsledk\u016f<\/strong><\/p>\n\n\n\n<p><strong>Mu\u017ei:<\/strong> 1. van der Poel (Niz.) 1:00:39, 2. T. Nys +1:30, 3. Wyseure +1:33, 4. Aerts (v\u0161ichni Belg.) +1:41, 5. van der Haar (Niz.) +1:47, 6. Sweeck (Belg.) +1:52, &#8230; <strong>16. Boro\u0161<\/strong> (\u010cR) +3:40. <strong>Stav SP<\/strong> po 5 z\u00e1vodech: 1. Vanthourenhout (Belg.) 140, 2. Aerts 118, 3. Iserbyt (Belg.) 102, &#8230; <strong>23.<\/strong> Boro\u0161 31.<\/p>\n\n\n\n<p><strong>\u017deny:<\/strong> 1. Alvaradov\u00e1 (Niz.) 54:11, 2. B\u00e4ckstedtov\u00e1 (Brit.) +5, 3. Brandov\u00e1 +15, 4. van der Heijdenov\u00e1 +41, 5. Pieterseov\u00e1 (v\u0161echny Niz.) +50, 6. V\u00e1sov\u00e1 (Ma\u010f.) +1:31, &#8230; <strong>25. Zemanov\u00e1<\/strong> +6:12, <strong>46. Doud\u011brov\u00e1 <\/strong>(ob\u011b \u010cR) +9:17. <strong>Stav SP<\/strong> po 5 z\u00e1vodech: 1. Brandov\u00e1 155, 2. Schreiberov\u00e1 (Luc.) 124, 3. Alvaradov\u00e1 119, &#8230; <strong>40. Zemanov\u00e1<\/strong> 1.<\/p>\n\n\n\n<p><strong>Mu\u017ei U23: <\/strong>1. Del Grosso (Niz.) 47:03, 2. Michels +37, 3. De Bruyckere (oba Belg.) +50, \u2026 <strong>19. Fiala <\/strong>+3:27, <strong>20. Je\u017eek <\/strong>+3:30, <strong>37. Hojka <\/strong>+6:28, <strong>48. Kerl <\/strong>(v\u0161. \u010cR) +8:20.<\/p>\n\n\n\n<p><strong>Junio\u0159i: <\/strong>1. Agoastinacchio (It.) 41:52, \u2026 <strong>24. Kristl <\/strong>+2:36<strong>, 39. John <\/strong>+4:13, <strong>41. H\u00e1jek <\/strong>+4:36, <strong>46. Svoboda <\/strong>(v\u0161. \u010cR) +5:00.<\/p>\n\n\n\n<p><strong>Juniorky: <\/strong>1. Carrierov\u00e1 (Kan.) 39:08, 2. Desprezov\u00e1 (Fr.) +26, <strong>3. Bukovsk\u00e1<\/strong>\u2026 <strong>7. Grohov\u00e1 <\/strong>+1:37, <strong>11. Gottwaldov\u00e1 <\/strong>+1:49, <strong>26. Vikov\u00e1 <\/strong>(v\u0161. \u010cR) +4:37. <strong>Stav SP <\/strong>po 3 z\u00e1vodech: 1. Carrierov\u00e1 105, 2. Desprezov\u00e1 85, <strong>3. Bukovsk\u00e1 <\/strong>73, <strong>10. Gottwaldov\u00e1 <\/strong>47, <strong>12. Grohov\u00e1 <\/strong>34, <strong>27. Vikov\u00e1 <\/strong>10.<\/p>\n\n\n\n<p>Foto: Filip Bezd\u011bk a UCI\/Ga\u00ebtan Flamme &#8211; SportPic Agency<\/p>\n","protected":false},"excerpt":{"rendered":"<p>Cyklokrosa\u0159ka Barbora Bukovsk\u00e1 nav\u00e1zala na Sv\u011btov\u00e9m poh\u00e1ru v belgick\u00e9m Zonhovenu na druh\u00e9 m\u00edsto ze sobotn\u00edho z\u00e1vodu v\u00a0Hulstu a na t\u011b\u017ek\u00e9 trati skon\u010dila mezi juniorkami t\u0159et\u00ed. Stejn\u00e1 p\u0159\u00ed\u010dka j\u00ed pat\u0159\u00ed i v\u00a0pr\u016fb\u011b\u017en\u00e9m hodnocen\u00ed seri\u00e1lu. Hned ve sv\u00e9m prvn\u00edm startu v\u00a0t\u00e9to sezon\u011b zaz\u00e1\u0159il \u0161estin\u00e1sobn\u00fd mistr sv\u011bta Mathieu van der Poel z\u00a0Nizozemska. Z\u00e1vod vyhr\u00e1l naprosto suver\u00e9nn\u011b, kdy\u017e hned [&hellip;]<\/p>\n","protected":false},"author":15,"featured_media":33462,"comment_status":"closed","ping_status":"open","sticky":false,"template":"","format":"standard","meta":{"footnotes":""},"categories":[2],"tags":[59],"class_list":["post-33460","post","type-post","status-publish","format-standard","has-post-thumbnail","hentry","category-novinky","tag-cyklokros"],"_links":{"self":[{"href":"https:\/\/www.czechcyclingfederation.com\/en\/wp-json\/wp\/v2\/posts\/33460","targetHints":{"allow":["GET"]}}],"collection":[{"href":"https:\/\/www.czechcyclingfederation.com\/en\/wp-json\/wp\/v2\/posts"}],"about":[{"href":"https:\/\/www.czechcyclingfederation.com\/en\/wp-json\/wp\/v2\/types\/post"}],"author":[{"embeddable":true,"href":"https:\/\/www.czechcyclingfederation.com\/en\/wp-json\/wp\/v2\/users\/15"}],"replies":[{"embeddable":true,"href":"https:\/\/www.czechcyclingfederation.com\/en\/wp-json\/wp\/v2\/comments?post=33460"}],"version-history":[{"count":3,"href":"https:\/\/www.czechcyclingfederation.com\/en\/wp-json\/wp\/v2\/posts\/33460\/revisions"}],"predecessor-version":[{"id":33469,"href":"https:\/\/www.czechcyclingfederation.com\/en\/wp-json\/wp\/v2\/posts\/33460\/revisions\/33469"}],"wp:featuredmedia":[{"embeddable":true,"href":"https:\/\/www.czechcyclingfederation.com\/en\/wp-json\/wp\/v2\/media\/33462"}],"wp:attachment":[{"href":"https:\/\/www.czechcyclingfederation.com\/en\/wp-json\/wp\/v2\/media?parent=33460"}],"wp:term":[{"taxonomy":"category","embeddable":true,"href":"https:\/\/www.czechcyclingfederation.com\/en\/wp-json\/wp\/v2\/categories?post=33460"},{"taxonomy":"post_tag","embeddable":true,"href":"https:\/\/www.czechcyclingfederation.com\/en\/wp-json\/wp\/v2\/tags?post=33460"}],"curies":[{"name":"wp","href":"https:\/\/api.w.org\/{rel}","templated":true}]}}