{"id":33442,"date":"2024-12-21T13:54:15","date_gmt":"2024-12-21T12:54:15","guid":{"rendered":"https:\/\/www.czechcyclingfederation.com\/?p=33442"},"modified":"2025-01-09T09:42:12","modified_gmt":"2025-01-09T08:42:12","slug":"eliska-hribkova-ctvrta-na-ms-mezi-elitou","status":"publish","type":"post","link":"https:\/\/www.czechcyclingfederation.com\/en\/eliska-hribkova-ctvrta-na-ms-mezi-elitou\/","title":{"rendered":"Eli\u0161ka H\u0159\u00edbkov\u00e1 \u010dtvrt\u00e1 na MS mezi elitou"},"content":{"rendered":"\n<p>V\u00fdborn\u00e9 \u010dtvrt\u00e9 m\u00edsto vybojovala \u010desk\u00e1 reprezentantka <strong>Eli\u0161ka H\u0159\u00edbkov\u00e1<\/strong> v&nbsp;\u017eensk\u00e9 elitn\u00ed kategorii na MS v&nbsp;trialu v&nbsp;Ab\u00fa Dhab\u00ed. Od t\u0159et\u00ed p\u0159\u00ed\u010dky ji v&nbsp;\u0161esti\u010dlenn\u00e9m fin\u00e1le d\u011blilo pouh\u00fdch 10 bod\u016f.<\/p>\n\n\n\n<p><em>&#8220;Skon\u010dila jsem \u010dtvrt\u00e1 u\u017e pon\u011bkolik\u00e1t\u00e9, tak douf\u00e1m, \u017ee p\u0159\u00ed\u0161t\u011b u\u017e to klapne na bednu. Na bronz chyb\u011blo m\u00e1lo. Ale jinak se mi jelo dob\u0159e a vypo\u0159\u00e1dala jsem se i s pom\u011brn\u011b velk\u00fdm vedrem,&#8221;<\/em> \u0159ekla Eli\u0161ka H\u0159\u00edbkov\u00e1.<\/p>\n\n\n\n<p><em>\u201eEli\u0161ka jela kr\u00e1sn\u011b, opravdu kr\u00e1sn\u011b. Sta\u010dilo to bohu\u017eel jen na \u010dtvrt\u00e9 m\u00edsto, ale jsem na ni opravdu py\u0161n\u00fd,\u201c<\/em> komentoval v\u00fdkon H\u0159\u00edbkov\u00e9 reprezenta\u010dn\u00ed tren\u00e9r <strong>David Kala\u0161<\/strong>.<\/p>\n\n\n\n<p>Mistryn\u00ed sv\u011bta se stala \u0160pan\u011blka Rieraov\u00e1, st\u0159\u00edbro brala jej\u00ed krajanka Baronov\u00e1 a bronz N\u011bmka Reichenbachov\u00e1.<\/p>\n\n\n\n<p>Foto: archiv<\/p>\n","protected":false},"excerpt":{"rendered":"<p>V\u00fdborn\u00e9 \u010dtvrt\u00e9 m\u00edsto vybojovala \u010desk\u00e1 reprezentantka Eli\u0161ka H\u0159\u00edbkov\u00e1 v&nbsp;\u017eensk\u00e9 elitn\u00ed kategorii na MS v&nbsp;trialu v&nbsp;Ab\u00fa Dhab\u00ed. Od t\u0159et\u00ed p\u0159\u00ed\u010dky ji v&nbsp;\u0161esti\u010dlenn\u00e9m fin\u00e1le d\u011blilo pouh\u00fdch 10 bod\u016f. &#8220;Skon\u010dila jsem \u010dtvrt\u00e1 u\u017e pon\u011bkolik\u00e1t\u00e9, tak douf\u00e1m, \u017ee p\u0159\u00ed\u0161t\u011b u\u017e to klapne na bednu. Na bronz chyb\u011blo m\u00e1lo. Ale jinak se mi jelo dob\u0159e a vypo\u0159\u00e1dala jsem se i [&hellip;]<\/p>\n","protected":false},"author":15,"featured_media":33259,"comment_status":"closed","ping_status":"open","sticky":false,"template":"","format":"standard","meta":{"footnotes":""},"categories":[2],"tags":[],"class_list":["post-33442","post","type-post","status-publish","format-standard","has-post-thumbnail","hentry","category-novinky"],"_links":{"self":[{"href":"https:\/\/www.czechcyclingfederation.com\/en\/wp-json\/wp\/v2\/posts\/33442","targetHints":{"allow":["GET"]}}],"collection":[{"href":"https:\/\/www.czechcyclingfederation.com\/en\/wp-json\/wp\/v2\/posts"}],"about":[{"href":"https:\/\/www.czechcyclingfederation.com\/en\/wp-json\/wp\/v2\/types\/post"}],"author":[{"embeddable":true,"href":"https:\/\/www.czechcyclingfederation.com\/en\/wp-json\/wp\/v2\/users\/15"}],"replies":[{"embeddable":true,"href":"https:\/\/www.czechcyclingfederation.com\/en\/wp-json\/wp\/v2\/comments?post=33442"}],"version-history":[{"count":3,"href":"https:\/\/www.czechcyclingfederation.com\/en\/wp-json\/wp\/v2\/posts\/33442\/revisions"}],"predecessor-version":[{"id":33459,"href":"https:\/\/www.czechcyclingfederation.com\/en\/wp-json\/wp\/v2\/posts\/33442\/revisions\/33459"}],"wp:featuredmedia":[{"embeddable":true,"href":"https:\/\/www.czechcyclingfederation.com\/en\/wp-json\/wp\/v2\/media\/33259"}],"wp:attachment":[{"href":"https:\/\/www.czechcyclingfederation.com\/en\/wp-json\/wp\/v2\/media?parent=33442"}],"wp:term":[{"taxonomy":"category","embeddable":true,"href":"https:\/\/www.czechcyclingfederation.com\/en\/wp-json\/wp\/v2\/categories?post=33442"},{"taxonomy":"post_tag","embeddable":true,"href":"https:\/\/www.czechcyclingfederation.com\/en\/wp-json\/wp\/v2\/tags?post=33442"}],"curies":[{"name":"wp","href":"https:\/\/api.w.org\/{rel}","templated":true}]}}