{"id":3344,"date":"2021-01-30T17:48:59","date_gmt":"2021-01-30T16:48:59","guid":{"rendered":"http:\/\/www.czechcyclingfederation.com\/?p=3344"},"modified":"2021-01-30T17:48:59","modified_gmt":"2021-01-30T16:48:59","slug":"pet-nizozemskych-medaili-na-uvod-cyklokrosoveho-ms","status":"publish","type":"post","link":"https:\/\/www.czechcyclingfederation.com\/en\/pet-nizozemskych-medaili-na-uvod-cyklokrosoveho-ms\/","title":{"rendered":"P\u011bt nizozemsk\u00fdch medail\u00ed na \u00favod cyklokrosov\u00e9ho MS"},"content":{"rendered":"\n<p>Nizozem\u0161t\u00ed cyklokrosa\u0159i opanovali \u00favodn\u00ed den 72. sv\u011btov\u00fd \u0161ampion\u00e1t v belgick\u00e9m Ostende. V\u00a0z\u00e1vodu \u017een obsadily \u017eeny v\u00a0oran\u017eov\u00e9m kompletn\u00ed stupn\u011b v\u00edt\u011bzek v\u00a0po\u0159ad\u00ed Lucinda Brandov\u00e1,\u00a0 Annemarie Worstov\u00e1, Denise Betsemaov\u00e1, v\u00a0z\u00e1vodu mu\u017e\u016f bral zlato Pim Ronhaar, druh\u00fd skon\u010dil obh\u00e1jce titulu z lo\u0148sk\u00e9ho roku Rayn Kamp a bronz vybojoval Timo Kilelich z\u00a0Belgie.<\/p>\n\n\n\n<p>\u010ce\u0161t\u00ed mlad\u00ed krosa\u0159i neusp\u011bli, nejlep\u0161\u00ed z nich skon\u010dil Robert Hula, ale dojel a\u017e dev\u011btadvac\u00e1t\u00fd. Nejv\u011bt\u0161\u00ed na\u0161e nad\u011bje Jakub \u0158\u00edman skon\u010dil na 37. m\u00edst\u011b a \u0160imon Van\u00ed\u010dek z\u00e1vod nedokon\u010dil, stejn\u011b jako jedin\u00e1 \u010ce\u0161ka na startu Pavla Havl\u00edkov\u00e1.<\/p>\n\n\n\n<p>Tak jak se odv\u00edjela cel\u00e1 sezona, tak skon\u010dilo i mistrovstv\u00ed sv\u011bta. V Ostende obsadily nizozemsk\u00e9 cyklokrosa\u0159ky krom\u011b medailov\u00fdch stup\u0148\u016f je\u0161t\u011b p\u00e1t\u00e9 a \u0161est\u00e9 m\u00edsto, mezi n\u011b se dok\u00e1zala vkl\u00ednit pouze \u010dtvrt\u00e1 Ameri\u010danka Clara Honsingerov\u00e1.<\/p>\n\n\n\n<p>Hned po startu podle p\u0159edpoklad\u016f opanovaly \u010delo z\u00e1vodu nizozemsk\u00e9 favority Betsemaov\u00e1, Worstov\u00e1, Brandov\u00e1, Yara Kastelijnov\u00e1. Hned v prvn\u00ed zat\u00e1\u010dce v\u0161ak podklouzlo kolo \u00fa\u0159aduj\u00edc\u00ed sv\u011btov\u00e9 \u0161ampionce Ceylin Carmen del Alvaradov\u00e9 a p\u0159es n\u00ed se ve dvac\u00e1t\u00e9 vte\u0159in\u011b porou\u010dela k zemi tak\u00e9 dom\u00e1c\u00ed Sanne Cantov\u00e1 a to pro n\u011b znamenalo stop v boji o medaile.<\/p>\n\n\n\n<p>Od druh\u00e9ho kola jezdila na \u010dele s n\u00e1skokem deseti vte\u0159in Betsemaov\u00e1, za n\u00ed se dr\u017eely Brandov\u00e1 a Worstov\u00e1, na \u010dtvrt\u00e9 m\u00edsto se probojovala Alvaradov\u00e1. Havl\u00edkov\u00e1, kter\u00e1 startovala a\u017e ze \u010dtvrt\u00e9 \u0159ady, jezdila kolem 35. m\u00edsta. Na okruhu, kter\u00fd ji ani trochu nevyhovoval se kup\u0159edu neposouvala, nakonec pro ze z\u00e1vodu odstoupila.<\/p>\n\n\n\n<p>\u201eV&nbsp;prvn\u00edm kole m\u011b m\u00e1lem povalila vlna. Byla jsem cel\u00e1 promo\u010den\u00e1 a zmrzla mi p\u016flka t\u011bla a ji\u017e jsem se nerozh\u00fdbala. Je to stra\u0161n\u00e9 \u0161koda, ale opravdu ne\u0161lo jet. Ztratila jsem smysl pro z\u00e1vod, jen jsem p\u0159e\u017e\u00edvala a rad\u011bji odstoupila,\u201c \u0159ekla Pavla Havl\u00edkov\u00e1.<\/p>\n\n\n\n<p>Po polovin\u011b z\u00e1vodu se na Betsemaovou dot\u00e1hly Brandov\u00e1 a Worstov\u00e1, druhou jmenovanou v\u0161ak zpozdil p\u00e1d v p\u00edse\u010dn\u00e9 pas\u00e1\u017ei a to sam\u00e9 se opakovalo ve \u010dtvrt\u00e9m kole, ale poka\u017ed\u00e9 se dok\u00e1zala na \u010delo vr\u00e1tit. V posledn\u00edm kole ale Brandov\u00e1 za\u00fato\u010dila a za n\u00ed se udr\u017eela pouze Worstov\u00e1, zat\u00edmco Betsemaov\u00e1 ztr\u00e1cela. P\u0159ekvapiv\u011b se nerozhodlo v p\u00edsku, ale jedn\u00e9 z posledn\u00edch zat\u00e1\u010dek na hipodromu. Worstov\u00e1 se p\u0159edt\u00edm dostala na prvn\u00ed pozici, ale v inkriminovan\u00fd moment ji soupe\u0159ka podjela a Worstov\u00e9 ve snaze zachr\u00e1nit situaci podklouzlo kolo a dal\u0161\u00ed p\u00e1d znamenal rozuzlen\u00ed z\u00e1pletky.<\/p>\n\n\n\n<p>Brandov\u00e1 se tak v jedenat\u0159iceti letech do\u010dkala po v\u00edt\u011bzstv\u00ed v seri\u00e1lu Sv\u011btov\u00e9ho poh\u00e1ru premi\u00e9rov\u00e9ho titulu sv\u011btov\u00e9 \u0161ampionky, na Worstovou &#8220;zbylo&#8221;, stejn\u011b jako p\u0159ed rokem, st\u0159\u00edbro. Pro Betsemaovou je naopak bronz prvn\u00ed medail\u00ed ze sv\u011btov\u00fdch \u0161ampion\u00e1t\u016f, loni zlat\u00e1 Alvaradov\u00e1 dojela nakonec a\u017e \u0161est\u00e1.<\/p>\n\n\n\n<p>Na startu z\u00e1vodu mu\u017e\u016f U23 bylo 45 jezdc\u016f z jeden\u00e1cti zem\u00ed a \u010dekalo na n\u011b \u0161est okruh\u016f, ale tak\u00e9 pouze teplota dva stupn\u011b Celsia a po ran\u00edm siln\u00e9m de\u0161ti i hodn\u011b mokr\u00e1 tra\u0165. Krom\u011b dom\u00e1c\u00edch Belgi\u010dan\u016f byli nejv\u011bt\u0161\u00edmi favority Nizozemci a tak\u00e9 britsk\u00e9 duo Thomas Mein a Ben Turner, ale dva nejlep\u0161\u00ed ze z\u00e1vodu SP v T\u00e1bo\u0159e. V elitn\u00ed des\u00e1tce skon\u010dilo p\u011bt dom\u00e1c\u00edch jezdc\u016f, \u010dty\u0159i Nizozemci a mezi n\u011b s dok\u00e1zal vt\u011bsnat jen dev\u00e1t\u00fd Turner. Pom\u011brn\u011b slu\u0161n\u011b odstartoval z na\u0161ich \u0158\u00edman kolem dvac\u00e1t\u00e9ho m\u00edsta, ale rychle, v prvn\u00ed p\u00edse\u010dn\u00e9 pas\u00e1\u017ei, se propadl do \u010dtvrt\u00e9 des\u00edtky kde byli i Van\u00ed\u010dek a Hula.<\/p>\n\n\n\n<p>Na bahnit\u00e9 trati bylo k vid\u011bn\u00ed plno p\u00e1d\u016f, v p\u00edse\u010dn\u00e9m \u00faseku se pole z\u00e1vodn\u00edk\u016f rychle p\u0159el\u00e9valo. P\u00e1d na schodech a technick\u00e9 probl\u00e9my s kolem znamenaly stop pro Meina, kter\u00fd se propadl a\u017e do \u010dtvrt\u00e9 des\u00edtky. Nevzdal se, posouval se kup\u0159edu, na lep\u0161\u00ed jak 13. m\u00edsto v c\u00edli to nesta\u010dilo.<\/p>\n\n\n\n<p>Ve t\u0159et\u00edm kole si na \u010dele z\u00edskal mal\u00fd n\u00e1skok Ronhaar p\u0159ed, van Dijkeem, Kileichem, Vandeboschem a Kamp ji\u017e ztr\u00e1cel 12 vte\u0159in. \u0158\u00edman se dok\u00e1zal posunout kup\u0159edu, ale po dal\u0161\u00edch chyb\u00e1ch op\u011bt klesal a rozhodn\u011b z\u00e1vod neskon\u010dil pro n\u011bj podle p\u0159edstav. &#8220;Bohu\u017eel jsem dopadl za o\u010dek\u00e1v\u00e1n\u00edm. Hned po startu jsem se procedil a od prvn\u00edho kola jsem c\u00edtil, \u017ee nohy nejsou ide\u00e1ln\u00ed. Sna\u017eil jsem se bojovat, t\u0159i kola p\u0159ed c\u00edlem jsem \u0161el t\u0159ikr\u00e1t k zemi, p\u00edsek jsem nedok\u00e1zal projet. Jsem hrozn\u011b zklam\u00e1n a douf\u00e1m, \u017ee p\u0159\u00ed\u0161t\u011b to snad bude lep\u0161\u00ed,&#8221; \u0159ekl Jakub \u0158\u00edman, kter\u00fd v pr\u016fb\u011bhu sezony p\u0159edv\u00e1d\u011bl velmi dobr\u00e9 v\u00fdkony.<\/p>\n\n\n\n<p>Ve \u010dtvrt\u00e9m kole se za\u010dal soupe\u0159\u016fm vzdalovat Ronhaar je\u0161t\u011b v\u00edce a v c\u00edli m\u011bl k dobru deset vte\u0159in p\u0159ed duem Verstrynge a Kielich, Kamp ztr\u00e1cel 15 vte\u0159in. Ronhaar jel cel\u00fd z\u00e1vod konstantn\u011b a jako jeden z m\u00e1la se dok\u00e1zal vyvarovat chyb. V z\u00e1v\u011bre\u010dn\u00e9m okruhu nasadil Kamp ke st\u00edhac\u00ed j\u00edzd\u011b sv\u00e9ho krajana, ale ten si ji\u017e zlato pohl\u00eddal.<\/p>\n\n\n\n<p>Prvn\u00ed z \u010cech\u016f se v c\u00edli objevil Hula, ale ze sv\u00e9ho um\u00edst\u011bn\u00ed p\u0159\u00edli\u0161 nad\u0161en nebyl. &#8220;St\u00e1l jsem na start skoro v posledn\u00ed \u0159ad\u011b a ten z\u00e1vod byl extr\u00e9mn\u011b t\u011b\u017ek\u00fd, hodn\u011b se b\u011bhalo. Um\u00edst\u011bn\u00ed nen\u00ed nijak super, ale s p\u0159\u00edli\u0161 lep\u0161\u00edm jsem nepo\u010d\u00edtal. Nejsem nad\u0161en\u00fd ani zklaman\u00fd,&#8221; \u0159ekl Robert Hula.<\/p>\n\n\n\n<p>A reprezenta\u010dn\u00ed kou\u010d Petr Dlask byl hodn\u011b kritick\u00fd. &#8220;\u0158\u00edman se po slu\u0161n\u00e9m startu v p\u00edsku&nbsp; zastavil a propadl se k na\u0161\u00ed zbyl\u00e9 dvojici. Kluci stra\u0161n\u011b chybovali, uk\u00e1zalo se, \u017ee nemaj\u00ed mezin\u00e1rodn\u00ed zku\u0161enosti. Odjeli snad nejhor\u0161\u00ed z\u00e1vod v&nbsp;sezon\u011b. V\u00fdkon, kter\u00fd p\u0159edvedli, nebyl hodn\u00fd mistrovstv\u00ed sv\u011bta,\u201c \u0159ekl Dlask.<\/p>\n\n\n\n<p>V\u00fdsledky:<\/p>\n\n\n\n<p>Mu\u017ei U23:<\/p>\n\n\n\n<p>1.Ronhaar 49:47, 2. Kamp (oba Niz.) +8, 3. Kielich +14, 4. Verstrynge +19, 5. Vandebosch (v\u0161ichni Belg.) +31, 6. Hendrikx (Niz.) +33, &#8230;29. Hula +5:04, 37. \u0158\u00edman +6:36, Van\u00ed\u010dek (v\u0161ichni \u010cR) nedokon\u010dil.<\/p>\n\n\n\n<p>\u017deny:<\/p>\n\n\n\n<p>1. Brandov\u00e1 46:53, 2. Worstov\u00e1 +8, 3. Betsemaov\u00e1 (v\u0161echny Niz.) +19, 4. Honsingerov\u00e1 (USA) +52, 5. Kastelijnov\u00e1 +:104, 6. Alvaradov\u00e1 (ob\u011b Niz.) +1:12, &#8230;Havl\u00edkov\u00e1 (\u010cR) nedokon\u010dila. <\/p>\n\n\n\n<p>FOTO Ji\u0159\u00ed Hol\u00fd<\/p>\n\n\n\n<figure class=\"wp-block-image size-large\"><img loading=\"lazy\" decoding=\"async\" width=\"1024\" height=\"576\" src=\"https:\/\/www.czechcyclingfederation.com\/wp-content\/uploads\/2021\/01\/Brandov\u00e1-1024x576.jpg\" alt=\"\" class=\"wp-image-3346\" srcset=\"https:\/\/www.czechcyclingfederation.com\/wp-content\/uploads\/2021\/01\/Brandov\u00e1-1024x576.jpg 1024w, https:\/\/www.czechcyclingfederation.com\/wp-content\/uploads\/2021\/01\/Brandov\u00e1-300x169.jpg 300w, https:\/\/www.czechcyclingfederation.com\/wp-content\/uploads\/2021\/01\/Brandov\u00e1-768x432.jpg 768w, https:\/\/www.czechcyclingfederation.com\/wp-content\/uploads\/2021\/01\/Brandov\u00e1.jpg 1280w\" sizes=\"auto, (max-width: 1024px) 100vw, 1024px\" \/><\/figure>\n\n\n\n<figure class=\"wp-block-image size-large\"><img loading=\"lazy\" decoding=\"async\" width=\"1024\" height=\"577\" src=\"https:\/\/www.czechcyclingfederation.com\/wp-content\/uploads\/2021\/01\/Ronhaar_DSC0979-Hol\u00fd-1024x577.jpg\" alt=\"\" class=\"wp-image-3347\" srcset=\"https:\/\/www.czechcyclingfederation.com\/wp-content\/uploads\/2021\/01\/Ronhaar_DSC0979-Hol\u00fd-1024x577.jpg 1024w, https:\/\/www.czechcyclingfederation.com\/wp-content\/uploads\/2021\/01\/Ronhaar_DSC0979-Hol\u00fd-300x169.jpg 300w, https:\/\/www.czechcyclingfederation.com\/wp-content\/uploads\/2021\/01\/Ronhaar_DSC0979-Hol\u00fd-768x433.jpg 768w, https:\/\/www.czechcyclingfederation.com\/wp-content\/uploads\/2021\/01\/Ronhaar_DSC0979-Hol\u00fd-1536x865.jpg 1536w, https:\/\/www.czechcyclingfederation.com\/wp-content\/uploads\/2021\/01\/Ronhaar_DSC0979-Hol\u00fd-2048x1154.jpg 2048w, https:\/\/www.czechcyclingfederation.com\/wp-content\/uploads\/2021\/01\/Ronhaar_DSC0979-Hol\u00fd-1320x744.jpg 1320w\" sizes=\"auto, (max-width: 1024px) 100vw, 1024px\" \/><\/figure>\n\n\n\n<figure class=\"wp-block-image size-large\"><img loading=\"lazy\" decoding=\"async\" width=\"1024\" height=\"577\" src=\"https:\/\/www.czechcyclingfederation.com\/wp-content\/uploads\/2021\/01\/Havl\u00edkov\u00e1_DSC1101-Hol\u00fd-1024x577.jpg\" alt=\"\" class=\"wp-image-3348\" srcset=\"https:\/\/www.czechcyclingfederation.com\/wp-content\/uploads\/2021\/01\/Havl\u00edkov\u00e1_DSC1101-Hol\u00fd-1024x577.jpg 1024w, https:\/\/www.czechcyclingfederation.com\/wp-content\/uploads\/2021\/01\/Havl\u00edkov\u00e1_DSC1101-Hol\u00fd-300x169.jpg 300w, https:\/\/www.czechcyclingfederation.com\/wp-content\/uploads\/2021\/01\/Havl\u00edkov\u00e1_DSC1101-Hol\u00fd-768x433.jpg 768w, https:\/\/www.czechcyclingfederation.com\/wp-content\/uploads\/2021\/01\/Havl\u00edkov\u00e1_DSC1101-Hol\u00fd-1536x865.jpg 1536w, https:\/\/www.czechcyclingfederation.com\/wp-content\/uploads\/2021\/01\/Havl\u00edkov\u00e1_DSC1101-Hol\u00fd-2048x1154.jpg 2048w, https:\/\/www.czechcyclingfederation.com\/wp-content\/uploads\/2021\/01\/Havl\u00edkov\u00e1_DSC1101-Hol\u00fd-1320x744.jpg 1320w\" sizes=\"auto, (max-width: 1024px) 100vw, 1024px\" \/><\/figure>\n\n\n\n<figure class=\"wp-block-image size-large\"><img loading=\"lazy\" decoding=\"async\" width=\"1024\" height=\"577\" src=\"https:\/\/www.czechcyclingfederation.com\/wp-content\/uploads\/2021\/01\/Havl\u00edkov\u00e1_DSC1091-Ho\u00fd-1024x577.jpg\" alt=\"\" class=\"wp-image-3349\" srcset=\"https:\/\/www.czechcyclingfederation.com\/wp-content\/uploads\/2021\/01\/Havl\u00edkov\u00e1_DSC1091-Ho\u00fd-1024x577.jpg 1024w, https:\/\/www.czechcyclingfederation.com\/wp-content\/uploads\/2021\/01\/Havl\u00edkov\u00e1_DSC1091-Ho\u00fd-300x169.jpg 300w, https:\/\/www.czechcyclingfederation.com\/wp-content\/uploads\/2021\/01\/Havl\u00edkov\u00e1_DSC1091-Ho\u00fd-768x433.jpg 768w, https:\/\/www.czechcyclingfederation.com\/wp-content\/uploads\/2021\/01\/Havl\u00edkov\u00e1_DSC1091-Ho\u00fd-1536x865.jpg 1536w, https:\/\/www.czechcyclingfederation.com\/wp-content\/uploads\/2021\/01\/Havl\u00edkov\u00e1_DSC1091-Ho\u00fd-2048x1154.jpg 2048w, https:\/\/www.czechcyclingfederation.com\/wp-content\/uploads\/2021\/01\/Havl\u00edkov\u00e1_DSC1091-Ho\u00fd-1320x744.jpg 1320w\" sizes=\"auto, (max-width: 1024px) 100vw, 1024px\" \/><\/figure>\n\n\n\n<figure class=\"wp-block-image size-large\"><img loading=\"lazy\" decoding=\"async\" width=\"1024\" height=\"577\" src=\"https:\/\/www.czechcyclingfederation.com\/wp-content\/uploads\/2021\/01\/Van\u00ed\u010dek_DSC0911-Hol\u00fd-1024x577.jpg\" alt=\"\" class=\"wp-image-3350\" srcset=\"https:\/\/www.czechcyclingfederation.com\/wp-content\/uploads\/2021\/01\/Van\u00ed\u010dek_DSC0911-Hol\u00fd-1024x577.jpg 1024w, https:\/\/www.czechcyclingfederation.com\/wp-content\/uploads\/2021\/01\/Van\u00ed\u010dek_DSC0911-Hol\u00fd-300x169.jpg 300w, https:\/\/www.czechcyclingfederation.com\/wp-content\/uploads\/2021\/01\/Van\u00ed\u010dek_DSC0911-Hol\u00fd-768x433.jpg 768w, https:\/\/www.czechcyclingfederation.com\/wp-content\/uploads\/2021\/01\/Van\u00ed\u010dek_DSC0911-Hol\u00fd-1536x865.jpg 1536w, https:\/\/www.czechcyclingfederation.com\/wp-content\/uploads\/2021\/01\/Van\u00ed\u010dek_DSC0911-Hol\u00fd-2048x1154.jpg 2048w, https:\/\/www.czechcyclingfederation.com\/wp-content\/uploads\/2021\/01\/Van\u00ed\u010dek_DSC0911-Hol\u00fd-1320x744.jpg 1320w\" sizes=\"auto, (max-width: 1024px) 100vw, 1024px\" \/><\/figure>\n\n\n\n<figure class=\"wp-block-image size-large\"><img loading=\"lazy\" decoding=\"async\" width=\"1024\" height=\"577\" src=\"https:\/\/www.czechcyclingfederation.com\/wp-content\/uploads\/2021\/01\/Hula_DSC0865-1-Hol\u00fd-1024x577.jpg\" alt=\"\" class=\"wp-image-3351\" srcset=\"https:\/\/www.czechcyclingfederation.com\/wp-content\/uploads\/2021\/01\/Hula_DSC0865-1-Hol\u00fd-1024x577.jpg 1024w, https:\/\/www.czechcyclingfederation.com\/wp-content\/uploads\/2021\/01\/Hula_DSC0865-1-Hol\u00fd-300x169.jpg 300w, https:\/\/www.czechcyclingfederation.com\/wp-content\/uploads\/2021\/01\/Hula_DSC0865-1-Hol\u00fd-768x433.jpg 768w, https:\/\/www.czechcyclingfederation.com\/wp-content\/uploads\/2021\/01\/Hula_DSC0865-1-Hol\u00fd-1536x865.jpg 1536w, https:\/\/www.czechcyclingfederation.com\/wp-content\/uploads\/2021\/01\/Hula_DSC0865-1-Hol\u00fd-2048x1154.jpg 2048w, https:\/\/www.czechcyclingfederation.com\/wp-content\/uploads\/2021\/01\/Hula_DSC0865-1-Hol\u00fd-1320x744.jpg 1320w\" sizes=\"auto, (max-width: 1024px) 100vw, 1024px\" \/><\/figure>\n\n\n\n<figure class=\"wp-block-image size-large\"><img loading=\"lazy\" decoding=\"async\" width=\"1024\" height=\"576\" src=\"https:\/\/www.czechcyclingfederation.com\/wp-content\/uploads\/2021\/01\/7ba3163b-62ff-11eb-b07d-02b7b76bf47f-1024x576.jpg\" alt=\"\" class=\"wp-image-3352\" srcset=\"https:\/\/www.czechcyclingfederation.com\/wp-content\/uploads\/2021\/01\/7ba3163b-62ff-11eb-b07d-02b7b76bf47f-1024x576.jpg 1024w, https:\/\/www.czechcyclingfederation.com\/wp-content\/uploads\/2021\/01\/7ba3163b-62ff-11eb-b07d-02b7b76bf47f-300x169.jpg 300w, https:\/\/www.czechcyclingfederation.com\/wp-content\/uploads\/2021\/01\/7ba3163b-62ff-11eb-b07d-02b7b76bf47f-768x432.jpg 768w, https:\/\/www.czechcyclingfederation.com\/wp-content\/uploads\/2021\/01\/7ba3163b-62ff-11eb-b07d-02b7b76bf47f.jpg 1280w\" sizes=\"auto, (max-width: 1024px) 100vw, 1024px\" \/><\/figure>\n","protected":false},"excerpt":{"rendered":"<p>Nizozem\u0161t\u00ed cyklokrosa\u0159i opanovali \u00favodn\u00ed den 72. sv\u011btov\u00fd \u0161ampion\u00e1t v belgick\u00e9m Ostende. V\u00a0z\u00e1vodu \u017een obsadily \u017eeny v\u00a0oran\u017eov\u00e9m kompletn\u00ed stupn\u011b v\u00edt\u011bzek v\u00a0po\u0159ad\u00ed Lucinda Brandov\u00e1,\u00a0 Annemarie Worstov\u00e1, Denise Betsemaov\u00e1, v\u00a0z\u00e1vodu mu\u017e\u016f bral zlato Pim Ronhaar, druh\u00fd skon\u010dil obh\u00e1jce titulu z lo\u0148sk\u00e9ho roku Rayn Kamp a bronz vybojoval Timo Kilelich z\u00a0Belgie. \u010ce\u0161t\u00ed mlad\u00ed krosa\u0159i neusp\u011bli, nejlep\u0161\u00ed z nich skon\u010dil [&hellip;]<\/p>\n","protected":false},"author":8,"featured_media":3345,"comment_status":"closed","ping_status":"open","sticky":false,"template":"","format":"standard","meta":{"footnotes":""},"categories":[58,2],"tags":[59],"class_list":["post-3344","post","type-post","status-publish","format-standard","has-post-thumbnail","hentry","category-cyklokros","category-novinky","tag-cyklokros"],"_links":{"self":[{"href":"https:\/\/www.czechcyclingfederation.com\/en\/wp-json\/wp\/v2\/posts\/3344","targetHints":{"allow":["GET"]}}],"collection":[{"href":"https:\/\/www.czechcyclingfederation.com\/en\/wp-json\/wp\/v2\/posts"}],"about":[{"href":"https:\/\/www.czechcyclingfederation.com\/en\/wp-json\/wp\/v2\/types\/post"}],"author":[{"embeddable":true,"href":"https:\/\/www.czechcyclingfederation.com\/en\/wp-json\/wp\/v2\/users\/8"}],"replies":[{"embeddable":true,"href":"https:\/\/www.czechcyclingfederation.com\/en\/wp-json\/wp\/v2\/comments?post=3344"}],"version-history":[{"count":1,"href":"https:\/\/www.czechcyclingfederation.com\/en\/wp-json\/wp\/v2\/posts\/3344\/revisions"}],"predecessor-version":[{"id":3353,"href":"https:\/\/www.czechcyclingfederation.com\/en\/wp-json\/wp\/v2\/posts\/3344\/revisions\/3353"}],"wp:featuredmedia":[{"embeddable":true,"href":"https:\/\/www.czechcyclingfederation.com\/en\/wp-json\/wp\/v2\/media\/3345"}],"wp:attachment":[{"href":"https:\/\/www.czechcyclingfederation.com\/en\/wp-json\/wp\/v2\/media?parent=3344"}],"wp:term":[{"taxonomy":"category","embeddable":true,"href":"https:\/\/www.czechcyclingfederation.com\/en\/wp-json\/wp\/v2\/categories?post=3344"},{"taxonomy":"post_tag","embeddable":true,"href":"https:\/\/www.czechcyclingfederation.com\/en\/wp-json\/wp\/v2\/tags?post=3344"}],"curies":[{"name":"wp","href":"https:\/\/api.w.org\/{rel}","templated":true}]}}