{"id":33409,"date":"2024-12-18T20:01:12","date_gmt":"2024-12-18T19:01:12","guid":{"rendered":"https:\/\/www.czechcyclingfederation.com\/?p=33409"},"modified":"2024-12-19T07:10:48","modified_gmt":"2024-12-19T06:10:48","slug":"hendrych-a-hribkova-postoupili-na-ms-v-trialu-do-finale","status":"publish","type":"post","link":"https:\/\/www.czechcyclingfederation.com\/en\/hendrych-a-hribkova-postoupili-na-ms-v-trialu-do-finale\/","title":{"rendered":"Hendrych a H\u0159\u00edbkov\u00e1 postoupili na MS v\u00a0trialu do fin\u00e1le"},"content":{"rendered":"\n<p>Po \u00favodn\u00edm t\u00fdmov\u00e9m z\u00e1vod\u011b, kde \u010cesko obsadilo \u0161est\u00e9 m\u00edsto, za\u010daly na mistrovstv\u00ed sv\u011bta v&nbsp;Ab\u00fa Dhab\u00ed sout\u011b\u017ee jednotlivc\u016f v&nbsp;trialu. A skv\u011ble se prezentovali junior <strong>Vojt\u011bch Hendrych<\/strong> a <strong>Eli\u0161ka H\u0159\u00edbkov\u00e1<\/strong>, kte\u0159\u00ed postoupili do fin\u00e1le.<\/p>\n\n\n\n<p>Hendrych obsadil v&nbsp;semifin\u00e1le kategorie Junior 26\u201c \u010dtvrt\u00e9 m\u00edsto ze sedmi startuj\u00edc\u00edch, co\u017e akor\u00e1t sta\u010dilo na postup do fin\u00e1lov\u00fdch boj\u016f. H\u0159\u00edbkov\u00e1, bronzov\u00e1 medailistka z&nbsp;leto\u0161n\u00edho ME, byla mezi 16 startuj\u00edc\u00edmi \u017eenami p\u00e1t\u00e1 a postoupila rovn\u011b\u017e do fin\u00e1le, kde se utk\u00e1 \u0161est nejlep\u0161\u00edch \u017een. <em>\u201eOba p\u0159edvedli v&nbsp;semifin\u00e1le dobr\u00e9 v\u00fdkony a u obou o\u010dek\u00e1v\u00e1me boj o medaile,\u201c <\/em>\u0159ekl reprezenta\u010dn\u00ed tren\u00e9r <strong>David Kala\u0161.<\/strong><\/p>\n\n\n\n<figure class=\"wp-block-image size-large\"><img loading=\"lazy\" decoding=\"async\" width=\"768\" height=\"1024\" src=\"https:\/\/www.czechcyclingfederation.com\/wp-content\/uploads\/2024\/12\/trial-dvojka-768x1024.jpg\" alt=\"\" class=\"wp-image-33412\" srcset=\"https:\/\/www.czechcyclingfederation.com\/wp-content\/uploads\/2024\/12\/trial-dvojka-768x1024.jpg 768w, https:\/\/www.czechcyclingfederation.com\/wp-content\/uploads\/2024\/12\/trial-dvojka-150x200.jpg 150w, https:\/\/www.czechcyclingfederation.com\/wp-content\/uploads\/2024\/12\/trial-dvojka-1152x1536.jpg 1152w, https:\/\/www.czechcyclingfederation.com\/wp-content\/uploads\/2024\/12\/trial-dvojka.jpg 1200w\" sizes=\"auto, (max-width: 768px) 100vw, 768px\" \/><\/figure>\n\n\n\n<p>P\u0159ed branami fin\u00e1le naopak z\u016fstali junio\u0159i na 20\u201ckolech. <strong>Jakub Kala\u0161<\/strong> obsadil 17. m\u00edsto, <strong>Vojt\u011bch Vep\u0159ek<\/strong> byl hned za n\u00edm a <strong>Franti\u0161ek Andrle <\/strong>bral 24. p\u0159\u00ed\u010dku z\u00a028 startuj\u00edc\u00edch. <em>\u201eBohu\u017eel, v\u00a0t\u00e9hle kategorii je obrovsk\u00e1 konkurence a dostat se mezi fin\u00e1lovou \u0161estku je hodn\u011b t\u011b\u017ek\u00e9,\u201c <\/em>dodal tren\u00e9r.<\/p>\n\n\n\n<p>Dva dny tr\u00e9nink\u016f za sebou maj\u00ed oba \u010de\u0161t\u00ed z\u00e1stupci ve Freestyle BMX: <strong>Jan Bro\u017ea <\/strong>v&nbsp;discipl\u00edn\u011b Park a <strong>Martin Dra\u017eil <\/strong>(Flatland). A ve \u010dtvrtek je \u010dekaj\u00ed kvalifikace. <em>\u201eV Parku je na startu 45 jezdc\u016f a do semifin\u00e1le jich jde 24. Bude to hodn\u011b t\u011b\u017ek\u00e9. Fouk\u00e1 tu dost v\u00edtr, ale je to pro v\u0161echny stejn\u00e9. Honza to n\u011bjak\u00fdm zp\u016fsobem najel, tak uvid\u00edme, jak to dopadne. Ve Flatlandu je t\u011bch jezdc\u016f na startu o n\u011bco m\u00e9n\u011b a v\u011b\u0159\u00edm, \u017ee oba kluci zabojuj\u00ed o postup,\u201c<\/em> \u0159ekl tren\u00e9r reprezentace <strong>Erik Figar<\/strong>.<\/p>\n\n\n\n<figure class=\"wp-block-image size-large\"><img loading=\"lazy\" decoding=\"async\" width=\"922\" height=\"1024\" src=\"https:\/\/www.czechcyclingfederation.com\/wp-content\/uploads\/2024\/12\/Martin-Drazil-Flatland-2-922x1024.jpg\" alt=\"\" class=\"wp-image-33419\" srcset=\"https:\/\/www.czechcyclingfederation.com\/wp-content\/uploads\/2024\/12\/Martin-Drazil-Flatland-2-922x1024.jpg 922w, https:\/\/www.czechcyclingfederation.com\/wp-content\/uploads\/2024\/12\/Martin-Drazil-Flatland-2-180x200.jpg 180w, https:\/\/www.czechcyclingfederation.com\/wp-content\/uploads\/2024\/12\/Martin-Drazil-Flatland-2-768x853.jpg 768w, https:\/\/www.czechcyclingfederation.com\/wp-content\/uploads\/2024\/12\/Martin-Drazil-Flatland-2.jpg 1200w\" sizes=\"auto, (max-width: 922px) 100vw, 922px\" \/><\/figure>\n\n\n\n<p>Foto: David Kala\u0161 a Erik Figar<\/p>\n","protected":false},"excerpt":{"rendered":"<p>Po \u00favodn\u00edm t\u00fdmov\u00e9m z\u00e1vod\u011b, kde \u010cesko obsadilo \u0161est\u00e9 m\u00edsto, za\u010daly na mistrovstv\u00ed sv\u011bta v&nbsp;Ab\u00fa Dhab\u00ed sout\u011b\u017ee jednotlivc\u016f v&nbsp;trialu. A skv\u011ble se prezentovali junior Vojt\u011bch Hendrych a Eli\u0161ka H\u0159\u00edbkov\u00e1, kte\u0159\u00ed postoupili do fin\u00e1le. Hendrych obsadil v&nbsp;semifin\u00e1le kategorie Junior 26\u201c \u010dtvrt\u00e9 m\u00edsto ze sedmi startuj\u00edc\u00edch, co\u017e akor\u00e1t sta\u010dilo na postup do fin\u00e1lov\u00fdch boj\u016f. H\u0159\u00edbkov\u00e1, bronzov\u00e1 medailistka z&nbsp;leto\u0161n\u00edho [&hellip;]<\/p>\n","protected":false},"author":15,"featured_media":33410,"comment_status":"closed","ping_status":"open","sticky":false,"template":"","format":"standard","meta":{"footnotes":""},"categories":[2],"tags":[64],"class_list":["post-33409","post","type-post","status-publish","format-standard","has-post-thumbnail","hentry","category-novinky","tag-trial"],"_links":{"self":[{"href":"https:\/\/www.czechcyclingfederation.com\/en\/wp-json\/wp\/v2\/posts\/33409","targetHints":{"allow":["GET"]}}],"collection":[{"href":"https:\/\/www.czechcyclingfederation.com\/en\/wp-json\/wp\/v2\/posts"}],"about":[{"href":"https:\/\/www.czechcyclingfederation.com\/en\/wp-json\/wp\/v2\/types\/post"}],"author":[{"embeddable":true,"href":"https:\/\/www.czechcyclingfederation.com\/en\/wp-json\/wp\/v2\/users\/15"}],"replies":[{"embeddable":true,"href":"https:\/\/www.czechcyclingfederation.com\/en\/wp-json\/wp\/v2\/comments?post=33409"}],"version-history":[{"count":4,"href":"https:\/\/www.czechcyclingfederation.com\/en\/wp-json\/wp\/v2\/posts\/33409\/revisions"}],"predecessor-version":[{"id":33423,"href":"https:\/\/www.czechcyclingfederation.com\/en\/wp-json\/wp\/v2\/posts\/33409\/revisions\/33423"}],"wp:featuredmedia":[{"embeddable":true,"href":"https:\/\/www.czechcyclingfederation.com\/en\/wp-json\/wp\/v2\/media\/33410"}],"wp:attachment":[{"href":"https:\/\/www.czechcyclingfederation.com\/en\/wp-json\/wp\/v2\/media?parent=33409"}],"wp:term":[{"taxonomy":"category","embeddable":true,"href":"https:\/\/www.czechcyclingfederation.com\/en\/wp-json\/wp\/v2\/categories?post=33409"},{"taxonomy":"post_tag","embeddable":true,"href":"https:\/\/www.czechcyclingfederation.com\/en\/wp-json\/wp\/v2\/tags?post=33409"}],"curies":[{"name":"wp","href":"https:\/\/api.w.org\/{rel}","templated":true}]}}