{"id":33406,"date":"2024-12-17T06:27:34","date_gmt":"2024-12-17T05:27:34","guid":{"rendered":"https:\/\/www.czechcyclingfederation.com\/?p=33406"},"modified":"2024-12-17T06:27:36","modified_gmt":"2024-12-17T05:27:36","slug":"stahnete-si-newsletter-cycling-university","status":"publish","type":"post","link":"https:\/\/www.czechcyclingfederation.com\/en\/stahnete-si-newsletter-cycling-university\/","title":{"rendered":"St\u00e1hn\u011bte si newsletter Cycling University"},"content":{"rendered":"\n<p>V\u00e1\u017een\u00ed p\u0159\u00edznivci a poslucha\u010di semin\u00e1\u0159\u016f Cycling University, \u010dtvrt\u00e9 a z\u00e1rove\u0148 posledn\u00ed leto\u0161n\u00ed \u010d\u00edslo ob\u010dasn\u00edku Newsletteru Cycling University \u010cesk\u00e9ho svazu cyklistiky si m\u016f\u017eete prohl\u00e9dnout a st\u00e1hnout <strong><a href=\"http:\/\/www.cyclinguniversity.cz\/2024\/12\/16\/vychazi-posledni-cislo-newsletteru-cu-v-roce-2024\/\">ZDE<\/a><\/strong>.<\/p>\n\n\n\n<p><\/p>\n","protected":false},"excerpt":{"rendered":"<p>V\u00e1\u017een\u00ed p\u0159\u00edznivci a poslucha\u010di semin\u00e1\u0159\u016f Cycling University, \u010dtvrt\u00e9 a z\u00e1rove\u0148 posledn\u00ed leto\u0161n\u00ed \u010d\u00edslo ob\u010dasn\u00edku Newsletteru Cycling University \u010cesk\u00e9ho svazu cyklistiky si m\u016f\u017eete prohl\u00e9dnout a st\u00e1hnout ZDE.<\/p>\n","protected":false},"author":30,"featured_media":3419,"comment_status":"closed","ping_status":"open","sticky":false,"template":"","format":"standard","meta":{"footnotes":""},"categories":[2],"tags":[],"class_list":["post-33406","post","type-post","status-publish","format-standard","has-post-thumbnail","hentry","category-novinky"],"_links":{"self":[{"href":"https:\/\/www.czechcyclingfederation.com\/en\/wp-json\/wp\/v2\/posts\/33406","targetHints":{"allow":["GET"]}}],"collection":[{"href":"https:\/\/www.czechcyclingfederation.com\/en\/wp-json\/wp\/v2\/posts"}],"about":[{"href":"https:\/\/www.czechcyclingfederation.com\/en\/wp-json\/wp\/v2\/types\/post"}],"author":[{"embeddable":true,"href":"https:\/\/www.czechcyclingfederation.com\/en\/wp-json\/wp\/v2\/users\/30"}],"replies":[{"embeddable":true,"href":"https:\/\/www.czechcyclingfederation.com\/en\/wp-json\/wp\/v2\/comments?post=33406"}],"version-history":[{"count":2,"href":"https:\/\/www.czechcyclingfederation.com\/en\/wp-json\/wp\/v2\/posts\/33406\/revisions"}],"predecessor-version":[{"id":33408,"href":"https:\/\/www.czechcyclingfederation.com\/en\/wp-json\/wp\/v2\/posts\/33406\/revisions\/33408"}],"wp:featuredmedia":[{"embeddable":true,"href":"https:\/\/www.czechcyclingfederation.com\/en\/wp-json\/wp\/v2\/media\/3419"}],"wp:attachment":[{"href":"https:\/\/www.czechcyclingfederation.com\/en\/wp-json\/wp\/v2\/media?parent=33406"}],"wp:term":[{"taxonomy":"category","embeddable":true,"href":"https:\/\/www.czechcyclingfederation.com\/en\/wp-json\/wp\/v2\/categories?post=33406"},{"taxonomy":"post_tag","embeddable":true,"href":"https:\/\/www.czechcyclingfederation.com\/en\/wp-json\/wp\/v2\/tags?post=33406"}],"curies":[{"name":"wp","href":"https:\/\/api.w.org\/{rel}","templated":true}]}}