{"id":33403,"date":"2024-12-16T20:34:39","date_gmt":"2024-12-16T19:34:39","guid":{"rendered":"https:\/\/www.czechcyclingfederation.com\/?p=33403"},"modified":"2024-12-16T20:35:31","modified_gmt":"2024-12-16T19:35:31","slug":"trialiste-veri-ze-z-mistrovstvi-sveta-privezou-medaile","status":"publish","type":"post","link":"https:\/\/www.czechcyclingfederation.com\/en\/trialiste-veri-ze-z-mistrovstvi-sveta-privezou-medaile\/","title":{"rendered":"Trialist\u00e9 v\u011b\u0159\u00ed, \u017ee na\u00a0mistrovstv\u00ed sv\u011bta zabojuj\u00ed o medaile"},"content":{"rendered":"\n<p>U\u017e v&nbsp;\u00fater\u00fd za\u010dne v&nbsp;Ab\u00fa Dhab\u00ed posledn\u00ed cyklistick\u00e9 mistrovstv\u00ed sv\u011bta tohoto roku. O sv\u011btov\u00e9 tituly budou v&nbsp;r\u00e1mci Urban Cycling \u0161ampion\u00e1tu bojovat spole\u010dn\u011b z\u00e1vodn\u00edci ve Freestyle BMX a trialist\u00e9.<\/p>\n\n\n\n<p>\u010cesk\u00e1 republika vys\u00edl\u00e1 do boj\u016f celkem dvan\u00e1ct reprezentant\u016f: 10 trialist\u016f a 2 z\u00e1stupce Freestyle BMX. P\u0159i ne\u00fa\u010dasti Ivety Miculy\u010dov\u00e9, kter\u00e1 se zranila a je po operaci, maj\u00ed v\u011bt\u0161\u00ed nad\u011bje na cenn\u00e9 kovy z\u00e1stupci trialu.<\/p>\n\n\n\n<p><em>\u201eNa\u0161e o\u010dek\u00e1v\u00e1n\u00ed jsou pom\u011brn\u011b velk\u00e1 a ur\u010dit\u011b m\u00e1me medailov\u00e9 ambice. Junior Vojta Hendrych byl letos na mistrovstv\u00ed Evropy smoln\u011b druh\u00fd, klidn\u011b mohl vyhr\u00e1t. Eli\u0161ka H\u0159\u00edbkov\u00e1 byla mezi \u017eenami na Evrop\u011b t\u0159et\u00ed, tak\u017ee hlavn\u011b tito dva z\u00e1vodn\u00edci maj\u00ed velk\u00e9 \u0161ance,\u201c<\/em> \u0159\u00edk\u00e1 reprezenta\u010dn\u00ed tren\u00e9r <strong>David Kala\u0161<\/strong>.<\/p>\n\n\n\n<p>Sv\u011btov\u00fd \u0161ampion\u00e1t se ve stejn\u00e9 destinaci konal u\u017e p\u0159ed dv\u011bma lety. <em>\u201eTehdy byla spousta sekc\u00ed v\u00a0p\u00edsku. Sice na to nejsme moc zvykl\u00ed, ale docela se n\u00e1m zada\u0159ilo. Tak douf\u00e1m, \u017ee na to letos nav\u00e1\u017eeme. Z\u00e1vody jsou samoz\u0159ejm\u011b nevyzpytateln\u00e9, st\u00e1t se m\u016f\u017ee cokoliv, ale v\u011b\u0159\u00edm, \u017ee to bude dobr\u00e9,\u201c <\/em>p\u0159iznal Kala\u0161.<\/p>\n\n\n\n<p>Do boj\u016f vstoup\u00ed trialist\u00e9 u\u017e v\u00a0\u00fater\u00fd v\u00a0sout\u011b\u017ei n\u00e1rod\u016f. <em>\u201ePot\u0159et\u00ed m\u00e1me do t\u00e9to sout\u011b\u017ee pln\u00fd t\u00fdm, a i tady m\u016f\u017eeme pom\u00fd\u0161let na hezk\u00e9 um\u00edst\u011bn\u00ed. Ne\u0159\u00edk\u00e1m, \u017ee na bednu, ale n\u011bkde v\u00a0pop\u0159ed\u00ed ur\u010dit\u011b,\u201c<\/em> dodal reprezenta\u010dn\u00ed tren\u00e9r trialu. Prvn\u00ed individu\u00e1ln\u00ed sout\u011b\u017ee pak za\u010d\u00ednaj\u00ed ve \u010dtvrtek.<\/p>\n\n\n\n<p>Ve freestyle BMX budou p\u0159i absenci Miculy\u010dov\u00e9 \u010cesko reprezentovat Jan Bro\u017ea (Park) a Martin Dra\u017eil (Flatland). <em>\u201eIveta by ur\u010dit\u011b pat\u0159ila k\u00a0favoritk\u00e1m, ale i zran\u011bn\u00ed bohu\u017eel ke sportu pat\u0159\u00ed a ned\u00e1 se nic d\u011blat. V\u00a0mu\u017e\u00edch je ta konkurence je\u0161t\u011b daleko v\u011bt\u0161\u00ed a na\u0161e ambice jsou skromn\u011bj\u0161\u00ed. Mysl\u00edm si, \u017ee hranice \u00fasp\u011bchu je pro oba na\u0161e kluky semifin\u00e1le. Do fin\u00e1le jde prvn\u00edch dvan\u00e1ct, a to jsou borci z\u00a0absolutn\u00ed sv\u011btov\u00e9 \u0161pi\u010dky. K\u00a0tomu n\u00e1m po\u0159\u00e1d n\u011bco chyb\u00ed. Ka\u017ed\u00e9 um\u00edst\u011bn\u00ed do dvac\u00edtky bude \u00fasp\u011bchem,\u201c<\/em> prohl\u00e1sil reprezenta\u010dn\u00ed tren\u00e9r <strong>Erik Figar.<\/strong><\/p>\n\n\n\n<p>Oba \u010de\u0161t\u00ed z\u00e1vodn\u00edci vstoup\u00ed do \u0161ampion\u00e1tu ve \u010dtvrtek, kdy je na programu kvalifikace obou dIscipl\u00edn.<\/p>\n\n\n\n<p class=\"has-medium-font-size\"><strong>NOMINACE<\/strong><\/p>\n\n\n\n<p><strong>TRIAL<\/strong><\/p>\n\n\n\n<p><strong>Mu\u017ei, Elite 20\u201c: <\/strong>V\u00e1clav Kol\u00e1\u0159, Ren\u00e9 Vym\u011btal, David Vlas\u00e1k. <strong>Elite 26\u201c: <\/strong>Martin Damborsk\u00fd, Tom\u00e1\u0161 Vep\u0159ek.<\/p>\n\n\n\n<p><strong>Junio\u0159i 20\u201c: <\/strong>Jakub Kala\u0161, Franti\u0161ek Anderle, Vojt\u011bch Vep\u0159ek. <strong>Junio\u0159i 26\u201c: <\/strong>Vojt\u011bch Hendrych.<\/p>\n\n\n\n<p><strong>\u017deny: <\/strong>Eli\u0161ka H\u0159\u00edbkov\u00e1.<\/p>\n\n\n\n<p><strong>FREESTYLE BMX<\/strong><\/p>\n\n\n\n<p><strong>Park: <\/strong>Jan Bro\u017ea. <strong>Flatland:<\/strong> Martin Dra\u017eil.<\/p>\n\n\n\n<p>Foto: archiv<\/p>\n","protected":false},"excerpt":{"rendered":"<p>U\u017e v&nbsp;\u00fater\u00fd za\u010dne v&nbsp;Ab\u00fa Dhab\u00ed posledn\u00ed cyklistick\u00e9 mistrovstv\u00ed sv\u011bta tohoto roku. O sv\u011btov\u00e9 tituly budou v&nbsp;r\u00e1mci Urban Cycling \u0161ampion\u00e1tu bojovat spole\u010dn\u011b z\u00e1vodn\u00edci ve Freestyle BMX a trialist\u00e9. \u010cesk\u00e1 republika vys\u00edl\u00e1 do boj\u016f celkem dvan\u00e1ct reprezentant\u016f: 10 trialist\u016f a 2 z\u00e1stupce Freestyle BMX. P\u0159i ne\u00fa\u010dasti Ivety Miculy\u010dov\u00e9, kter\u00e1 se zranila a je po operaci, maj\u00ed v\u011bt\u0161\u00ed [&hellip;]<\/p>\n","protected":false},"author":15,"featured_media":32412,"comment_status":"closed","ping_status":"open","sticky":false,"template":"","format":"standard","meta":{"footnotes":""},"categories":[2],"tags":[55],"class_list":["post-33403","post","type-post","status-publish","format-standard","has-post-thumbnail","hentry","category-novinky","tag-bmx"],"_links":{"self":[{"href":"https:\/\/www.czechcyclingfederation.com\/en\/wp-json\/wp\/v2\/posts\/33403","targetHints":{"allow":["GET"]}}],"collection":[{"href":"https:\/\/www.czechcyclingfederation.com\/en\/wp-json\/wp\/v2\/posts"}],"about":[{"href":"https:\/\/www.czechcyclingfederation.com\/en\/wp-json\/wp\/v2\/types\/post"}],"author":[{"embeddable":true,"href":"https:\/\/www.czechcyclingfederation.com\/en\/wp-json\/wp\/v2\/users\/15"}],"replies":[{"embeddable":true,"href":"https:\/\/www.czechcyclingfederation.com\/en\/wp-json\/wp\/v2\/comments?post=33403"}],"version-history":[{"count":2,"href":"https:\/\/www.czechcyclingfederation.com\/en\/wp-json\/wp\/v2\/posts\/33403\/revisions"}],"predecessor-version":[{"id":33405,"href":"https:\/\/www.czechcyclingfederation.com\/en\/wp-json\/wp\/v2\/posts\/33403\/revisions\/33405"}],"wp:featuredmedia":[{"embeddable":true,"href":"https:\/\/www.czechcyclingfederation.com\/en\/wp-json\/wp\/v2\/media\/32412"}],"wp:attachment":[{"href":"https:\/\/www.czechcyclingfederation.com\/en\/wp-json\/wp\/v2\/media?parent=33403"}],"wp:term":[{"taxonomy":"category","embeddable":true,"href":"https:\/\/www.czechcyclingfederation.com\/en\/wp-json\/wp\/v2\/categories?post=33403"},{"taxonomy":"post_tag","embeddable":true,"href":"https:\/\/www.czechcyclingfederation.com\/en\/wp-json\/wp\/v2\/tags?post=33403"}],"curies":[{"name":"wp","href":"https:\/\/api.w.org\/{rel}","templated":true}]}}