{"id":33368,"date":"2024-12-15T12:09:06","date_gmt":"2024-12-15T11:09:06","guid":{"rendered":"https:\/\/www.czechcyclingfederation.com\/?p=33368"},"modified":"2024-12-15T12:13:04","modified_gmt":"2024-12-15T11:13:04","slug":"posledni-rozlouceni-s-petrem-markem","status":"publish","type":"post","link":"https:\/\/www.czechcyclingfederation.com\/en\/posledni-rozlouceni-s-petrem-markem\/","title":{"rendered":"Posledn\u00ed rozlou\u010den\u00ed s\u00a0Petrem Markem"},"content":{"rendered":"\n<p>V&nbsp;r\u00e1mci sobotn\u00edho dr\u00e1hov\u00e9ho m\u00edtinku Maxbike Mistrovstv\u00ed Planety v&nbsp;Praze Motole prob\u011bhlo ve\u0159ejn\u00e9 smute\u010dn\u00ed rozlou\u010den\u00ed s panem Petrem Markem, prezidentem \u010cesk\u00e9ho svazu cyklistiky, kter\u00fd n\u00e1s ned\u00e1vno nav\u017edy opustil.<\/p>\n\n\n\n<figure class=\"wp-block-image size-large\"><img loading=\"lazy\" decoding=\"async\" width=\"1024\" height=\"684\" src=\"https:\/\/www.czechcyclingfederation.com\/wp-content\/uploads\/2024\/12\/Petr-Marek-rozlouceni-2-1024x684.jpg\" alt=\"\" class=\"wp-image-33371\" srcset=\"https:\/\/www.czechcyclingfederation.com\/wp-content\/uploads\/2024\/12\/Petr-Marek-rozlouceni-2-1024x684.jpg 1024w, https:\/\/www.czechcyclingfederation.com\/wp-content\/uploads\/2024\/12\/Petr-Marek-rozlouceni-2-300x200.jpg 300w, https:\/\/www.czechcyclingfederation.com\/wp-content\/uploads\/2024\/12\/Petr-Marek-rozlouceni-2-768x513.jpg 768w, https:\/\/www.czechcyclingfederation.com\/wp-content\/uploads\/2024\/12\/Petr-Marek-rozlouceni-2-1536x1025.jpg 1536w, https:\/\/www.czechcyclingfederation.com\/wp-content\/uploads\/2024\/12\/Petr-Marek-rozlouceni-2-2048x1367.jpg 2048w, https:\/\/www.czechcyclingfederation.com\/wp-content\/uploads\/2024\/12\/Petr-Marek-rozlouceni-2-1320x881.jpg 1320w\" sizes=\"auto, (max-width: 1024px) 100vw, 1024px\" \/><\/figure>\n\n\n\n<p>Byla to rozlu\u010dka v\u00edce ne\u017e d\u016fstojn\u00e1. Z\u00fa\u010dastnila se j\u00ed cel\u00e1 \u0159ada \u010destn\u00fdch host\u016f. Dorazil i prezident Evropsk\u00e9 cyklistick\u00e9 unie Enrico Della Casa, kter\u00fd je rovn\u011b\u017e viceprezidentem Mezin\u00e1rodn\u00ed cyklistick\u00e9 unie (UCI). Spolu s&nbsp;viceprezidentem \u010cesk\u00e9ho svazu cyklistiky Davidem Pr\u016f\u0161ou zasadili na po\u010dest Petra Marka p\u0159ed budovou svazu l\u00edpu.<\/p>\n\n\n\n<figure class=\"wp-block-image size-large\"><img loading=\"lazy\" decoding=\"async\" width=\"1024\" height=\"681\" src=\"https:\/\/www.czechcyclingfederation.com\/wp-content\/uploads\/2024\/12\/Petr-Marek-rozlouceni-4-1024x681.jpg\" alt=\"\" class=\"wp-image-33377\" srcset=\"https:\/\/www.czechcyclingfederation.com\/wp-content\/uploads\/2024\/12\/Petr-Marek-rozlouceni-4-1024x681.jpg 1024w, https:\/\/www.czechcyclingfederation.com\/wp-content\/uploads\/2024\/12\/Petr-Marek-rozlouceni-4-300x200.jpg 300w, https:\/\/www.czechcyclingfederation.com\/wp-content\/uploads\/2024\/12\/Petr-Marek-rozlouceni-4-768x511.jpg 768w, https:\/\/www.czechcyclingfederation.com\/wp-content\/uploads\/2024\/12\/Petr-Marek-rozlouceni-4-1536x1022.jpg 1536w, https:\/\/www.czechcyclingfederation.com\/wp-content\/uploads\/2024\/12\/Petr-Marek-rozlouceni-4-2048x1363.jpg 2048w, https:\/\/www.czechcyclingfederation.com\/wp-content\/uploads\/2024\/12\/Petr-Marek-rozlouceni-4-1320x878.jpg 1320w\" sizes=\"auto, (max-width: 1024px) 100vw, 1024px\" \/><\/figure>\n\n\n\n<p>Samotn\u00e9 rozlou\u010den\u00ed s&nbsp;Petrem Markem moderoval s gr\u00e1ci\u00ed sob\u011b vlastn\u00ed Daniel Stach z&nbsp;\u010cT, kter\u00fd v minulosti p\u016fsobil i jako sp\u00edkr na z\u00e1vodech horsk\u00fdch kol a k&nbsp;Petru Markovi m\u011bl tud\u00ed\u017e hodn\u011b bl\u00edzko.<\/p>\n\n\n\n<figure class=\"wp-block-image size-large\"><img loading=\"lazy\" decoding=\"async\" width=\"1024\" height=\"684\" src=\"https:\/\/www.czechcyclingfederation.com\/wp-content\/uploads\/2024\/12\/Petr-Marek-rozlouceni-5-1024x684.jpg\" alt=\"\" class=\"wp-image-33382\" srcset=\"https:\/\/www.czechcyclingfederation.com\/wp-content\/uploads\/2024\/12\/Petr-Marek-rozlouceni-5-1024x684.jpg 1024w, https:\/\/www.czechcyclingfederation.com\/wp-content\/uploads\/2024\/12\/Petr-Marek-rozlouceni-5-300x200.jpg 300w, https:\/\/www.czechcyclingfederation.com\/wp-content\/uploads\/2024\/12\/Petr-Marek-rozlouceni-5-768x513.jpg 768w, https:\/\/www.czechcyclingfederation.com\/wp-content\/uploads\/2024\/12\/Petr-Marek-rozlouceni-5-1536x1025.jpg 1536w, https:\/\/www.czechcyclingfederation.com\/wp-content\/uploads\/2024\/12\/Petr-Marek-rozlouceni-5-2048x1367.jpg 2048w, https:\/\/www.czechcyclingfederation.com\/wp-content\/uploads\/2024\/12\/Petr-Marek-rozlouceni-5-1320x881.jpg 1320w\" sizes=\"auto, (max-width: 1024px) 100vw, 1024px\" \/><\/figure>\n\n\n\n<p>Smute\u010dn\u00ed proslovy p\u0159ednesli viceprezident \u010cSC David Pr\u016f\u0161a, gener\u00e1ln\u00ed sekret\u00e1\u0159ka svazu Jaroslava Krakovi\u010dov\u00e1 a tak\u00e9 p\u0159edseda komise MTB \u010cesk\u00e9ho svazu cyklistiky Josef Dloho\u0161.<\/p>\n\n\n\n<figure class=\"wp-block-image size-large\"><img loading=\"lazy\" decoding=\"async\" width=\"1024\" height=\"684\" src=\"https:\/\/www.czechcyclingfederation.com\/wp-content\/uploads\/2024\/12\/Petr-Marek-rozlouceni-6-1024x684.jpg\" alt=\"\" class=\"wp-image-33380\" srcset=\"https:\/\/www.czechcyclingfederation.com\/wp-content\/uploads\/2024\/12\/Petr-Marek-rozlouceni-6-1024x684.jpg 1024w, https:\/\/www.czechcyclingfederation.com\/wp-content\/uploads\/2024\/12\/Petr-Marek-rozlouceni-6-300x200.jpg 300w, https:\/\/www.czechcyclingfederation.com\/wp-content\/uploads\/2024\/12\/Petr-Marek-rozlouceni-6-768x513.jpg 768w, https:\/\/www.czechcyclingfederation.com\/wp-content\/uploads\/2024\/12\/Petr-Marek-rozlouceni-6-1536x1025.jpg 1536w, https:\/\/www.czechcyclingfederation.com\/wp-content\/uploads\/2024\/12\/Petr-Marek-rozlouceni-6-2048x1367.jpg 2048w, https:\/\/www.czechcyclingfederation.com\/wp-content\/uploads\/2024\/12\/Petr-Marek-rozlouceni-6-1320x881.jpg 1320w\" sizes=\"auto, (max-width: 1024px) 100vw, 1024px\" \/><\/figure>\n\n\n\n<p>Na m\u00edst\u011b bylo z\u0159\u00edzeno pietn\u00ed m\u00edsto, kde mohl ka\u017ed\u00fd zap\u00e1lit sv\u00ed\u010dku nebo polo\u017eit kv\u011btinu. K dispozici byla tak\u00e9 kondolen\u010dn\u00ed kniha, do kter\u00e9 mohli v\u0161ichni p\u0159\u00edtomn\u00ed zapsat sv\u00e9 my\u0161lenky a vzpom\u00ednky.<\/p>\n\n\n\n<p>Foto: Jan Brychta<\/p>\n\n\n\n<p><\/p>\n","protected":false},"excerpt":{"rendered":"<p>V&nbsp;r\u00e1mci sobotn\u00edho dr\u00e1hov\u00e9ho m\u00edtinku Maxbike Mistrovstv\u00ed Planety v&nbsp;Praze Motole prob\u011bhlo ve\u0159ejn\u00e9 smute\u010dn\u00ed rozlou\u010den\u00ed s panem Petrem Markem, prezidentem \u010cesk\u00e9ho svazu cyklistiky, kter\u00fd n\u00e1s ned\u00e1vno nav\u017edy opustil. Byla to rozlu\u010dka v\u00edce ne\u017e d\u016fstojn\u00e1. Z\u00fa\u010dastnila se j\u00ed cel\u00e1 \u0159ada \u010destn\u00fdch host\u016f. Dorazil i prezident Evropsk\u00e9 cyklistick\u00e9 unie Enrico Della Casa, kter\u00fd je rovn\u011b\u017e viceprezidentem Mezin\u00e1rodn\u00ed cyklistick\u00e9 unie [&hellip;]<\/p>\n","protected":false},"author":15,"featured_media":33369,"comment_status":"closed","ping_status":"open","sticky":false,"template":"","format":"standard","meta":{"footnotes":""},"categories":[2],"tags":[119],"class_list":["post-33368","post","type-post","status-publish","format-standard","has-post-thumbnail","hentry","category-novinky","tag-csc"],"_links":{"self":[{"href":"https:\/\/www.czechcyclingfederation.com\/en\/wp-json\/wp\/v2\/posts\/33368","targetHints":{"allow":["GET"]}}],"collection":[{"href":"https:\/\/www.czechcyclingfederation.com\/en\/wp-json\/wp\/v2\/posts"}],"about":[{"href":"https:\/\/www.czechcyclingfederation.com\/en\/wp-json\/wp\/v2\/types\/post"}],"author":[{"embeddable":true,"href":"https:\/\/www.czechcyclingfederation.com\/en\/wp-json\/wp\/v2\/users\/15"}],"replies":[{"embeddable":true,"href":"https:\/\/www.czechcyclingfederation.com\/en\/wp-json\/wp\/v2\/comments?post=33368"}],"version-history":[{"count":4,"href":"https:\/\/www.czechcyclingfederation.com\/en\/wp-json\/wp\/v2\/posts\/33368\/revisions"}],"predecessor-version":[{"id":33384,"href":"https:\/\/www.czechcyclingfederation.com\/en\/wp-json\/wp\/v2\/posts\/33368\/revisions\/33384"}],"wp:featuredmedia":[{"embeddable":true,"href":"https:\/\/www.czechcyclingfederation.com\/en\/wp-json\/wp\/v2\/media\/33369"}],"wp:attachment":[{"href":"https:\/\/www.czechcyclingfederation.com\/en\/wp-json\/wp\/v2\/media?parent=33368"}],"wp:term":[{"taxonomy":"category","embeddable":true,"href":"https:\/\/www.czechcyclingfederation.com\/en\/wp-json\/wp\/v2\/categories?post=33368"},{"taxonomy":"post_tag","embeddable":true,"href":"https:\/\/www.czechcyclingfederation.com\/en\/wp-json\/wp\/v2\/tags?post=33368"}],"curies":[{"name":"wp","href":"https:\/\/api.w.org\/{rel}","templated":true}]}}