{"id":33345,"date":"2024-12-09T17:43:08","date_gmt":"2024-12-09T16:43:08","guid":{"rendered":"https:\/\/www.czechcyclingfederation.com\/?p=33345"},"modified":"2024-12-09T17:43:11","modified_gmt":"2024-12-09T16:43:11","slug":"novy-evidencni-system-csc","status":"publish","type":"post","link":"https:\/\/www.czechcyclingfederation.com\/en\/novy-evidencni-system-csc\/","title":{"rendered":"Nov\u00fd eviden\u010dn\u00ed syst\u00e9m \u010cSC!"},"content":{"rendered":"\n<p>\u010cesk\u00fd svaz cyklistiky p\u0159ech\u00e1z\u00ed na nov\u00fd eviden\u010dn\u00ed syst\u00e9m, ve kter\u00e9m se budou realizovat jak \u017e\u00e1dosti o licence \u010cSC\/UCI, tak registrace odd\u00edl\u016f a nov\u00fdch \u010dlen\u016f odd\u00edl\u016f. Syst\u00e9m bude m\u00edt i samostatn\u00fd modul na kalend\u00e1\u0159 z\u00e1vod\u016f a evidenci v\u00fdsledk\u016f.<\/p>\n\n\n\n<p><em>\u201eP\u0159ed dv\u011bma lety jsme se rozhodli pro v\u00fdvoj nov\u00e9ho eviden\u010dn\u00edho syst\u00e9mu \u010cesk\u00e9ho svazu cyklistiky, proto\u017ee p\u016fvodn\u00ed byl ji\u017e za zenitem dne\u0161n\u00ed doby. Nov\u00fd syst\u00e9m je postaven na modern\u00edm z\u00e1kladu, kter\u00fd umo\u017e\u0148uje jednak v\u0161echny funkce od evidence \u010dlen\u016f, odd\u00edl\u016f, v\u00fdsledk\u016f apod., ale z\u00e1rove\u0148 je p\u0159ipraven pro \u0159e\u0161en\u00ed nov\u00fdch modul\u016f, kter\u00e9 budeme p\u0159\u00edpadn\u011b d\u00e1le vyv\u00edjet,\u201c<\/em> uvedla gener\u00e1ln\u00ed sekret\u00e1\u0159ka \u010cSC <strong>Jaroslava Krakovi\u010dov\u00e1.<\/strong><\/p>\n\n\n\n<p>Vstup do licen\u010dn\u00edho port\u00e1lu je stejn\u00fd jako v&nbsp;p\u0159edchoz\u00ed datab\u00e1zi. Jednoduch\u00fdm kliknut\u00edm na tento odkaz&nbsp;<a href=\"https:\/\/www.czechcyclingfederation.com\/procleny\/licence-csc\/\" target=\"_blank\" rel=\"noreferrer noopener\">ZDE<\/a>&nbsp;se dostanete na hlavn\u00ed rozd\u011blovn\u00edk, kde naleznete jednak VSTUP do eviden\u010dn\u00edho syst\u00e9mu a rovn\u011b\u017e VIDEO n\u00e1vody na obsluhu jednotliv\u00fdch modul\u016f a funkcionalit syst\u00e9mu.<\/p>\n\n\n\n<p><strong>Nov\u00fd eviden\u010dn\u00ed syst\u00e9m<\/strong>&nbsp;je u\u017eivatelsk\u00fd velmi podobn\u00fd p\u016fvodn\u00ed datab\u00e1zi, tak\u017ee by nem\u011blo doch\u00e1zet k&nbsp;z\u00e1sadn\u00edm pochyben\u00edm. Naopak, n\u011bkter\u00e9 funkcionality budou tzv.&nbsp;<strong>\u201eusers friendly\u201c<\/strong>&nbsp;a usnadn\u00ed V\u00e1m pr\u00e1ci se syst\u00e9mem.<\/p>\n\n\n\n<p><strong>Ru\u0161\u00ed se \u201epap\u00edrov\u00e1\u201c podoba<\/strong>&nbsp;\u017d\u00e1dosti o mezin\u00e1rodn\u00ed licenci, podpis GDPR, p\u0159estupn\u00edho l\u00edstku a hostov\u00e1n\u00ed.&nbsp;<strong>V\u0161e se bude potvrzovat v&nbsp;online eviden\u010dn\u00edm syst\u00e9mu.<\/strong><\/p>\n\n\n\n<p>D\u016fle\u017eit\u00e9 dokumenty pot\u0159ebn\u00e9 k&nbsp;\u017e\u00e1dostem o licenci, kter\u00e9 bude evidovat klub\/odd\u00edl v&nbsp;r\u00e1mci p\u0159ihl\u00e1\u0161ky \u010dlena do odd\u00edlu a kter\u00e9 souvis\u00ed s&nbsp;\u017e\u00e1dost\u00ed o licenci, naleznete na v\u00fd\u0161e uveden\u00e9m odkaze.<\/p>\n\n\n\n<p>Heslo pro prvn\u00ed vstup do syst\u00e9mu V\u00e1m bude individu\u00e1ln\u011b zasl\u00e1no na V\u00e1\u0161 email, kter\u00fd m\u00e1te veden v&nbsp;datab\u00e1zi a na kter\u00fd nyn\u00ed sm\u011b\u0159uje tento email.<\/p>\n\n\n\n<p><\/p>\n","protected":false},"excerpt":{"rendered":"<p>\u010cesk\u00fd svaz cyklistiky p\u0159ech\u00e1z\u00ed na nov\u00fd eviden\u010dn\u00ed syst\u00e9m, ve kter\u00e9m se budou realizovat jak \u017e\u00e1dosti o licence \u010cSC\/UCI, tak registrace odd\u00edl\u016f a nov\u00fdch \u010dlen\u016f odd\u00edl\u016f. Syst\u00e9m bude m\u00edt i samostatn\u00fd modul na kalend\u00e1\u0159 z\u00e1vod\u016f a evidenci v\u00fdsledk\u016f. \u201eP\u0159ed dv\u011bma lety jsme se rozhodli pro v\u00fdvoj nov\u00e9ho eviden\u010dn\u00edho syst\u00e9mu \u010cesk\u00e9ho svazu cyklistiky, proto\u017ee p\u016fvodn\u00ed byl ji\u017e [&hellip;]<\/p>\n","protected":false},"author":30,"featured_media":32391,"comment_status":"closed","ping_status":"open","sticky":false,"template":"","format":"standard","meta":{"footnotes":""},"categories":[2,1],"tags":[119],"class_list":["post-33345","post","type-post","status-publish","format-standard","has-post-thumbnail","hentry","category-novinky","category-uncategorized-cs","tag-csc"],"_links":{"self":[{"href":"https:\/\/www.czechcyclingfederation.com\/en\/wp-json\/wp\/v2\/posts\/33345","targetHints":{"allow":["GET"]}}],"collection":[{"href":"https:\/\/www.czechcyclingfederation.com\/en\/wp-json\/wp\/v2\/posts"}],"about":[{"href":"https:\/\/www.czechcyclingfederation.com\/en\/wp-json\/wp\/v2\/types\/post"}],"author":[{"embeddable":true,"href":"https:\/\/www.czechcyclingfederation.com\/en\/wp-json\/wp\/v2\/users\/30"}],"replies":[{"embeddable":true,"href":"https:\/\/www.czechcyclingfederation.com\/en\/wp-json\/wp\/v2\/comments?post=33345"}],"version-history":[{"count":2,"href":"https:\/\/www.czechcyclingfederation.com\/en\/wp-json\/wp\/v2\/posts\/33345\/revisions"}],"predecessor-version":[{"id":33347,"href":"https:\/\/www.czechcyclingfederation.com\/en\/wp-json\/wp\/v2\/posts\/33345\/revisions\/33347"}],"wp:featuredmedia":[{"embeddable":true,"href":"https:\/\/www.czechcyclingfederation.com\/en\/wp-json\/wp\/v2\/media\/32391"}],"wp:attachment":[{"href":"https:\/\/www.czechcyclingfederation.com\/en\/wp-json\/wp\/v2\/media?parent=33345"}],"wp:term":[{"taxonomy":"category","embeddable":true,"href":"https:\/\/www.czechcyclingfederation.com\/en\/wp-json\/wp\/v2\/categories?post=33345"},{"taxonomy":"post_tag","embeddable":true,"href":"https:\/\/www.czechcyclingfederation.com\/en\/wp-json\/wp\/v2\/tags?post=33345"}],"curies":[{"name":"wp","href":"https:\/\/api.w.org\/{rel}","templated":true}]}}