{"id":33325,"date":"2024-12-09T06:36:49","date_gmt":"2024-12-09T05:36:49","guid":{"rendered":"https:\/\/www.czechcyclingfederation.com\/?p=33325"},"modified":"2024-12-09T17:14:35","modified_gmt":"2024-12-09T16:14:35","slug":"david-prusa-je-jedinym-kandidatem-na-post-prezidenta-csc","status":"publish","type":"post","link":"https:\/\/www.czechcyclingfederation.com\/en\/david-prusa-je-jedinym-kandidatem-na-post-prezidenta-csc\/","title":{"rendered":"David Pr\u016f\u0161a je jedin\u00fdm kandid\u00e1tem na post prezidenta \u010cSC"},"content":{"rendered":"\n<p><em>St\u00e1vaj\u00edc\u00ed viceprezident \u010cesk\u00e9ho svazu cyklistiky <strong>David Pr\u016f\u0161a<\/strong> je po uz\u00e1v\u011brce p\u0159ihl\u00e1\u0161ek jedin\u00fdm kandid\u00e1tem na funkci prezidenta \u010cesk\u00e9ho svazu cyklistiky. Ten se bude volit pot\u00e9, co 27. \u0159\u00edjna opustil p\u0159ed\u010dasn\u011b tento sv\u011bt ve v\u011bku 60 let st\u00e1vaj\u00edc\u00ed prezident Petr Marek.<\/em><em><\/em><\/p>\n\n\n\n<p><em>Uz\u00e1v\u011brka p\u0159ihl\u00e1\u0161ek byla 29. listopadu, tedy 45 dn\u00ed p\u0159ed uskute\u010dn\u011bn\u00edm volebn\u00ed valn\u00e9 hromady \u010cSC. Ta se bude konat 14. ledna od 11 hodin. Sv\u00e9 kandid\u00e1ty mohly nominovat Krajsk\u00e9 svazy i jednotliv\u00e9 discipl\u00edny. &nbsp;A jedin\u00fdm nominovan\u00fdm je viceprezident \u010cSC David Pr\u016f\u0161a, kter\u00fd z\u00e1rove\u0148 zast\u00e1v\u00e1 i funkci p\u0159edsedy komise BMX, p\u0159edsedy disciplin\u00e1rn\u00ed komise a p\u0159edsedy v\u00fdboru Pra\u017esk\u00e9ho cyklistick\u00e9ho svazu. A p\u0159i t\u00e9to p\u0159\u00edle\u017eitosti jsme Davida Pr\u016f\u0161u vyzpov\u00eddali v&nbsp;n\u00e1sleduj\u00edc\u00edm rozhovoru.<\/em><em><\/em><\/p>\n\n\n\n<p><strong>M\u016f\u017eete se kr\u00e1tce p\u0159edstavit \u0161ir\u0161\u00ed ve\u0159ejnosti?<\/strong><strong><\/strong><\/p>\n\n\n\n<p>Mysl\u00edm si, \u017ee mnoho na\u0161ich \u010dten\u00e1\u0159\u016f u\u017e o mn\u011b alespo\u0148 n\u011bco zaslechlo. Je mi 50 let, v&nbsp;osmdes\u00e1t\u00fdch letech minul\u00e9ho stolet\u00ed jsem byl jezdcem bikrosu, tehdy mu BMX je\u0161t\u011b nikdo ne\u0159\u00edkal. Devades\u00e1tky jsem tr\u00e1vil u Policie \u010cesk\u00e9 republiky, kdy jsem svoji kari\u00e9ru zakon\u010dil jako vy\u0161et\u0159ovatel \u00da\u0159adu vy\u0161et\u0159ov\u00e1n\u00ed pro \u010ceskou republiku. Pak jsem na chv\u00edli ocitl v&nbsp;advokacii, abych v roce 2009 nastoupil na ministerstvo obrany jako bezpe\u010dnostn\u00ed \u0159editel. V&nbsp;r\u00e1mci v\u00fdkonu t\u00e9to pr\u00e1ce jsem nav\u0161t\u00edvil v\u0161echna mo\u017en\u00e1 boji\u0161t\u011b, Kosovo, Afgh\u00e1nist\u00e1n apod. V&nbsp;roce 2011 jsem pak vykon\u00e1val funkci poradce n\u00e1m\u011bstka ministra financ\u00ed, kdy jsem m\u011bl na starost oblast tzv. pran\u00ed \u0161pinav\u00fdch pen\u011bz. Pak jsem podnikal v oblasti bezpe\u010dnosti a&nbsp;od roku 2019 jsem v advokacii.<\/p>\n\n\n\n<p><strong>A va\u0161e kari\u00e9ra cyklistick\u00e9ho funkcion\u00e1\u0159e za\u010dala kdy?<\/strong><\/p>\n\n\n\n<p>V roce 2010. Tehdy m\u011b m\u016fj otec, tehdej\u0161\u00ed p\u0159edseda Pra\u017esk\u00e9ho cyklistick\u00e9ho svazu, p\u0159emluvil, a\u0165 to vezmu za n\u011bj. V n\u011bjak\u00e9 \u201eslab\u00e9\u201c chvilce jsem mu na to k\u00fdvl a od t\u00e9 doby se to se mnou u\u017e veze. Kdy\u017e jste p\u0159edseda krajsk\u00e9ho svazu, jste automaticky \u010dlenem v\u00fdkonn\u00e9ho v\u00fdboru, pak p\u0159i\u0161lo m\u00e9 jmenov\u00e1n\u00ed p\u0159edsedou disciplin\u00e1rn\u00ed komise, pak p\u0159edsedou komise pro nov\u00e9 stanovy, p\u0159edsedou komise BMX, n\u00e1sledn\u011b jsem byl jmenov\u00e1n \u010dlenem prezidia a zavr\u0161il to funkc\u00ed viceprezidenta. Za t\u011bch 14 let jsem z\u00edskal opravdu velk\u00fd a ucelen\u00fd p\u0159ehled nejen o \u010desk\u00e9 cyklistice, ale o cel\u00e9m na\u0161em sportovn\u00edm hnut\u00ed.<\/p>\n\n\n\n<p><strong>Byl jste pravou rukou Petra Marka, kter\u00fd p\u0159ed\u010dasn\u011b ode\u0161el z&nbsp;tohoto sv\u011bta. C\u00edtil jste jakousi nepsanou povinnost do toho po n\u011bm j\u00ed<\/strong><strong>t?<\/strong><strong><\/strong><\/p>\n\n\n\n<p>V\u017edy, kdy\u017e byl Petr zvolen prezidentem svazu, \u0159\u00edkal, \u017ee je to naposled. Poka\u017ed\u00e9 se n\u00e1m ho poda\u0159ilo p\u0159emluvit a vzal je\u0161t\u011b dal\u0161\u00ed obdob\u00ed. Po jeho zvolen\u00ed v \u010dervnu tohoto roku jsem ale nabyl dojmu, \u017ee je to skute\u010dn\u011b jeho posledn\u00ed obdob\u00ed. N\u011bkdy v t\u00e9 dob\u011b jsem za\u010dal \u0159e\u0161it, co bude za 4 roky, do t\u00e9 doby by m\u011b ani ve snu nenapadlo, \u017ee se budu n\u011bkdy uch\u00e1zet o tuto funkci. Mo\u017enost\u00ed, jak to bude po olympi\u00e1d\u011b v Los Angeles, se nab\u00edzelo n\u011bkolik, byl \u010das se na v\u0161e p\u0159ipravit. Petrova smrt byla pro m\u011b velk\u00fdm \u0161okem. Najednou se rozhodov\u00e1n\u00ed optikou zb\u00fdvaj\u00edc\u00edch t\u0159\u00ed a p\u016fl roku smrskla na velmi kr\u00e1tk\u00fd \u010dasov\u00fd okam\u017eik. Uv\u011bdomil jsem si, jak bl\u00edzko jsem k n\u011bmu m\u011bl, a \u017ee jsem ve sv\u00e9 podstat\u011b v\u011bd\u011bl o v\u0161em, co chyst\u00e1. Ne, \u017ee bych se na v\u0161em v\u00fdkonn\u011b pod\u00edlel, ale konzultovali jsme spolu t\u00e9m\u011b\u0159 v\u0161e, cht\u011bl zn\u00e1t m\u016fj n\u00e1zor a dal na n\u011bj.<\/p>\n\n\n\n<p><strong>Tak\u017ee se kandidatura p\u0159\u00edmo nab\u00edzela\u2026<\/strong><strong><\/strong><\/p>\n\n\n\n<p>Ano, ale rozhodnut\u00ed, zda do toho j\u00edt, nebylo v\u016fbec jednoduch\u00e9. J\u00e1 jsem pom\u011brn\u011b vyt\u00ed\u017een\u00fd \u010dlov\u011bk s ohledem na m\u00e9 povol\u00e1n\u00ed advok\u00e1ta, a funkci prezidenta nen\u00ed mo\u017en\u00e9 vykon\u00e1vat na p\u016fl plynu. Rozhodoval jsem mezi t\u00edm, zda omezit svoji advok\u00e1tn\u00ed praxi ve prosp\u011bch cyklistiky \u010di nikoliv. Nakonec jsem se rozhodl do toho j\u00edt i za cenu, \u017ee omez\u00edm advokacii a budu se v\u00edce v\u011bnovat svazu. Dosp\u011bl jsem k z\u00e1v\u011bru, \u017ee nepokusit se dot\u00e1hnout rozjet\u00e9 projekty by byla zbab\u011blost a tu j\u00e1 v krvi nem\u00e1m. Proto jsem ozn\u00e1mil sv\u016fj z\u00e1m\u011br uch\u00e1zet se o funkci prezidenta svazu.<\/p>\n\n\n\n<figure class=\"wp-block-image size-large\"><img loading=\"lazy\" decoding=\"async\" width=\"1024\" height=\"682\" src=\"https:\/\/www.czechcyclingfederation.com\/wp-content\/uploads\/2024\/12\/David-Prusa-2-1024x682.jpg\" alt=\"\" class=\"wp-image-33341\" srcset=\"https:\/\/www.czechcyclingfederation.com\/wp-content\/uploads\/2024\/12\/David-Prusa-2-1024x682.jpg 1024w, https:\/\/www.czechcyclingfederation.com\/wp-content\/uploads\/2024\/12\/David-Prusa-2-300x200.jpg 300w, https:\/\/www.czechcyclingfederation.com\/wp-content\/uploads\/2024\/12\/David-Prusa-2-768x512.jpg 768w, https:\/\/www.czechcyclingfederation.com\/wp-content\/uploads\/2024\/12\/David-Prusa-2-1536x1024.jpg 1536w, https:\/\/www.czechcyclingfederation.com\/wp-content\/uploads\/2024\/12\/David-Prusa-2-1320x880.jpg 1320w, https:\/\/www.czechcyclingfederation.com\/wp-content\/uploads\/2024\/12\/David-Prusa-2.jpg 2000w\" sizes=\"auto, (max-width: 1024px) 100vw, 1024px\" \/><\/figure>\n\n\n\n<p><strong>Co pro v\u00e1s znamen\u00e1, \u017ee jste jedin\u00fdm kandid\u00e1tem na post prezidenta?<\/strong><strong><\/strong><\/p>\n\n\n\n<p>V\u00edte, kdy\u017e se v n\u011bjak\u00fdch demokratick\u00fdch volb\u00e1ch objev\u00ed pouze jeden kandid\u00e1t, napadne \u010dlov\u011bka n\u011bkolik mo\u017enost\u00ed, pro\u010d to tak je. Bu\u010f je ta funkce nezaj\u00edmav\u00e1, spole\u010dnost si nevychovala dostatek vhodn\u00fdch kandid\u00e1t\u016f \u010di je st\u00e1vaj\u00ed kandid\u00e1t natolik siln\u00fd, \u017ee s n\u00edm ostatn\u00ed necht\u011bj\u00ed j\u00edt do st\u0159etu. P\u0159i posledn\u00edch volb\u00e1ch v \u010dervnu tohoto roku platila posledn\u00ed mo\u017enost, nebo\u0165 jsme tak\u00e9 volili z jednoho kandid\u00e1ta a jist\u011b mi v\u0161ichni daj\u00ed za pravdu, \u017ee to byl kandid\u00e1t velmi siln\u00fd, respektovan\u00fd cel\u00fdm cyklistick\u00fdm sv\u011btem, ale d\u00e1 se \u0159\u00edci i celou sportovn\u00ed obc\u00ed. Douf\u00e1m, \u017ee tomu tak bude i v p\u0159\u00edpad\u011b m\u00e9 kandidatury.<\/p>\n\n\n\n<p><strong>Co budete pova\u017eovat za priority na n\u00e1sleduj\u00edc\u00ed t\u00fddny, m\u011bs\u00edce, roky?<\/strong><strong><\/strong><\/p>\n\n\n\n<p>Moji velkou v\u00fdhodou je, \u017ee se nepot\u0159ebuji seznamovat s chodem svazu, jako by tomu bylo u&nbsp;zvolen\u00e9ho kandid\u00e1ta, kter\u00fd se ve svazov\u00fdch struktur\u00e1ch nepohyboval, nepot\u0159ebuji tedy v&nbsp;politice tolik obl\u00edben\u00fdch 100 dn\u00ed h\u00e1jen\u00ed. Po boku Petra Marka jsem se pohyboval posledn\u00edch \u0161est let, v\u00edm, jak svaz funguje, a co mus\u00edm zejm\u00e9na ocenit je profesionalita jeho kmenov\u00fdch zam\u011bstnanc\u016f. To bych cht\u011bl podtrhnout. Prioritou je pokra\u010dovat v Petrov\u011b pr\u00e1ci, ostatn\u011b to byl hlavn\u00ed motiv m\u00e9 kandidatury. O&nbsp;v\u011bt\u0161in\u011b projekt\u016f jsme spolu diskutovali, tak\u017ee v\u00edm, \u010deho cht\u011bl dos\u00e1hnout a d\u00e1 se \u0159\u00edci, \u017ee ty c\u00edle byly na\u0161e spole\u010dn\u00e9.<\/p>\n\n\n\n<p><strong>Co je pro v\u00e1s prioritou nejz\u00e1sadn\u011bj\u0161\u00ed?<\/strong><\/p>\n\n\n\n<p>V\u00fdstavba nov\u00e9ho velodromu v Brn\u011b. Ve st\u00e1vaj\u00edc\u00ed rozpracovanosti projektu u\u017e si nem\u016f\u017eeme dovolit, abychom ho nedokon\u010dili. Troufnu si \u0159\u00edci, \u017ee v porevolu\u010dn\u00ed dob\u011b zde cyklistika nem\u011bla v\u00fdznamn\u011bj\u0161\u00ed projekt a mus\u00edme v\u0161ichni t\u00e1hnout za jeden provaz, abychom to spole\u010dn\u011b dot\u00e1hli do v\u00edt\u011bzn\u00e9ho konce. Jako svazov\u00fd funkcion\u00e1\u0159 dod\u00e1v\u00e1m, \u017ee to pro \u010deskou vrcholovou cyklistiku m\u00e1 i&nbsp;ekonomick\u00fd p\u0159\u00ednos, nebo\u0165 na dr\u00e1ze se rozd\u011bluje, tu\u0161\u00edm, 12 sad olympijsk\u00fdch medail\u00ed, nejv\u00edce ze v\u0161ech discipl\u00edn. V sou\u010dasn\u00e9m syst\u00e9mu financov\u00e1n\u00ed sportu v \u010cesk\u00e9 republice m\u00e1 tedy dr\u00e1hov\u00e1 cyklistika nejv\u011bt\u0161\u00ed spole\u010denskou odpov\u011bdnost p\u0159i z\u00edsk\u00e1v\u00e1n\u00ed medail\u00ed a t\u00edm i financov\u00e1n\u00ed cyklistick\u00e9ho sportu na reprezenta\u010dn\u00ed \u00farovni. T\u00edm nechci ov\u0161em \u0159\u00edci, \u017ee ostatn\u00ed discipl\u00edny jsou na druh\u00e9 koleji. Sna\u017e\u00edme se na prezidiu a v\u00fdkonn\u00e9m v\u00fdboru dr\u017eet vyv\u00e1\u017eenost mezi v\u0161emi sedmi cyklistick\u00fdmi discipl\u00ednami a mysl\u00edm si, \u017ee se n\u00e1m to da\u0159\u00ed.<\/p>\n\n\n\n<p><strong>A dal\u0161\u00ed projekty? <\/strong><strong><\/strong><\/p>\n\n\n\n<p>Je jich \u0159ada. A\u0165 je to zlep\u0161en\u00ed n\u00e1boru do cyklistick\u00fdch odd\u00edl\u016f, kontinu\u00e1ln\u00ed vzd\u011bl\u00e1v\u00e1n\u00ed tren\u00e9r\u016f, po\u0159\u00e1d\u00e1n\u00ed v\u00fdznamn\u00fdch sportovn\u00edch akc\u00ed. \u010cesk\u00e1 cyklistika se v&nbsp;po\u0159\u00e1d\u00e1n\u00ed z\u00e1vod\u016f rozhodn\u011b nem\u00e1 za co styd\u011bt, by\u0165 n\u011bkte\u0159\u00ed st\u00e1le remcaj\u00ed. Po\u0159\u00e1d\u00e1me Sv\u011btov\u00e9 poh\u00e1ry, Evropsk\u00e9 poh\u00e1ry, mistrovstv\u00ed Evropy a v leto\u0161n\u00edm roce i mistrovstv\u00ed sv\u011bta. To jsou v\u0161e n\u00e1ro\u010dn\u00e9 akce a za jejich po\u0159\u00e1d\u00e1n\u00ed jsme na mezin\u00e1rodn\u00ed \u00farovni velmi chv\u00e1leni.&nbsp; Po\u0159adatel\u00e9 t\u011bchto z\u00e1vod\u016f si od n\u00e1s zaslou\u017e\u00ed nejen velk\u00fd obdiv, ale t\u00e9\u017e pod\u011bkov\u00e1n\u00ed.<\/p>\n\n\n\n<p><strong>P\u0159ijdou zm\u011bny i na svazov\u00e9 \u00farovni?<\/strong><\/p>\n\n\n\n<p>V&nbsp;n\u011bkter\u00fdch oblastech ano, v\u011bt\u0161inu logicky je\u0161t\u011b pl\u00e1noval Petr. Jde zejm\u00e9na o pos\u00edlen\u00ed marketingu svazu, zlep\u0161en\u00ed komunikace nejen s v\u00fdznamn\u00fdmi partnery, ale t\u00e9\u017e i s \u010dlenskou z\u00e1kladnou. Sna\u017e\u00edme se svaz u\u010dinit otev\u0159en\u011bj\u0161\u00ed a transparentn\u011bj\u0161\u00ed cyklistick\u00e9 obci a mysl\u00edm, \u017ee toto mi potvrd\u00ed ka\u017ed\u00fd \u0159\u00e1dn\u00fd \u010dlen. S t\u00edm souvis\u00ed i jist\u00e1 zm\u011bna paradigmatu svazu v p\u0159\u00edstupu k tzv. hobby jezdc\u016fm \u010di jezdc\u016fm nov\u00fdch cyklistick\u00fdch discipl\u00edn jako jsou gravel \u010di pumptrack. Je\u0161t\u011b v lo\u0148sk\u00e9m roce jsme na prezidiu nap\u0159. rozhodli o&nbsp;minim\u00e1ln\u00ed podpo\u0159e t\u011bchto nov\u00fdch discipl\u00edn, z\u00e1hy jsme si ov\u0161em uv\u011bdomili chybu a&nbsp;napravili ji. Jak bylo jednou \u0159e\u010deno \u2013 jen bl\u00e1zen nem\u011bn\u00ed sv\u00e9 n\u00e1zory, a my za bl\u00e1zny b\u00fdt nechceme. Na to neseme v\u016f\u010di cyklistick\u00e9 obci p\u0159\u00edli\u0161 velkou odpov\u011bdnost.<\/p>\n\n\n\n<p><strong>M\u016f\u017eete tro\u0161ku rozkl\u00ed\u010dovat, jak chcete m\u011bnit p\u0159\u00edstup k&nbsp;hobby jezdc\u016fm?<\/strong><\/p>\n\n\n\n<p>Svaz dlouho stav\u011bl svoji roli pouze na metodick\u00e9m \u0159\u00edzen\u00ed sportu a organizace reprezentace. Nyn\u00ed doch\u00e1z\u00edme k n\u00e1zoru, \u017ee tuto vyhran\u011bnost je t\u0159eba opustit. Nebudu te\u010f p\u0159\u00edli\u0161 konkr\u00e9tn\u00ed, ale p\u0159ipravujeme projekt, kter\u00fd by mohl b\u00fdt game changer ve vztahu svaz cyklistiky \u2013 hobby jezdci. Dr\u017ete n\u00e1m palce, a\u0165 se poda\u0159\u00ed, proto\u017ee tak budeme moci \u0159\u00edci, \u017ee se svaz cyklistiky st\u00e1v\u00e1 st\u0159echou cyklistick\u00e9ho hnut\u00ed v \u010cesk\u00e9 republice. V\u00edm, revoluce se ned\u00e1 ud\u011blat ze dne na den, ale postupn\u00fdmi kroky lze vn\u00edm\u00e1n\u00ed svazu posouvat k&nbsp;pozitivn\u011bj\u0161\u00edmu obrazu. To byl ostatn\u011b i d\u016fvod, pro\u010d p\u0159ed \u0161esti lety Petr kandidoval na prezidenta svazu. C\u00edtil pot\u0159ebu a svoji odpov\u011bdnost jej zm\u011bnit, a to se mu alespo\u0148 v m\u00fdch o\u010d\u00edch povedlo.<\/p>\n\n\n\n<p><strong>Jak je t\u011b\u017ek\u00e9 se do toho v\u0161eho za pochodu dost\u00e1vat, kdy\u017e Petr Marek ode\u0161el tak n\u00e1<\/strong><strong>hle?<\/strong><\/p>\n\n\n\n<p>T\u011b\u017ek\u00e9 to je. T\u00edm, \u017ee byl jeho odchod tak ne\u010dekan\u00fd, tak se mi v podstat\u011b zm\u011bnil \u017eivot z hodiny na hodinu. Vn\u00edm\u00e1m svoji roli p\u0159edsedy Komise BMX, v n\u00ed\u017e jsem od roku 2017 a v n\u00ed\u017e jsem m\u011bl a st\u00e1le m\u00e1m vize, jak ji posunout d\u00e1l. Nyn\u00ed mus\u00edm odejit od rozd\u011blan\u00e9 pr\u00e1ce a p\u0159esto doufat, \u017ee ty vize budou napln\u011bny tak, jako se j\u00e1 pokus\u00edm naplnit vize Petra. Ano, st\u00e1le tu jsem BMX po ruce, ale ob\u00e1v\u00e1m se, \u017ee \u010das je veli\u010dina, kterou si koupit nelze. A kdy\u017e jsem BMX v\u011bnoval 100 % sv\u00e9ho voln\u00e9ho \u010dasu, tak nyn\u00ed to tak ji\u017e b\u00fdt z pochopiteln\u00fdch d\u016fvod\u016f nem\u016f\u017ee. Nicm\u00e9n\u011b v\u00fdhodou je, \u017ee n\u011bkter\u00e9 procesy, kter\u00e9 se v BMX uk\u00e1zaly jako mimo\u0159\u00e1dn\u011b p\u0159\u00ednosn\u00e9, m\u016f\u017eu pomoci aplikovat i do ostatn\u00edch discipl\u00edn.<\/p>\n","protected":false},"excerpt":{"rendered":"<p>St\u00e1vaj\u00edc\u00ed viceprezident \u010cesk\u00e9ho svazu cyklistiky David Pr\u016f\u0161a je po uz\u00e1v\u011brce p\u0159ihl\u00e1\u0161ek jedin\u00fdm kandid\u00e1tem na funkci prezidenta \u010cesk\u00e9ho svazu cyklistiky. Ten se bude volit pot\u00e9, co 27. \u0159\u00edjna opustil p\u0159ed\u010dasn\u011b tento sv\u011bt ve v\u011bku 60 let st\u00e1vaj\u00edc\u00ed prezident Petr Marek. Uz\u00e1v\u011brka p\u0159ihl\u00e1\u0161ek byla 29. listopadu, tedy 45 dn\u00ed p\u0159ed uskute\u010dn\u011bn\u00edm volebn\u00ed valn\u00e9 hromady \u010cSC. Ta se [&hellip;]<\/p>\n","protected":false},"author":15,"featured_media":33326,"comment_status":"closed","ping_status":"open","sticky":false,"template":"","format":"standard","meta":{"footnotes":""},"categories":[2],"tags":[119],"class_list":["post-33325","post","type-post","status-publish","format-standard","has-post-thumbnail","hentry","category-novinky","tag-csc"],"_links":{"self":[{"href":"https:\/\/www.czechcyclingfederation.com\/en\/wp-json\/wp\/v2\/posts\/33325","targetHints":{"allow":["GET"]}}],"collection":[{"href":"https:\/\/www.czechcyclingfederation.com\/en\/wp-json\/wp\/v2\/posts"}],"about":[{"href":"https:\/\/www.czechcyclingfederation.com\/en\/wp-json\/wp\/v2\/types\/post"}],"author":[{"embeddable":true,"href":"https:\/\/www.czechcyclingfederation.com\/en\/wp-json\/wp\/v2\/users\/15"}],"replies":[{"embeddable":true,"href":"https:\/\/www.czechcyclingfederation.com\/en\/wp-json\/wp\/v2\/comments?post=33325"}],"version-history":[{"count":6,"href":"https:\/\/www.czechcyclingfederation.com\/en\/wp-json\/wp\/v2\/posts\/33325\/revisions"}],"predecessor-version":[{"id":33344,"href":"https:\/\/www.czechcyclingfederation.com\/en\/wp-json\/wp\/v2\/posts\/33325\/revisions\/33344"}],"wp:featuredmedia":[{"embeddable":true,"href":"https:\/\/www.czechcyclingfederation.com\/en\/wp-json\/wp\/v2\/media\/33326"}],"wp:attachment":[{"href":"https:\/\/www.czechcyclingfederation.com\/en\/wp-json\/wp\/v2\/media?parent=33325"}],"wp:term":[{"taxonomy":"category","embeddable":true,"href":"https:\/\/www.czechcyclingfederation.com\/en\/wp-json\/wp\/v2\/categories?post=33325"},{"taxonomy":"post_tag","embeddable":true,"href":"https:\/\/www.czechcyclingfederation.com\/en\/wp-json\/wp\/v2\/tags?post=33325"}],"curies":[{"name":"wp","href":"https:\/\/api.w.org\/{rel}","templated":true}]}}