{"id":3332,"date":"2021-01-29T17:39:46","date_gmt":"2021-01-29T16:39:46","guid":{"rendered":"http:\/\/www.czechcyclingfederation.com\/?p=3332"},"modified":"2021-01-29T17:40:53","modified_gmt":"2021-01-29T16:40:53","slug":"drahove-mcr-bude","status":"publish","type":"post","link":"https:\/\/www.czechcyclingfederation.com\/en\/drahove-mcr-bude\/","title":{"rendered":"Dr\u00e1hov\u00e9 M\u010cR bude!"},"content":{"rendered":"\n<p>Za velmi p\u0159\u00edsn\u00fdch podm\u00ednek a hygienicko epidemiologick\u00fdch opat\u0159en\u00ed prob\u011bhne ve dnech 8.-12.2.2021 Mistrovstv\u00ed \u010cesk\u00e9 republiky na dr\u00e1ze v Praze Motole.<\/p>\n\n\n\n<p>Po\u0159adatel\u00e9 TJ Dukla a ASO Dukla ve spolupr\u00e1ci s \u010cesk\u00fdm svazem cyklistiky museli n\u011bkolikr\u00e1t p\u0159esouvat term\u00edn dr\u00e1hov\u00e9ho \u0161ampion\u00e1tu a upravovat rozpis z\u00e1vodu tak, aby vyhovoval ve\u0161ker\u00fdm opat\u0159en\u00edm proti COVID 19 a mohlo se za\u017e\u00e1dat o ud\u011blen\u00ed v\u00fdjimky na kon\u00e1n\u00ed z\u00e1vodu od N\u00e1rodn\u00ed sportovn\u00ed agentury a hlavn\u00ed hygieni\u010dky \u010cR .<\/p>\n\n\n\n<p>D\u00edky podpo\u0159e N\u00e1rodn\u00ed sportovn\u00ed agentury dostal z\u00e1vod a po\u0159adatel\u00e9 zelenou a v\u0161e tak m\u016f\u017ee sm\u011b\u0159ovat k \u00fasp\u011b\u0161n\u00e9mu pr\u016fb\u011bhu \u0161ampion\u00e1tu.<\/p>\n\n\n\n<p><em>&#8220;Organizace mistrovstv\u00ed se samoz\u0159ejm\u011b neobejde bez striktn\u00edch podm\u00ednek a opat\u0159en\u00ed definovan\u00fdch v\u00fdjimkou jako jsou PCR testy ne star\u0161\u00ed ne\u017e 48 hodin v\u0161ech z\u00fa\u010dastn\u011bn\u00fdch osob, m\u011b\u0159en\u00ed teplot, vypl\u0148ov\u00e1n\u00ed selfreporting formul\u00e1\u0159\u016f, l\u00e9ka\u0159sk\u00e9ho dozoru, izola\u010dn\u00ed m\u00edstnosti atd., ale i tak jsme velice r\u00e1di, \u017ee se z\u00e1vod M\u010cR m\u016f\u017ee uskute\u010dnit<\/em>.&#8221;, prozradila gener\u00e1ln\u00ed sekret\u00e1\u0159ka \u010cSC Jarka Krakovi\u010dov\u00e1.<\/p>\n\n\n\n<p>Z\u00e1vod M\u010cR za\u010d\u00edn\u00e1 v pond\u011bl\u00ed 8.2. v 11:00 a kon\u010d\u00ed ve st\u0159edu 10.2.2021. <\/p>\n\n\n<div class=\"wp-block-file\">\r\n                <a target=\"_blank\" rel=\"noopener\" href=\"http:\/\/www.czechcyclingfederation.com\/wp-content\/uploads\/2021\/01\/Rozpis_M\u010cR-dr\u00e1ha-2020-s-podm\u00ednkami-MZ-\u010cR.pdf\" class=\"wp-block-file__button wp-element-button\">\r\n                    <span class=\"wp-block-file__icon\"><\/span>\r\n                    Rozpis_M\u010cR dr\u00e1ha 2020 s podm\u00ednkami MZ \u010cR\r\n                <\/a>\r\n            <\/div>\n\n\n<figure class=\"wp-block-image size-large\"><img loading=\"lazy\" decoding=\"async\" width=\"750\" height=\"400\" src=\"http:\/\/www.czechcyclingfederation.com\/wp-content\/uploads\/2021\/01\/fb2-750x400-1.jpg\" alt=\"\" class=\"wp-image-3334\" srcset=\"https:\/\/www.czechcyclingfederation.com\/wp-content\/uploads\/2021\/01\/fb2-750x400-1.jpg 750w, https:\/\/www.czechcyclingfederation.com\/wp-content\/uploads\/2021\/01\/fb2-750x400-1-300x160.jpg 300w\" sizes=\"auto, (max-width: 750px) 100vw, 750px\" \/><\/figure>\n","protected":false},"excerpt":{"rendered":"<p>Za velmi p\u0159\u00edsn\u00fdch podm\u00ednek a hygienicko epidemiologick\u00fdch opat\u0159en\u00ed prob\u011bhne ve dnech 8.-12.2.2021 Mistrovstv\u00ed \u010cesk\u00e9 republiky na dr\u00e1ze v Praze Motole. Po\u0159adatel\u00e9 TJ Dukla a ASO Dukla ve spolupr\u00e1ci s \u010cesk\u00fdm svazem cyklistiky museli n\u011bkolikr\u00e1t p\u0159esouvat term\u00edn dr\u00e1hov\u00e9ho \u0161ampion\u00e1tu a upravovat rozpis z\u00e1vodu tak, aby vyhovoval ve\u0161ker\u00fdm opat\u0159en\u00edm proti COVID 19 a mohlo se za\u017e\u00e1dat o [&hellip;]<\/p>\n","protected":false},"author":3,"featured_media":3334,"comment_status":"closed","ping_status":"open","sticky":false,"template":"","format":"standard","meta":{"footnotes":""},"categories":[54,2],"tags":[9],"class_list":["post-3332","post","type-post","status-publish","format-standard","has-post-thumbnail","hentry","category-draha","category-novinky","tag-draha"],"_links":{"self":[{"href":"https:\/\/www.czechcyclingfederation.com\/en\/wp-json\/wp\/v2\/posts\/3332","targetHints":{"allow":["GET"]}}],"collection":[{"href":"https:\/\/www.czechcyclingfederation.com\/en\/wp-json\/wp\/v2\/posts"}],"about":[{"href":"https:\/\/www.czechcyclingfederation.com\/en\/wp-json\/wp\/v2\/types\/post"}],"author":[{"embeddable":true,"href":"https:\/\/www.czechcyclingfederation.com\/en\/wp-json\/wp\/v2\/users\/3"}],"replies":[{"embeddable":true,"href":"https:\/\/www.czechcyclingfederation.com\/en\/wp-json\/wp\/v2\/comments?post=3332"}],"version-history":[{"count":1,"href":"https:\/\/www.czechcyclingfederation.com\/en\/wp-json\/wp\/v2\/posts\/3332\/revisions"}],"predecessor-version":[{"id":3335,"href":"https:\/\/www.czechcyclingfederation.com\/en\/wp-json\/wp\/v2\/posts\/3332\/revisions\/3335"}],"wp:featuredmedia":[{"embeddable":true,"href":"https:\/\/www.czechcyclingfederation.com\/en\/wp-json\/wp\/v2\/media\/3334"}],"wp:attachment":[{"href":"https:\/\/www.czechcyclingfederation.com\/en\/wp-json\/wp\/v2\/media?parent=3332"}],"wp:term":[{"taxonomy":"category","embeddable":true,"href":"https:\/\/www.czechcyclingfederation.com\/en\/wp-json\/wp\/v2\/categories?post=3332"},{"taxonomy":"post_tag","embeddable":true,"href":"https:\/\/www.czechcyclingfederation.com\/en\/wp-json\/wp\/v2\/tags?post=3332"}],"curies":[{"name":"wp","href":"https:\/\/api.w.org\/{rel}","templated":true}]}}