{"id":33294,"date":"2024-12-07T18:19:28","date_gmt":"2024-12-07T17:19:28","guid":{"rendered":"https:\/\/www.czechcyclingfederation.com\/?p=33294"},"modified":"2024-12-07T18:19:31","modified_gmt":"2024-12-07T17:19:31","slug":"zaplneny-sal-skoda-prazskeho-mtb-poharu-tleskal-petrovi-markovi","status":"publish","type":"post","link":"https:\/\/www.czechcyclingfederation.com\/en\/zaplneny-sal-skoda-prazskeho-mtb-poharu-tleskal-petrovi-markovi\/","title":{"rendered":"Zapln\u011bn\u00fd s\u00e1l \u0160KODA Pra\u017esk\u00e9ho MTB poh\u00e1ru tleskal Petrovi Markovi"},"content":{"rendered":"\n<p>Stoj\u00edc\u00ed, zapln\u011bn\u00fd s\u00e1l Lidov\u00e9ho domu ve Kbel\u00edch, se v&nbsp;r\u00e1mci Slavnostn\u00edho ve\u010dera&nbsp;\u0160KODA Pra\u017esk\u00e9ho MTB poh\u00e1ru, dlouh\u00fdm potleskem rozlou\u010dil se zakladatelem discipl\u00edny MTB v&nbsp;\u010cesk\u00e9 republice, prezidentem \u010cesk\u00e9ho svazu cyklistiky a v\u00fdjime\u010dn\u00fdm \u010dlov\u011bkem, Petrem Markem.<\/p>\n\n\n\n<p>V&nbsp;n\u00e1sleduj\u00edc\u00edm programu pak p\u0159evzali medailist\u00e9 jednotliv\u00fdch kategori\u00ed unik\u00e1tn\u00ed poh\u00e1r s&nbsp;pra\u017eskou dla\u017eebn\u00ed kostkou. Sou\u010d\u00e1st\u00ed ve\u010dera&nbsp;bylo&nbsp;tak\u00e9&nbsp;jmenov\u00e1n\u00ed Osobnost\u00ed Pra\u017esk\u00e9 cyklistiky pro rok 2024. &nbsp;&nbsp;&nbsp;&nbsp;&nbsp;<\/p>\n\n\n\n<p><strong>&nbsp;<\/strong>Z\u00e1vodnice a z\u00e1vodn\u00edci um\u00edst\u011bn\u00ed na prvn\u00edch t\u0159ech m\u00edstech sv\u00fdch kategori\u00ed celkov\u00e9ho po\u0159ad\u00ed \u201epra\u017esk\u00e9\u201c sout\u011b\u017ee postupn\u011b p\u0159eb\u00edrali poh\u00e1ry s&nbsp;pra\u017eskou dla\u017eebn\u00ed kostkou, vyroben\u00e9 pouze pro tuto p\u0159\u00edle\u017eitost. Letos p\u011btid\u00edln\u00e1 sout\u011b\u017e se v&nbsp;pr\u016fb\u011bhu uplynul\u00fdch dvan\u00e1cti ro\u010dn\u00edk\u016f vypracovala v&nbsp;seri\u00e1l z\u00e1vod\u016f v&nbsp;olympijsk\u00e9m XCO s&nbsp;celorepublikovou \u00fa\u010dast\u00ed, v\u010detn\u011b pravideln\u00e9ho startu zahrani\u010dn\u00edch t\u00fdm\u016f a jezdc\u016f v\u0161ech kategori\u00ed a v\u00fdkonnosti. &nbsp;&nbsp;&nbsp;&nbsp;<\/p>\n\n\n\n<p>&nbsp;Mimo medailist\u016f jednotliv\u00fdch kategori\u00ed byl dekorov\u00e1n i nejlep\u0161\u00ed t\u00fdm. T\u00edm se v&nbsp;roce 2024 stal poprv\u00e9 v&nbsp;historii sout\u011b\u017ee Rexonix Kovo Praha. A to zcela zaslou\u017een\u011b. Jeho z\u00e1vodn\u00edci vybojovali, mimo jin\u00e9, celkem \u010dty\u0159i tituly, co\u017e je letos, v&nbsp;r\u00e1mci jednoho t\u00fdmu, nejv\u00edce.<\/p>\n\n\n\n<p>Titul \u201eTren\u00e9r roku\u201c si z&nbsp;Prahy odv\u00e1\u017e\u00ed reprezenta\u010dn\u00ed tren\u00e9r \u201eLv\u00ed\u010dat\u201c, tedy kategori\u00ed \u017e\u00e1ci a kadeti, Martin Valuch, jeho\u017e t\u00fdm vybojoval na mistrovstv\u00ed Evropy ve \u0161v\u00e9dsk\u00e9 Huskvarn\u011b 8 cenn\u00fdch kov\u016f a z&nbsp;toho dva tituly mistr Evropy. &nbsp;<\/p>\n\n\n\n<p>&nbsp;Jm\u00e9na vyhl\u00e1\u0161en\u00fdch byla zaps\u00e1na na podstavec hlavn\u00ed trofeje sout\u011b\u017ee, ob\u0159\u00edho poh\u00e1ru, kter\u00fd byl vyroben p\u0159ed 12 lety pro vyhl\u00e1\u0161en\u00ed prvn\u00edho ro\u010dn\u00edku a aktu\u00e1ln\u011b v\u00e1\u017e\u00ed p\u0159es 20 kilogram\u016f. &nbsp;<\/p>\n\n\n\n<p>&nbsp;Sou\u010d\u00e1st\u00ed ve\u010dera bylo tak\u00e9 jmenov\u00e1n\u00ed Osobnost\u00ed Pra\u017esk\u00e9 cyklistiky pro rok 2024.<\/p>\n\n\n\n<p>Dvojice moder\u00e1tor\u016f, Ji\u0159\u00ed Je\u017eek a Miroslav Lenc pozvala na p\u00f3dium nej\u00fasp\u011b\u0161n\u011bj\u0161\u00ed z\u00e1vodnice a z\u00e1vodn\u00edky v&nbsp;discipl\u00edn\u00e1ch BMX, dr\u00e1ha, paracyklistika, MTB, s\u00e1lov\u00e1 cyklistika a silnice.<\/p>\n\n\n\n<p>Z\u00e1stupci Pra\u017esk\u00e9ho cyklistick\u00e9ho svazu v&nbsp;\u010dele s&nbsp;p\u0159edsedou a viceprezidentem \u010cSC Davidem Pr\u016f\u0161ou d\u00e1le ud\u011blili cenu za dlouholet\u00fd p\u0159\u00ednos pra\u017esk\u00e9 cyklistice a mimo\u0159\u00e1dnou cenu pro pra\u017esk\u00fd, cyklistick\u00fd \u201eobjev roku\u201c.<\/p>\n\n\n\n<p class=\"has-medium-font-size\"><strong>V\u00edt\u011bzov\u00e9 kategori\u00ed \u0160KODA Pra\u017esk\u00e9ho MTB poh\u00e1ru 2024<\/strong><\/p>\n\n\n\n<p>odr\u00e1\u017eedla: &nbsp;&nbsp;&nbsp;&nbsp;&nbsp;&nbsp;&nbsp;&nbsp;&nbsp;&nbsp;&nbsp;<strong>Hor\u00e1k Jakub (SDH Zli\u010d\u00edn)<\/strong><\/p>\n\n\n\n<p>d\u011bti 3 \u2013 4 roky: &nbsp;&nbsp;&nbsp;<strong>Gabrhelov\u00e1 Gabriella (Olomouc)<\/strong><\/p>\n\n\n\n<p>kluci 5 \u2013 6 let:&nbsp;&nbsp; &nbsp;&nbsp;&nbsp;<strong>Hor\u00e1k Jon\u00e1\u0161 (ALAN TB Cycling Team)<\/strong><\/p>\n\n\n\n<p>holky 5 \u2013 6 let: &nbsp;&nbsp;&nbsp;<strong>Zelinkov\u00e1 Linda (Cycling Academy T\u00e1bor) &nbsp;<\/strong><\/p>\n\n\n\n<p>kluci 7 \u2013 8 let:&nbsp;&nbsp; &nbsp;&nbsp;<strong>Vr\u0161\u00ednsk\u00fd Jakub (Bikerental)<\/strong><\/p>\n\n\n\n<p>holky 7 \u2013 8 let:&nbsp; &nbsp;&nbsp;<strong>Zoubkov\u00e1 Nela (COPR TJ P\u0159e\u0161tice)<\/strong><\/p>\n\n\n\n<p>kluci 9 \u2013 10 let: &nbsp;&nbsp;<strong>Pr\u00e1gl V\u00edtek (Merida Bikeranch Team Junior)<\/strong><\/p>\n\n\n\n<p>holky 9 \u2013 10 let: &nbsp;<strong>Girgalov\u00e1 Julie (Bike Puzzle Team)<\/strong><\/p>\n\n\n\n<p>\u017e\u00e1ci I.:&nbsp;&nbsp;&nbsp;&nbsp;&nbsp;&nbsp;&nbsp;&nbsp;&nbsp;&nbsp;&nbsp;&nbsp;&nbsp;&nbsp;&nbsp;&nbsp;&nbsp;&nbsp;&nbsp;<strong>Semer\u00e1d Marek (Rexonix Kovo Praha)<\/strong><\/p>\n\n\n\n<p>\u017e\u00e1kyn\u011b I. &nbsp;&nbsp;&nbsp;&nbsp;&nbsp;&nbsp;&nbsp;&nbsp;&nbsp;&nbsp;&nbsp;&nbsp;&nbsp;&nbsp;<strong>Rothbauerov\u00e1 Julie (\u010cEZ Cyklo Team T\u00e1bor)<\/strong><\/p>\n\n\n\n<p>\u017e\u00e1ci II.&nbsp;&nbsp;&nbsp;&nbsp;&nbsp;&nbsp;&nbsp;&nbsp;&nbsp;&nbsp;&nbsp;&nbsp;&nbsp;&nbsp;&nbsp;&nbsp;&nbsp;&nbsp;&nbsp;<strong>Rada Vojt\u011bch (Rexonix Kovo Praha)<\/strong><\/p>\n\n\n\n<p>\u017e\u00e1kyn\u011b II.&nbsp;&nbsp;&nbsp;&nbsp;&nbsp;&nbsp;&nbsp;&nbsp;&nbsp;&nbsp;&nbsp;&nbsp; &nbsp;<strong>Stanley Anna<\/strong>&nbsp;<strong>(Rexonix Kovo Praha)<\/strong><\/p>\n\n\n\n<p>kadeti:&nbsp;&nbsp;&nbsp;&nbsp;&nbsp;&nbsp;&nbsp;&nbsp;&nbsp;&nbsp;&nbsp;&nbsp;&nbsp;&nbsp;&nbsp;&nbsp;&nbsp;&nbsp;<strong>Plic Ond\u0159ej (Rexonix Kovo Praha)<\/strong><\/p>\n\n\n\n<p>kadetky:&nbsp;&nbsp;&nbsp;&nbsp;&nbsp;&nbsp;&nbsp;&nbsp;&nbsp;&nbsp;&nbsp;&nbsp;&nbsp;&nbsp;&nbsp;<strong>Molhancov\u00e1 Nikol (Merida Bikeranch Team Junior)<\/strong><\/p>\n\n\n\n<p>junio\u0159i:<strong>&nbsp;&nbsp;&nbsp;&nbsp;&nbsp;&nbsp;&nbsp;&nbsp;&nbsp;&nbsp;&nbsp;&nbsp;&nbsp; &nbsp;&nbsp;&nbsp;&nbsp;Nechuta Marek (Bike Freaks Holice)&nbsp;<\/strong>&nbsp;&nbsp;&nbsp;<\/p>\n\n\n\n<p>\u017eeny + juniorky:&nbsp;&nbsp;<strong>\u0160ediv\u00e1 Evel\u00edna (UCC)<\/strong>&nbsp;<\/p>\n\n\n\n<p>mu\u017ei OPEN: &nbsp;&nbsp;&nbsp;&nbsp;&nbsp;&nbsp;&nbsp;&nbsp;<strong>Proch\u00e1zka Luk\u00e1\u0161 (ML Tuning Factory Racing)<\/strong><\/p>\n\n\n\n<p>Masters I.:&nbsp; &nbsp;&nbsp;&nbsp;&nbsp;&nbsp;&nbsp;&nbsp;&nbsp;&nbsp;<strong>Ryb\u00e1\u010dek Miroslav (Fly4Sport Racing Team)<\/strong>&nbsp;<\/p>\n\n\n\n<p>Masters II.&nbsp;&nbsp;&nbsp;&nbsp;&nbsp;&nbsp;&nbsp;&nbsp;&nbsp;&nbsp;&nbsp;<strong>Chyba Ji\u0159\u00ed (Nutrend Specialized SKR Racing)<\/strong><\/p>\n\n\n\n<p>Masters III.&nbsp;&nbsp;&nbsp;&nbsp;&nbsp;&nbsp;&nbsp;&nbsp;&nbsp;&nbsp;<strong>\u0160\u00edpal Ivan (AUTHOR MASTERS Team)<\/strong>&nbsp;<\/p>\n\n\n\n<p>Supermasters:&nbsp;&nbsp;&nbsp;&nbsp;<strong>Van\u011bk Milo\u0161 (MKV Sport)&nbsp;<\/strong><\/p>\n\n\n\n<p>Nejlep\u0161\u00ed T\u00fdm: &nbsp;&nbsp;&nbsp;&nbsp;&nbsp;<strong>Rexonix Kovo Praha<\/strong><\/p>\n\n\n\n<p>Tren\u00e9r roku:&nbsp;&nbsp;&nbsp; &nbsp;&nbsp;&nbsp;&nbsp;<strong>Valuch Martin (Reprezentace \u201eLv\u00ed\u010data\u201c)<\/strong><\/p>\n\n\n\n<p class=\"has-medium-font-size\"><strong>Osobnosti Pra\u017esk\u00e9 cyklistiky pro rok 2024<\/strong><\/p>\n\n\n\n<p><strong>Ocen\u011bn\u00ed za p\u0159\u00ednos pro Pra\u017eskou cyklistiku:&nbsp;<\/strong>Pavel My\u0161ka \u2013 fotograf<\/p>\n\n\n\n<p><strong>Paracyklistika:&nbsp;&nbsp; &nbsp;&nbsp;&nbsp;&nbsp;&nbsp;&nbsp;&nbsp;&nbsp;&nbsp;&nbsp;&nbsp;Patrik Jahoda&nbsp;(NUTREND Specialized SKR Racing)<\/strong>, 5. m\u00edsto LPH Pa\u0159\u00ed\u017e 2024, 4. m\u00edsto MS 2024&nbsp;<\/p>\n\n\n\n<p><strong>BMX:<\/strong>&nbsp;&nbsp;&nbsp;&nbsp;&nbsp;&nbsp;&nbsp;&nbsp;&nbsp;&nbsp;&nbsp;&nbsp; &nbsp;&nbsp;&nbsp;&nbsp;&nbsp;&nbsp;&nbsp;&nbsp;&nbsp;&nbsp;&nbsp;&nbsp;&nbsp;&nbsp;&nbsp;&nbsp; &nbsp;<strong>Elen Lapkov\u00e1 (TJ Slovan Bohnice)<\/strong>, kategorie Girls 16, 2.m\u00edsto celkov\u011b Evropsk\u00fd poh\u00e1r BMX 2024 &nbsp;&nbsp;&nbsp;&nbsp;&nbsp;&nbsp;&nbsp;&nbsp;&nbsp;&nbsp;&nbsp;&nbsp;&nbsp;&nbsp;&nbsp;&nbsp;&nbsp;&nbsp;&nbsp;&nbsp;&nbsp;&nbsp;&nbsp;&nbsp;&nbsp;&nbsp;&nbsp;<\/p>\n\n\n\n<p><strong>MTB:&nbsp;&nbsp;&nbsp;&nbsp;&nbsp;&nbsp;&nbsp;&nbsp;&nbsp;&nbsp;&nbsp;&nbsp; &nbsp;&nbsp;&nbsp;&nbsp;&nbsp;&nbsp;&nbsp;&nbsp;&nbsp;&nbsp;&nbsp;&nbsp;&nbsp;&nbsp;&nbsp;&nbsp; &nbsp;Patricie Srnsk\u00e1&nbsp;&nbsp;(NUTREND Specialized SKR Racing)<\/strong>, 2x Akademick\u00e1 Mistryn\u011b sv\u011bta XCO a XCE, Kostarika 2024<\/p>\n\n\n\n<p><strong>S\u00e1lovka:<\/strong>&nbsp;&nbsp;&nbsp;&nbsp;&nbsp;&nbsp; &nbsp;&nbsp;&nbsp;&nbsp;&nbsp;&nbsp;&nbsp;&nbsp;&nbsp;&nbsp;&nbsp;&nbsp;&nbsp;&nbsp; &nbsp;&nbsp;&nbsp;<strong>Veronika Kripnerov\u00e1 (TJ Pankr\u00e1c) + Blanka Adamov\u00e1 (Sokol Zl\u00edn)<\/strong>, bronz MS kolov\u00e1 \u017eeny<\/p>\n\n\n\n<p><strong>Dr\u00e1ha:<\/strong>&nbsp;&nbsp;&nbsp;&nbsp;&nbsp;&nbsp;&nbsp;&nbsp;&nbsp;&nbsp; &nbsp;&nbsp;&nbsp;&nbsp;&nbsp;&nbsp;&nbsp;&nbsp;&nbsp;&nbsp;&nbsp;&nbsp;&nbsp;&nbsp; &nbsp;&nbsp;<strong>Gabriela B\u00e1rtov\u00e1&nbsp;(Team DUKLA Praha)<\/strong>, bronzov\u00e1 medaile ME dr\u00e1ha 2024, Cottbus&nbsp;<\/p>\n\n\n\n<p><strong>Silnice:&nbsp;&nbsp;&nbsp;&nbsp;&nbsp;&nbsp;&nbsp;&nbsp;&nbsp;&nbsp;&nbsp;&nbsp;&nbsp;&nbsp;&nbsp; &nbsp;&nbsp;&nbsp;&nbsp;&nbsp;&nbsp;&nbsp;&nbsp;&nbsp;&nbsp; Barbora N\u011bmcov\u00e1&nbsp;(Team DUKLA Praha)<\/strong>, Mistryn\u011b republiky 2024, kategorie Elite<\/p>\n\n\n\n<p><strong>Objev roku:&nbsp;&nbsp;&nbsp;&nbsp;&nbsp;&nbsp;&nbsp;&nbsp;&nbsp;&nbsp;&nbsp;&nbsp;&nbsp;&nbsp; &nbsp;&nbsp;&nbsp;&nbsp;Martin Jarou\u0161 (Caf\u00e9 Calabrone)<\/strong>, 13 let, celkov\u00fd v\u00edt\u011bz \u010cesk\u00e9ho poh\u00e1ru DHI v&nbsp;kategorii \u201eNad\u011bje\u201c&nbsp;<\/p>\n\n\n\n<p>Foto: Pavel K\u0159ikava<\/p>\n","protected":false},"excerpt":{"rendered":"<p>Stoj\u00edc\u00ed, zapln\u011bn\u00fd s\u00e1l Lidov\u00e9ho domu ve Kbel\u00edch, se v&nbsp;r\u00e1mci Slavnostn\u00edho ve\u010dera&nbsp;\u0160KODA Pra\u017esk\u00e9ho MTB poh\u00e1ru, dlouh\u00fdm potleskem rozlou\u010dil se zakladatelem discipl\u00edny MTB v&nbsp;\u010cesk\u00e9 republice, prezidentem \u010cesk\u00e9ho svazu cyklistiky a v\u00fdjime\u010dn\u00fdm \u010dlov\u011bkem, Petrem Markem. V&nbsp;n\u00e1sleduj\u00edc\u00edm programu pak p\u0159evzali medailist\u00e9 jednotliv\u00fdch kategori\u00ed unik\u00e1tn\u00ed poh\u00e1r s&nbsp;pra\u017eskou dla\u017eebn\u00ed kostkou. Sou\u010d\u00e1st\u00ed ve\u010dera&nbsp;bylo&nbsp;tak\u00e9&nbsp;jmenov\u00e1n\u00ed Osobnost\u00ed Pra\u017esk\u00e9 cyklistiky pro rok 2024. &nbsp;&nbsp;&nbsp;&nbsp;&nbsp; &nbsp;Z\u00e1vodnice a [&hellip;]<\/p>\n","protected":false},"author":30,"featured_media":33298,"comment_status":"closed","ping_status":"open","sticky":false,"template":"","format":"standard","meta":{"footnotes":""},"categories":[2,1],"tags":[10],"class_list":["post-33294","post","type-post","status-publish","format-standard","has-post-thumbnail","hentry","category-novinky","category-uncategorized-cs","tag-mtb"],"_links":{"self":[{"href":"https:\/\/www.czechcyclingfederation.com\/en\/wp-json\/wp\/v2\/posts\/33294","targetHints":{"allow":["GET"]}}],"collection":[{"href":"https:\/\/www.czechcyclingfederation.com\/en\/wp-json\/wp\/v2\/posts"}],"about":[{"href":"https:\/\/www.czechcyclingfederation.com\/en\/wp-json\/wp\/v2\/types\/post"}],"author":[{"embeddable":true,"href":"https:\/\/www.czechcyclingfederation.com\/en\/wp-json\/wp\/v2\/users\/30"}],"replies":[{"embeddable":true,"href":"https:\/\/www.czechcyclingfederation.com\/en\/wp-json\/wp\/v2\/comments?post=33294"}],"version-history":[{"count":2,"href":"https:\/\/www.czechcyclingfederation.com\/en\/wp-json\/wp\/v2\/posts\/33294\/revisions"}],"predecessor-version":[{"id":33300,"href":"https:\/\/www.czechcyclingfederation.com\/en\/wp-json\/wp\/v2\/posts\/33294\/revisions\/33300"}],"wp:featuredmedia":[{"embeddable":true,"href":"https:\/\/www.czechcyclingfederation.com\/en\/wp-json\/wp\/v2\/media\/33298"}],"wp:attachment":[{"href":"https:\/\/www.czechcyclingfederation.com\/en\/wp-json\/wp\/v2\/media?parent=33294"}],"wp:term":[{"taxonomy":"category","embeddable":true,"href":"https:\/\/www.czechcyclingfederation.com\/en\/wp-json\/wp\/v2\/categories?post=33294"},{"taxonomy":"post_tag","embeddable":true,"href":"https:\/\/www.czechcyclingfederation.com\/en\/wp-json\/wp\/v2\/tags?post=33294"}],"curies":[{"name":"wp","href":"https:\/\/api.w.org\/{rel}","templated":true}]}}