{"id":3329,"date":"2021-01-28T15:07:56","date_gmt":"2021-01-28T14:07:56","guid":{"rendered":"http:\/\/www.czechcyclingfederation.com\/?p=3329"},"modified":"2021-02-03T17:47:41","modified_gmt":"2021-02-03T16:47:41","slug":"vyberove-rizene-mereni-cyklistickych-zavodu","status":"publish","type":"post","link":"https:\/\/www.czechcyclingfederation.com\/en\/vyberove-rizene-mereni-cyklistickych-zavodu\/","title":{"rendered":"V\u00fdb\u011brov\u00e9 \u0159\u00edzen\u00e9 &#8211; M\u011b\u0159en\u00ed cyklistick\u00fdch z\u00e1vod\u016f"},"content":{"rendered":"\n<p>\u010cSC aktu\u00e1ln\u011b vypisuje v\u00fdb\u011brov\u00e9 \u0159\u00edzen\u00ed na m\u011b\u0159en\u00ed cyklistick\u00fdch z\u00e1vod\u016f \u010dipovou technologi\u00ed v\u010detn\u011b souvisej\u00edc\u00edch slu\u017eeb a v\u00fdsledkov\u00e9ho servisu.<\/p>\n\n\n\n<p>Dal\u0161\u00ed informace naleznete na tomto odkazu: <a href=\"https:\/\/www.vhodne-uverejneni.cz\/zakazka\/mereni-cyklistickych-zavodu-cipovou-technologii-vcetne-souvisejicich-sluzeb-a-vysledkoveho-servisu\">https:\/\/www.vhodne-uverejneni.cz\/zakazka\/mereni-cyklistickych-zavodu-cipovou-technologii-vcetne-souvisejicich-sluzeb-a-vysledkoveho-servisu<\/a><\/p>\n\n\n\n<p><\/p>\n","protected":false},"excerpt":{"rendered":"<p>\u010cSC aktu\u00e1ln\u011b vypisuje v\u00fdb\u011brov\u00e9 \u0159\u00edzen\u00ed na m\u011b\u0159en\u00ed cyklistick\u00fdch z\u00e1vod\u016f \u010dipovou technologi\u00ed v\u010detn\u011b souvisej\u00edc\u00edch slu\u017eeb a v\u00fdsledkov\u00e9ho servisu. Dal\u0161\u00ed informace naleznete na tomto odkazu: https:\/\/www.vhodne-uverejneni.cz\/zakazka\/mereni-cyklistickych-zavodu-cipovou-technologii-vcetne-souvisejicich-sluzeb-a-vysledkoveho-servisu<\/p>\n","protected":false},"author":2,"featured_media":2667,"comment_status":"closed","ping_status":"open","sticky":false,"template":"","format":"standard","meta":{"footnotes":""},"categories":[28,2],"tags":[119],"class_list":["post-3329","post","type-post","status-publish","format-standard","has-post-thumbnail","hentry","category-cesky-svaz-cyklistiky","category-novinky","tag-csc"],"_links":{"self":[{"href":"https:\/\/www.czechcyclingfederation.com\/en\/wp-json\/wp\/v2\/posts\/3329","targetHints":{"allow":["GET"]}}],"collection":[{"href":"https:\/\/www.czechcyclingfederation.com\/en\/wp-json\/wp\/v2\/posts"}],"about":[{"href":"https:\/\/www.czechcyclingfederation.com\/en\/wp-json\/wp\/v2\/types\/post"}],"author":[{"embeddable":true,"href":"https:\/\/www.czechcyclingfederation.com\/en\/wp-json\/wp\/v2\/users\/2"}],"replies":[{"embeddable":true,"href":"https:\/\/www.czechcyclingfederation.com\/en\/wp-json\/wp\/v2\/comments?post=3329"}],"version-history":[{"count":1,"href":"https:\/\/www.czechcyclingfederation.com\/en\/wp-json\/wp\/v2\/posts\/3329\/revisions"}],"predecessor-version":[{"id":3330,"href":"https:\/\/www.czechcyclingfederation.com\/en\/wp-json\/wp\/v2\/posts\/3329\/revisions\/3330"}],"wp:featuredmedia":[{"embeddable":true,"href":"https:\/\/www.czechcyclingfederation.com\/en\/wp-json\/wp\/v2\/media\/2667"}],"wp:attachment":[{"href":"https:\/\/www.czechcyclingfederation.com\/en\/wp-json\/wp\/v2\/media?parent=3329"}],"wp:term":[{"taxonomy":"category","embeddable":true,"href":"https:\/\/www.czechcyclingfederation.com\/en\/wp-json\/wp\/v2\/categories?post=3329"},{"taxonomy":"post_tag","embeddable":true,"href":"https:\/\/www.czechcyclingfederation.com\/en\/wp-json\/wp\/v2\/tags?post=3329"}],"curies":[{"name":"wp","href":"https:\/\/api.w.org\/{rel}","templated":true}]}}