{"id":33242,"date":"2024-12-03T15:23:59","date_gmt":"2024-12-03T14:23:59","guid":{"rendered":"https:\/\/www.czechcyclingfederation.com\/?p=33242"},"modified":"2024-12-03T18:10:34","modified_gmt":"2024-12-03T17:10:34","slug":"iveta-miculycova-ma-zranene-koleno-na-ms-startovat-nebude","status":"publish","type":"post","link":"https:\/\/www.czechcyclingfederation.com\/en\/iveta-miculycova-ma-zranene-koleno-na-ms-startovat-nebude\/","title":{"rendered":"Iveta Miculy\u010dov\u00e1 m\u00e1 zran\u011bn\u00e9 koleno, na MS startovat nebude. \u010cek\u00e1 ji dlouh\u00e1 pauza"},"content":{"rendered":"\n<p><strong>Iveta Miculy\u010dov\u00e1<\/strong>, dvojn\u00e1sobn\u00e1 evropsk\u00e1 \u0161ampionka ve freestyle BMX a \u0161est\u00e1 \u017eena<br>olympijsk\u00fdch her 2024, m\u00e1 zran\u011bn\u00e9 koleno a nebude startovat prosincov\u00e9m mistrovstv\u00ed sv\u011bta v Ab\u00fa Dhab\u00ed. Dokonce u\u017e se podrobila prvn\u00ed operaci, nicm\u00e9n\u011b term\u00edn n\u00e1vratu \u010desk\u00e9 reprezentantky k z\u00e1vod\u016fm je v tuto chv\u00edli v nedohlednu.<\/p>\n\n\n\n<figure class=\"wp-block-image size-large\"><img loading=\"lazy\" decoding=\"async\" width=\"769\" height=\"1024\" src=\"https:\/\/www.czechcyclingfederation.com\/wp-content\/uploads\/2024\/12\/Iveta-nemocnice-1-769x1024.jpg\" alt=\"\" class=\"wp-image-33247\" srcset=\"https:\/\/www.czechcyclingfederation.com\/wp-content\/uploads\/2024\/12\/Iveta-nemocnice-1-769x1024.jpg 769w, https:\/\/www.czechcyclingfederation.com\/wp-content\/uploads\/2024\/12\/Iveta-nemocnice-1-150x200.jpg 150w, https:\/\/www.czechcyclingfederation.com\/wp-content\/uploads\/2024\/12\/Iveta-nemocnice-1-768x1023.jpg 768w, https:\/\/www.czechcyclingfederation.com\/wp-content\/uploads\/2024\/12\/Iveta-nemocnice-1-1153x1536.jpg 1153w, https:\/\/www.czechcyclingfederation.com\/wp-content\/uploads\/2024\/12\/Iveta-nemocnice-1-1537x2048.jpg 1537w, https:\/\/www.czechcyclingfederation.com\/wp-content\/uploads\/2024\/12\/Iveta-nemocnice-1-1320x1758.jpg 1320w, https:\/\/www.czechcyclingfederation.com\/wp-content\/uploads\/2024\/12\/Iveta-nemocnice-1-scaled.jpg 1922w\" sizes=\"auto, (max-width: 769px) 100vw, 769px\" \/><\/figure>\n\n\n\n<p>Miculy\u010dov\u00e1 m\u00e1 za sebou artroskopii lev\u00e9ho kolene a na za\u010d\u00e1tku p\u0159\u00ed\u0161t\u00edho roku ji \u010dek\u00e1 plastika p\u0159edn\u00edho k\u0159\u00ed\u017eov\u00e9ho vazu. <em>\u201eTe\u010f si nedovol\u00edm odhadnout, jak dlouho bude trvat m\u016fj n\u00e1vrat. Je to velk\u00fd z\u00e1sah a jde o nejv\u011bt\u0161\u00ed zran\u011bn\u00ed v m\u00e9 kari\u00e9\u0159e, ale v\u011b\u0159\u00edm, \u017ee to zvl\u00e1dnu a vr\u00e1t\u00edm se siln\u011bj\u0161\u00ed,\u201d<\/em> vzk\u00e1zala je\u0161t\u011b z nemocni\u010dn\u00edho l\u016f\u017eka.<\/p>\n\n\n\n<p>Miculy\u010dov\u00e1 se zranila minul\u00fd t\u00fdden. <em>&#8220;P\u0159i z\u00e1vod\u011b jsem si v\u00e1\u017en\u011b poranila koleno a bohu\u017eel m\u011b \u010dek\u00e1 del\u0161\u00ed pauza od BMX. Prvn\u00ed operaci m\u00e1m za sebou a za n\u011bkolik t\u00fddn\u016f m\u011b \u010dek\u00e1 druh\u00e1. Je to pro m\u011b velk\u00e1 r\u00e1na. BMX je m\u016fj \u017eivot a p\u0159\u00ed\u0161t\u00ed m\u011bs\u00edce bez kola pro m\u011b budou hodn\u011b n\u00e1ro\u010dn\u00e9,&#8221;<\/em> \u0159\u00edk\u00e1 Miculy\u010dov\u00e1.<\/p>\n\n\n\n<figure class=\"wp-block-image size-large\"><img loading=\"lazy\" decoding=\"async\" width=\"768\" height=\"1024\" src=\"https:\/\/www.czechcyclingfederation.com\/wp-content\/uploads\/2024\/12\/iveta-berle-768x1024.jpg\" alt=\"\" class=\"wp-image-33251\" srcset=\"https:\/\/www.czechcyclingfederation.com\/wp-content\/uploads\/2024\/12\/iveta-berle-768x1024.jpg 768w, https:\/\/www.czechcyclingfederation.com\/wp-content\/uploads\/2024\/12\/iveta-berle-150x200.jpg 150w, https:\/\/www.czechcyclingfederation.com\/wp-content\/uploads\/2024\/12\/iveta-berle-1152x1536.jpg 1152w, https:\/\/www.czechcyclingfederation.com\/wp-content\/uploads\/2024\/12\/iveta-berle-1536x2048.jpg 1536w, https:\/\/www.czechcyclingfederation.com\/wp-content\/uploads\/2024\/12\/iveta-berle-1320x1760.jpg 1320w, https:\/\/www.czechcyclingfederation.com\/wp-content\/uploads\/2024\/12\/iveta-berle-scaled.jpg 1920w\" sizes=\"auto, (max-width: 768px) 100vw, 768px\" \/><\/figure>\n\n\n\n<p><em>&#8220;Ale ka\u017ed\u00e1 p\u0159ek\u00e1\u017eka je p\u0159\u00edle\u017eitost a j\u00e1 v\u011b\u0159\u00edm, \u017ee i tato zku\u0161enost m\u011b posune a vr\u00e1t\u00edm se lep\u0161\u00ed a siln\u011bj\u0161\u00ed. Rekonvalescence bude dlouh\u00e1 a t\u011b\u017ek\u00e1 a u\u017e te\u010f se t\u011b\u0161\u00edm na den, kdy se znovu posad\u00edm na kolo. D\u011bkuji v\u0161em, co mi dr\u017e\u00ed palce, va\u0161e podpora mi dod\u00e1v\u00e1 s\u00edlu pokra\u010dovat a v\u011b\u0159it, \u017ee to nejlep\u0161\u00ed m\u011b teprve \u010dek\u00e1,&#8221; <\/em>neztr\u00e1c\u00ed optimismus 19let\u00e1 \u010desk\u00e1 reprezentantka.<\/p>\n\n\n\n<p>Foto: Sportegy<\/p>\n","protected":false},"excerpt":{"rendered":"<p>Iveta Miculy\u010dov\u00e1, dvojn\u00e1sobn\u00e1 evropsk\u00e1 \u0161ampionka ve freestyle BMX a \u0161est\u00e1 \u017eenaolympijsk\u00fdch her 2024, m\u00e1 zran\u011bn\u00e9 koleno a nebude startovat prosincov\u00e9m mistrovstv\u00ed sv\u011bta v Ab\u00fa Dhab\u00ed. Dokonce u\u017e se podrobila prvn\u00ed operaci, nicm\u00e9n\u011b term\u00edn n\u00e1vratu \u010desk\u00e9 reprezentantky k z\u00e1vod\u016fm je v tuto chv\u00edli v nedohlednu. Miculy\u010dov\u00e1 m\u00e1 za sebou artroskopii lev\u00e9ho kolene a na za\u010d\u00e1tku p\u0159\u00ed\u0161t\u00edho [&hellip;]<\/p>\n","protected":false},"author":15,"featured_media":32085,"comment_status":"closed","ping_status":"open","sticky":false,"template":"","format":"standard","meta":{"footnotes":""},"categories":[2],"tags":[55],"class_list":["post-33242","post","type-post","status-publish","format-standard","has-post-thumbnail","hentry","category-novinky","tag-bmx"],"_links":{"self":[{"href":"https:\/\/www.czechcyclingfederation.com\/en\/wp-json\/wp\/v2\/posts\/33242","targetHints":{"allow":["GET"]}}],"collection":[{"href":"https:\/\/www.czechcyclingfederation.com\/en\/wp-json\/wp\/v2\/posts"}],"about":[{"href":"https:\/\/www.czechcyclingfederation.com\/en\/wp-json\/wp\/v2\/types\/post"}],"author":[{"embeddable":true,"href":"https:\/\/www.czechcyclingfederation.com\/en\/wp-json\/wp\/v2\/users\/15"}],"replies":[{"embeddable":true,"href":"https:\/\/www.czechcyclingfederation.com\/en\/wp-json\/wp\/v2\/comments?post=33242"}],"version-history":[{"count":5,"href":"https:\/\/www.czechcyclingfederation.com\/en\/wp-json\/wp\/v2\/posts\/33242\/revisions"}],"predecessor-version":[{"id":33256,"href":"https:\/\/www.czechcyclingfederation.com\/en\/wp-json\/wp\/v2\/posts\/33242\/revisions\/33256"}],"wp:featuredmedia":[{"embeddable":true,"href":"https:\/\/www.czechcyclingfederation.com\/en\/wp-json\/wp\/v2\/media\/32085"}],"wp:attachment":[{"href":"https:\/\/www.czechcyclingfederation.com\/en\/wp-json\/wp\/v2\/media?parent=33242"}],"wp:term":[{"taxonomy":"category","embeddable":true,"href":"https:\/\/www.czechcyclingfederation.com\/en\/wp-json\/wp\/v2\/categories?post=33242"},{"taxonomy":"post_tag","embeddable":true,"href":"https:\/\/www.czechcyclingfederation.com\/en\/wp-json\/wp\/v2\/tags?post=33242"}],"curies":[{"name":"wp","href":"https:\/\/api.w.org\/{rel}","templated":true}]}}