{"id":33214,"date":"2024-11-30T19:22:17","date_gmt":"2024-11-30T18:22:17","guid":{"rendered":"https:\/\/www.czechcyclingfederation.com\/?p=33214"},"modified":"2024-12-01T08:06:42","modified_gmt":"2024-12-01T07:06:42","slug":"skvela-sevcikova-prvni-ve-scratchi-a-treti-v-eliminaci-na-drahove-lm-v-apeldoornu","status":"publish","type":"post","link":"https:\/\/www.czechcyclingfederation.com\/en\/skvela-sevcikova-prvni-ve-scratchi-a-treti-v-eliminaci-na-drahove-lm-v-apeldoornu\/","title":{"rendered":"Skv\u011bl\u00e1 \u0160ev\u010d\u00edkov\u00e1! Prvn\u00ed ve scratchi a t\u0159et\u00ed v eliminaci na dr\u00e1hov\u00e9 LM v\u00a0Apeldoornu"},"content":{"rendered":"\n<p>Fantastick\u00e9ho \u00fasp\u011bchu dos\u00e1hla <strong>Petra \u0160ev\u010d\u00edkov\u00e1<\/strong> v&nbsp;sobotn\u00edm z\u00e1vod\u011b dr\u00e1hov\u00e9 Ligy mistr\u016f v&nbsp;nizozemsk\u00e9m Apeldoornu, kdy\u017e dok\u00e1zala vyhr\u00e1t scratch a v&nbsp;eliminaci skon\u010dila t\u0159et\u00ed! Po \u010dty\u0159ech odjet\u00fdch z\u00e1vodech se d\u00edky t\u011bmto skv\u011bl\u00fdm v\u00fdsledk\u016fm posunula na pr\u016fb\u011b\u017en\u00e9 t\u0159et\u00ed m\u00edsto!<\/p>\n\n\n\n<p>\u0160ev\u010d\u00edkov\u00e1 byla v&nbsp;obou discipl\u00edn\u00e1ch hodn\u011b aktivn\u00ed. Ve scratchi, kter\u00fd se jel na 30 okruh\u016f, rozhodoval spurt cel\u00e9ho startovn\u00edho pole a ten si Petra skv\u011ble na\u010dasovala. Nechala za sebou zb\u00fdvaj\u00edc\u00edch 17 soupe\u0159ek a slavila senza\u010dn\u00ed v\u00edt\u011bzstv\u00ed.<\/p>\n\n\n\n<p><em>\u201eKdy\u017e jsem projela c\u00edlem scratche, \u0159\u00edkala jsem si, \u017ee mus\u00edm koukat na tabuli, jestli tam fakt bude moje jm\u00e9no, abych neslavila p\u0159ed\u010dasn\u011b,\u201c <\/em>\u0159ekla \u0160ev\u010d\u00edkov\u00e1. <em>\u201eAsi jsem si \u00fapln\u011b nep\u0159edstavovala, \u017ee bych m\u011bla vyhr\u00e1t, ale v\u011bd\u011bla jsem, \u017ee v&nbsp;p\u0159edchoz\u00edch z\u00e1vodech jsem nevyu\u017eila v\u0161e, co jsem m\u011bla v&nbsp;noh\u00e1ch. Te\u010f se to kone\u010dn\u011b poda\u0159ilo v\u0161echno poskl\u00e1dat a vy\u0161lo to dokonale,\u201c<\/em> radovala se \u010desk\u00e1 reprezentantka.<\/p>\n\n\n\n<figure class=\"wp-block-image size-full\"><img loading=\"lazy\" decoding=\"async\" width=\"1024\" height=\"681\" src=\"https:\/\/www.czechcyclingfederation.com\/wp-content\/uploads\/2024\/11\/petra-sevcikova-Apeldoorn-LM-1.jpg\" alt=\"\" class=\"wp-image-33221\" srcset=\"https:\/\/www.czechcyclingfederation.com\/wp-content\/uploads\/2024\/11\/petra-sevcikova-Apeldoorn-LM-1.jpg 1024w, https:\/\/www.czechcyclingfederation.com\/wp-content\/uploads\/2024\/11\/petra-sevcikova-Apeldoorn-LM-1-300x200.jpg 300w, https:\/\/www.czechcyclingfederation.com\/wp-content\/uploads\/2024\/11\/petra-sevcikova-Apeldoorn-LM-1-768x511.jpg 768w\" sizes=\"auto, (max-width: 1024px) 100vw, 1024px\" \/><\/figure>\n\n\n\n<p><em>\u201eAsi p\u011bt kol do c\u00edle jsem se pohybovala dost vzadu a \u0159ekla jsem si, \u017ee za to mus\u00edm vz\u00edt, abych se dostala na n\u011bjakou slu\u0161nou pozici. Musela jsem se tam promotat, ale p\u0159esko\u010dila jsem asi deset lid\u00ed. Spurt jsem za\u010dala skv\u011ble, pomohlo mi, \u017ee jsme sprintovaly t\u0159i nad sebou. J\u00e1 jela seshora, vybrala jsem si tu t\u011b\u017e\u0161\u00ed variantu, ale vyplatila se,\u201c<\/em> popisovala fin\u00e1le scratche.<\/p>\n\n\n\n<p>V\u00edt\u011bzstv\u00ed j\u00ed o\u010dividn\u011b dalo k\u0159\u00eddla a v\u00fdborn\u011b si po\u010d\u00ednala i n\u00e1sledn\u011b v&nbsp;eliminaci. Jezdila hodn\u011b zep\u0159edu, dlouho si bezpe\u010dn\u011b hl\u00eddala postup a bylo z&nbsp;toho skv\u011bl\u00e9 t\u0159et\u00ed m\u00edsto. Ve vylu\u010dovac\u00edm z\u00e1vod\u011b tak dok\u00e1zala vylep\u0161it sv\u00e9 maximum z&nbsp;p\u00e1tku, kdy byla na stejn\u00e9m velodromu \u010dtvrt\u00e1 a ve scratchi dev\u00e1t\u00e1.<\/p>\n\n\n\n<p><em>\u201eDo eliminace jsem se sna\u017eila j\u00edt s&nbsp;chladnou hlavou. Necht\u011bla jsem se uchl\u00e1cholit v\u00edt\u011bzstv\u00edm ve scratchi, abych si \u0159\u00edkala, \u017ee jsem \u00fa\u017easn\u00e1 a neporaziteln\u00e1. Sna\u017eila jsem si v\u017edy b\u00fdt na bezpe\u010dn\u00e9 pozici a dok\u00e1zala jsem o m\u00edsto vylep\u0161it v\u00fdsledek z&nbsp;p\u00e1tku. Z&nbsp;m\u00e9ho pohledu to bylo hodn\u011b dobr\u00e9, ale na lep\u0161\u00ed v\u00fdsledek u\u017e jsem nem\u011bla s\u00edly. Dv\u011b vylu\u010dov\u00e1n\u00ed p\u0159edt\u00edm jsem tam dojela tak tak a st\u00e1lo m\u011b to stra\u0161n\u011b sil. Kdy\u017e jsme z\u016fstaly t\u0159i, u\u017e jsem toho m\u011bla pln\u00e9 kecky,\u201c<\/em> popisovala \u0160ev\u010d\u00edkov\u00e1.<\/p>\n\n\n\n<p>D\u00edky sobotn\u00edm v\u00fdsledk\u016fm se v&nbsp;po\u0159ad\u00ed po 4 odjet\u00fdch z\u00e1vodech Champions League vy\u0161vihla na t\u0159et\u00ed m\u00edsto se ziskem 67 bod\u016f. Jen \u010dty\u0159i body ztr\u00e1c\u00ed na druhou Kana\u010fanku Van Damovou, suver\u00e9nn\u00ed veden\u00ed pat\u0159\u00ed Britce Archibaldov\u00e9. Posledn\u00ed dva z\u00e1vody seri\u00e1lu se uskute\u010dn\u00ed p\u0159\u00ed\u0161t\u00ed p\u00e1tek a sobotu v&nbsp;Lond\u00fdn\u011b.<\/p>\n\n\n\n<p><em>\u201eT\u011b\u0161\u00ed m\u011b, \u017ee jsem pr\u016fb\u011b\u017en\u011b t\u0159et\u00ed, ale ur\u010dit\u011b nepodlehnu n\u011bjak\u00e9mu uspokojen\u00ed. Budu bojovat stejn\u011b, jako bych byla t\u0159eba sedm\u00e1. Ale ur\u010dit\u011b je to dobr\u00e9 pro sebev\u011bdom\u00ed. U\u017e v\u00edm, \u017ee to dok\u00e1\u017eu, ale z\u016fst\u00e1v\u00e1m nohama pevn\u011b na zemi. \u010cekaj\u00ed n\u00e1s je\u0161t\u011b dva z\u00e1vody a uvid\u00edme, na co to bude sta\u010dit,\u201c <\/em>dodala Petra \u0160ev\u010d\u00edkov\u00e1.<\/p>\n\n\n\n<p>Foto: Martin Straka a UCI Track Champions League<\/p>\n","protected":false},"excerpt":{"rendered":"<p>Fantastick\u00e9ho \u00fasp\u011bchu dos\u00e1hla Petra \u0160ev\u010d\u00edkov\u00e1 v&nbsp;sobotn\u00edm z\u00e1vod\u011b dr\u00e1hov\u00e9 Ligy mistr\u016f v&nbsp;nizozemsk\u00e9m Apeldoornu, kdy\u017e dok\u00e1zala vyhr\u00e1t scratch a v&nbsp;eliminaci skon\u010dila t\u0159et\u00ed! Po \u010dty\u0159ech odjet\u00fdch z\u00e1vodech se d\u00edky t\u011bmto skv\u011bl\u00fdm v\u00fdsledk\u016fm posunula na pr\u016fb\u011b\u017en\u00e9 t\u0159et\u00ed m\u00edsto! \u0160ev\u010d\u00edkov\u00e1 byla v&nbsp;obou discipl\u00edn\u00e1ch hodn\u011b aktivn\u00ed. Ve scratchi, kter\u00fd se jel na 30 okruh\u016f, rozhodoval spurt cel\u00e9ho startovn\u00edho pole a ten [&hellip;]<\/p>\n","protected":false},"author":15,"featured_media":33195,"comment_status":"closed","ping_status":"open","sticky":false,"template":"","format":"standard","meta":{"footnotes":""},"categories":[2,1],"tags":[9],"class_list":["post-33214","post","type-post","status-publish","format-standard","has-post-thumbnail","hentry","category-novinky","category-uncategorized-cs","tag-draha"],"_links":{"self":[{"href":"https:\/\/www.czechcyclingfederation.com\/en\/wp-json\/wp\/v2\/posts\/33214","targetHints":{"allow":["GET"]}}],"collection":[{"href":"https:\/\/www.czechcyclingfederation.com\/en\/wp-json\/wp\/v2\/posts"}],"about":[{"href":"https:\/\/www.czechcyclingfederation.com\/en\/wp-json\/wp\/v2\/types\/post"}],"author":[{"embeddable":true,"href":"https:\/\/www.czechcyclingfederation.com\/en\/wp-json\/wp\/v2\/users\/15"}],"replies":[{"embeddable":true,"href":"https:\/\/www.czechcyclingfederation.com\/en\/wp-json\/wp\/v2\/comments?post=33214"}],"version-history":[{"count":3,"href":"https:\/\/www.czechcyclingfederation.com\/en\/wp-json\/wp\/v2\/posts\/33214\/revisions"}],"predecessor-version":[{"id":33223,"href":"https:\/\/www.czechcyclingfederation.com\/en\/wp-json\/wp\/v2\/posts\/33214\/revisions\/33223"}],"wp:featuredmedia":[{"embeddable":true,"href":"https:\/\/www.czechcyclingfederation.com\/en\/wp-json\/wp\/v2\/media\/33195"}],"wp:attachment":[{"href":"https:\/\/www.czechcyclingfederation.com\/en\/wp-json\/wp\/v2\/media?parent=33214"}],"wp:term":[{"taxonomy":"category","embeddable":true,"href":"https:\/\/www.czechcyclingfederation.com\/en\/wp-json\/wp\/v2\/categories?post=33214"},{"taxonomy":"post_tag","embeddable":true,"href":"https:\/\/www.czechcyclingfederation.com\/en\/wp-json\/wp\/v2\/tags?post=33214"}],"curies":[{"name":"wp","href":"https:\/\/api.w.org\/{rel}","templated":true}]}}