{"id":33212,"date":"2024-11-30T07:57:24","date_gmt":"2024-11-30T06:57:24","guid":{"rendered":"https:\/\/www.czechcyclingfederation.com\/?p=33212"},"modified":"2024-11-30T07:57:26","modified_gmt":"2024-11-30T06:57:26","slug":"na-cyklokrosovem-sp-v-dublinu-pojede-7-cechu","status":"publish","type":"post","link":"https:\/\/www.czechcyclingfederation.com\/en\/na-cyklokrosovem-sp-v-dublinu-pojede-7-cechu\/","title":{"rendered":"Na cyklokrosov\u00e9m SP v\u00a0Dublinu pojede 7 \u010cech\u016f"},"content":{"rendered":"\n<p>T\u00fdden po \u00favodn\u00edm z\u00e1vodu seri\u00e1lu Sv\u011btov\u00e9ho poh\u00e1ru v cyklokrosu v belgick\u00fdch Antverp\u00e1ch pokra\u010duje seri\u00e1l v ned\u011bli 1. prosince v irsk\u00e9m Dublinu. A vedle kategori\u00ed elite jsou v programu tak\u00e9 samostatn\u00e9 z\u00e1vody o body do SP juniorsk\u00fdch kategori\u00ed a mu\u017e\u016f U23.<\/p>\n\n\n\n<p>P\u0159edstavit by se m\u011bla sedmi\u010dka \u010desk\u00fdch reprezentant\u016f, kte\u0159\u00ed do Irska vyr\u00e1\u017eej\u00ed v&nbsp;sobotu, a hned odpoledne je \u010dek\u00e1 tr\u00e9nink na trati. &nbsp;<\/p>\n\n\n\n<p><em>\u201ePodstatn\u00e9 bude po\u010das\u00ed. Podle p\u0159edpov\u011bdi m\u00e1 pr\u0161et, a to okruh hodn\u011b zt\u00ed\u017e\u00ed. Kdy\u017e je tamn\u00ed tra\u0165 rozbahn\u011bn\u00e1, tak je hodn\u011b do tahu,\u201c <\/em>uvedl reprezenta\u010dn\u00ed tren\u00e9r Michal Bedn\u00e1\u0159.<\/p>\n\n\n\n<p>A jak\u00e9 jsou ambice \u010desk\u00fdch reprezentant\u016f? \u201ePochopiteln\u011b nejv\u00edce budeme spol\u00e9hat na juniorky. Ty zajely hodn\u011b dob\u0159e na mistrovstv\u00ed Evropy, ale bude z\u00e1le\u017eet, jak\u00e9 soupe\u0159ky do Dublinu nakonec p\u0159ilet\u00ed. P\u0159ece jen je to slo\u017eit\u011bj\u0161\u00ed cestov\u00e1n\u00ed, nav\u00edc n\u00e1ro\u010dn\u00e9 na finance,\u201c dodal Bedn\u00e1\u0159.<\/p>\n\n\n\n<p><strong>Nominace:<\/strong><\/p>\n\n\n\n<p><strong>Mu\u017ei elite:<\/strong> Michael Boro\u0161.<\/p>\n\n\n\n<p><strong>Mu\u017ei U23:<\/strong> Maty\u00e1\u0161 Fiala, V\u00e1clav Je\u017eek.<\/p>\n\n\n\n<p><strong>Junio\u0159i:<\/strong> Tom\u00e1\u0161 H\u00e1jek, David Svoboda.<\/p>\n\n\n\n<p><strong>Juniorky:<\/strong> Barbora Bukovsk\u00e1, Am\u00e1lie Gottwaldov\u00e1.<\/p>\n","protected":false},"excerpt":{"rendered":"<p>T\u00fdden po \u00favodn\u00edm z\u00e1vodu seri\u00e1lu Sv\u011btov\u00e9ho poh\u00e1ru v cyklokrosu v belgick\u00fdch Antverp\u00e1ch pokra\u010duje seri\u00e1l v ned\u011bli 1. prosince v irsk\u00e9m Dublinu. A vedle kategori\u00ed elite jsou v programu tak\u00e9 samostatn\u00e9 z\u00e1vody o body do SP juniorsk\u00fdch kategori\u00ed a mu\u017e\u016f U23. P\u0159edstavit by se m\u011bla sedmi\u010dka \u010desk\u00fdch reprezentant\u016f, kte\u0159\u00ed do Irska vyr\u00e1\u017eej\u00ed v&nbsp;sobotu, a hned odpoledne [&hellip;]<\/p>\n","protected":false},"author":8,"featured_media":32925,"comment_status":"closed","ping_status":"open","sticky":false,"template":"","format":"standard","meta":{"footnotes":""},"categories":[2],"tags":[59],"class_list":["post-33212","post","type-post","status-publish","format-standard","has-post-thumbnail","hentry","category-novinky","tag-cyklokros"],"_links":{"self":[{"href":"https:\/\/www.czechcyclingfederation.com\/en\/wp-json\/wp\/v2\/posts\/33212","targetHints":{"allow":["GET"]}}],"collection":[{"href":"https:\/\/www.czechcyclingfederation.com\/en\/wp-json\/wp\/v2\/posts"}],"about":[{"href":"https:\/\/www.czechcyclingfederation.com\/en\/wp-json\/wp\/v2\/types\/post"}],"author":[{"embeddable":true,"href":"https:\/\/www.czechcyclingfederation.com\/en\/wp-json\/wp\/v2\/users\/8"}],"replies":[{"embeddable":true,"href":"https:\/\/www.czechcyclingfederation.com\/en\/wp-json\/wp\/v2\/comments?post=33212"}],"version-history":[{"count":1,"href":"https:\/\/www.czechcyclingfederation.com\/en\/wp-json\/wp\/v2\/posts\/33212\/revisions"}],"predecessor-version":[{"id":33213,"href":"https:\/\/www.czechcyclingfederation.com\/en\/wp-json\/wp\/v2\/posts\/33212\/revisions\/33213"}],"wp:featuredmedia":[{"embeddable":true,"href":"https:\/\/www.czechcyclingfederation.com\/en\/wp-json\/wp\/v2\/media\/32925"}],"wp:attachment":[{"href":"https:\/\/www.czechcyclingfederation.com\/en\/wp-json\/wp\/v2\/media?parent=33212"}],"wp:term":[{"taxonomy":"category","embeddable":true,"href":"https:\/\/www.czechcyclingfederation.com\/en\/wp-json\/wp\/v2\/categories?post=33212"},{"taxonomy":"post_tag","embeddable":true,"href":"https:\/\/www.czechcyclingfederation.com\/en\/wp-json\/wp\/v2\/tags?post=33212"}],"curies":[{"name":"wp","href":"https:\/\/api.w.org\/{rel}","templated":true}]}}