{"id":33201,"date":"2024-11-28T06:34:57","date_gmt":"2024-11-28T05:34:57","guid":{"rendered":"https:\/\/www.czechcyclingfederation.com\/?p=33201"},"modified":"2024-11-28T19:07:43","modified_gmt":"2024-11-28T18:07:43","slug":"soucasti-seminare-cycling-university-bude-workshop-v-oblasti-tvarovani-sportovnich-ortopedickych-stelek","status":"publish","type":"post","link":"https:\/\/www.czechcyclingfederation.com\/en\/soucasti-seminare-cycling-university-bude-workshop-v-oblasti-tvarovani-sportovnich-ortopedickych-stelek\/","title":{"rendered":"Sou\u010d\u00e1st\u00ed semin\u00e1\u0159e Cycling University bude workshop v oblasti tvarov\u00e1n\u00ed sportovn\u00edch ortopedick\u00fdch st\u00e9lek"},"content":{"rendered":"\n<p>Pravideln\u00fd semin\u00e1\u0159 Cycling University \u010cesk\u00e9ho svazu cyklistiky se rychle bl\u00ed\u017e\u00ed a \u00fam\u011brn\u011b s t\u00edm se tak\u00e9 pln\u00ed posledn\u00ed voln\u00e1 m\u00edsta a rezervace v konferen\u010dn\u00ed m\u00edstnosti \u010cesk\u00e9 unie sportu v Praze na Strahov\u011b, kde se popul\u00e1rn\u00ed cyklus cyklistick\u00fdch p\u0159edn\u00e1\u0161ek uskute\u010dn\u00ed ve st\u0159edu 4. prosince.<\/p>\n\n\n\n<p>K pilotn\u00edmu bloku p\u0159edn\u00e1\u0161ek po\u0159adatel\u00e9 za\u0159adili tak\u00e9 workshop na t\u00e9ma: Anal\u00fdza biomechaniky do\u0161lapu, techniky b\u011bhu a poradenstv\u00ed v oblasti individu\u00e1ln\u00edho v\u00fdb\u011bru sportovn\u00ed obuvi, a tvarov\u00e1n\u00ed sportovn\u00edch ortopedick\u00fdch st\u00e9lek na m\u00edru.<\/p>\n\n\n\n<p>Jin\u00fdmi a cyklistick\u00fdmi slovy: pobol\u00edv\u00e1 v\u00e1s p\u0159i j\u00edzd\u011b na kole koleno \u010di m\u00e1te svalov\u00e9 pot\u00ed\u017ee nebo snad poci\u0165ujete nep\u0159\u00edjemn\u00e9 p\u00e1len\u00ed a \u201emraven\u010den\u00ed\u201c v oblasti chodidel? Pak by m\u011bl b\u00fdt v\u00fd\u0161e uveden\u00fd workshop p\u0159esn\u011b t\u00edm prav\u00fdm p\u0159edm\u011btem va\u0161eho z\u00e1jmu. Na z\u00e1klad\u011b jednoduch\u00e9ho, ale velmi p\u0159esn\u00e9ho m\u011b\u0159en\u00ed a po\u010d\u00edta\u010dov\u00e9 grafiky se vytvo\u0159\u00ed a ve speci\u00e1ln\u00ed peci vytvaruj\u00ed ortopedick\u00e9 vlo\u017eky vyroben\u00e9 z r\u016fzn\u00fdch sm\u011bs\u00ed materi\u00e1lu, vlo\u017e\u00ed se do cyklistick\u00fdch treter nebo b\u011b\u017eeck\u00fdch bot a ve v\u011bt\u0161in\u011b p\u0159\u00edpad\u016f dok\u00e1\u017e\u00ed potla\u010dit nebo dokonce \u00fapln\u011b eliminovat va\u0161e probl\u00e9my.<\/p>\n\n\n\n<p>V r\u00e1mci workshopu bude mo\u017en\u00e9 prakticky vyzkou\u0161et tlakom\u011brnou desku Footscan, v\u010detn\u011b n\u00e1sledn\u00e9 interpretace v\u00fdsledk\u016f. Sou\u010d\u00e1st\u00ed bude tak\u00e9 p\u0159edstaven\u00ed termoplastick\u00fdch st\u00e9lek Formthotics.<\/p>\n\n\n\n<p>Tlakom\u011brn\u00e1 deska Footscan slou\u017e\u00ed k objektivn\u00edmu m\u011b\u0159en\u00ed a zaznamen\u00e1v\u00e1n\u00ed distribuce plant\u00e1rn\u00edho tlaku s \u00fa\u010delem prov\u00e1d\u011bt anal\u00fdzu pohybov\u00fdch vzorc\u016f p\u0159i ch\u016fzi a b\u011bhu, z\u00edskat informace o postaven\u00ed nohou a posoudit statickou i dynamickou rovnov\u00e1hu. Pou\u017eit\u00ed Footscanu je \u0161irok\u00e9 a je hojn\u011b vyu\u017e\u00edv\u00e1n v oblasti ortopedie, kineziologie a sportovn\u00edch v\u011bd. Footscan umo\u017e\u0148uje vytvo\u0159it detailn\u00ed anal\u00fdzu ch\u016fze a b\u011bhu, kterou lze vyu\u017e\u00edt p\u0159i n\u00e1vrhu ortopedick\u00fdch st\u00e9lek, v\u00fdb\u011bru vhodn\u00e9 sportovn\u00ed obuvi \u010di p\u0159izp\u016fsoben\u00ed rehabilita\u010dn\u00edho cvi\u010den\u00ed.<\/p>\n\n\n\n<p><em>\u201eTermoplastick\u00e9 st\u00e9lky Formthotics jsou lehk\u00e9, speci\u00e1ln\u011b tvarovateln\u00e9 vlo\u017eky do obuvi, vyroben\u00e9 z antimikrobi\u00e1ln\u00edho materi\u00e1lu EVA. Tepelnou \u00fapravou se dokonale p\u0159izp\u016fsob\u00ed tvaru chodidla, \u010d\u00edm\u017e poskytuj\u00ed optim\u00e1ln\u00ed podporu a stabilitu. Jejich konstrukce p\u0159isp\u00edv\u00e1 k lep\u0161\u00ed biomechanice pohybu, optimalizuje distribuci plant\u00e1rn\u00edho tlaku a podporuje spr\u00e1vnou funkci nohy p\u0159i r\u016fzn\u00fdch aktivit\u00e1ch,\u201c<\/em> informuje Tom\u00e1\u0161 Mich\u00e1lek, zku\u0161en\u00fd odborn\u00edk a v\u011bdeck\u00fd pracovn\u00edk v oblasti biomechaniky a podologie, p\u016fsob\u00edc\u00ed v Laborato\u0159i lidsk\u00e9 motoriky CASRI Praha, p\u0159i Arm\u00e1dn\u00edm sportovn\u00edm centru vrcholov\u00e9ho sportu Dukla Praha, kter\u00fd tak\u00e9 bude poslucha\u010de cel\u00fdm workshopem v Praze na Strahov\u011b prov\u00e1zet.<\/p>\n\n\n\n<p>V p\u0159\u00edpad\u011b z\u00e1jmu o \u00fa\u010dast na semin\u00e1\u0159i Cycling University je mo\u017en\u00e9 se <strong>nejpozd\u011bji do 2. 12. 2024<\/strong> registrovat <a href=\"http:\/\/www.cyclinguniversity.cz\/prihlaska-na-seminar-cu\/\">ZDE<\/a>.<\/p>\n\n\n\n<p>Do tohoto data je tak\u00e9 pot\u0159eba uhradit \u00fa\u010dastnick\u00fd poplatek \u00fa\u010det:\u00a0<strong>1725000504\/0600,\u00a0<\/strong>variabiln\u00ed symbol 116 a v\u00a0pozn\u00e1mce uv\u00e9st jm\u00e9no p\u0159ihla\u0161ovan\u00e9 osoby a symbol CU.<\/p>\n\n\n\n<p>\u00da\u010dastn\u00edci semin\u00e1\u0159e n\u00e1sledn\u011b obdr\u017e\u00ed Certifik\u00e1t o absolvov\u00e1n\u00ed semin\u00e1\u0159e v&nbsp;r\u00e1mci do\u0161kolovac\u00edho programu vzd\u011bl\u00e1v\u00e1n\u00ed tren\u00e9r\u016f s&nbsp;licenc\u00ed \u010cesk\u00e9ho svazu cyklistiky.<\/p>\n\n\n\n<p><strong><u>\u010casov\u00fd program Semin\u00e1\u0159e Cycling University ve st\u0159edu 4. prosince 2024:<\/u><\/strong>\u00a0\u00a0\u00a0 \u00a0\u00a0\u00a0<\/p>\n\n\n\n<p>9:00 \u00a0\u2013 \u00a09:20 \u00a0\u00a0prezentace \u00fa\u010dastn\u00edk\u016f\u00a0<\/p>\n\n\n\n<p>9:25\u00a0 \u00a0\u00a0\u00a0\u00a0otev\u0159en\u00ed workshopu \u2013\u00a0<em>\u201eP<\/em><em>oradenstv\u00ed v oblasti tvarov\u00e1n\u00ed sportovn\u00edch ortopedick\u00fdch st\u00e9lek na m\u00edru\u201c<\/em>, p\u0159edn\u00e1\u0161ej\u00edc\u00ed: Tom\u00e1\u0161 Mich\u00e1lek (CASRI Praha)<\/p>\n\n\n\n<p>9:30 \u2013 \u00a0\u00a09:40 \u00a0p\u0159iv\u00edt\u00e1n\u00ed \u00fa\u010dastn\u00edk\u016f, aktuality sez\u00f3ny 2024\/2025, Mgr. Viktor Zapletal<\/p>\n\n\n\n<p>9:45 \u2013 10:15 \u00a0p\u0159edn\u00e1\u0161ka: \u201e<em>Nejd\u016fle\u017eit\u011bj\u0161\u00ed informace \u010cSC z\u00a0oblasti sportovn\u00ed, ekonomick\u00e9, organiza\u010dn\u00ed, struktur\u00e1ln\u00ed\u201c<\/em> p\u0159edn\u00e1\u0161ej\u00edc\u00ed: Mgr. Jaroslava Krakovi\u010dov\u00e1, gener\u00e1ln\u00ed sekret\u00e1\u0159 \u010cSC<\/p>\n\n\n\n<p>10:30 \u2013 11:30 \u00a0p\u0159edn\u00e1\u0161ka: \u201e<em>Nejnov\u011bj\u0161\u00ed trendy v\u00a0oblasti sportovn\u00ed medic\u00edny v\u00a0n\u00e1vaznosti na dostupn\u00e9 poznatky z\u00a0p\u0159\u00edpravy na OH Pa\u0159\u00ed\u017e a diskutovan\u00fdch novinek sez\u00f3ny 2024\u201c \u00a0<\/em> p\u0159edn\u00e1\u0161ej\u00edc\u00ed: Prof. MUDr. Libor V\u00edtek, PhD, MBA\u00a0<\/p>\n\n\n\n<p>11:45 \u2013 12:30 \u00a0p\u0159edn\u00e1\u0161ka:\u00a0<em>\u201eZdrav\u00ed \u017een ve v\u00fdkonnostn\u00edm sportu a cesta k\u00a0optim\u00e1ln\u00edmu potenci\u00e1lu\u201c<\/em> p\u0159edn\u00e1\u0161ej\u00edc\u00ed: MUDr. Jan Zapletal\u00a0<\/p>\n\n\n\n<p>12:30 \u2013 13:00\u00a0 ob\u010derstven\u00ed<\/p>\n\n\n\n<p>13:00 \u2013 14:00 \u00a0p\u0159edn\u00e1\u0161ka: \u00a0<em>\u201eLakt\u00e1t \u2013 m\u00fdty a fakta, co je gluk\u00f3za?\u201c( v\u00fdsledky a praktick\u00e9 poznatky testov\u00e1n\u00ed skupiny v\u00fdkonnostn\u00edch cyklist\u016f)<\/em>\u00a0\u00a0\u00a0p\u0159edn\u00e1\u0161ej\u00edc\u00ed: Mgr. Tom\u00e1\u0161 M\u00edka a Franti\u0161ek Trkal<\/p>\n\n\n\n<p>14:00 &#8211;\u00a0 z\u00e1v\u011br\u00a0\u00a0<\/p>\n\n\n\n<p><\/p>\n","protected":false},"excerpt":{"rendered":"<p>Pravideln\u00fd semin\u00e1\u0159 Cycling University \u010cesk\u00e9ho svazu cyklistiky se rychle bl\u00ed\u017e\u00ed a \u00fam\u011brn\u011b s t\u00edm se tak\u00e9 pln\u00ed posledn\u00ed voln\u00e1 m\u00edsta a rezervace v konferen\u010dn\u00ed m\u00edstnosti \u010cesk\u00e9 unie sportu v Praze na Strahov\u011b, kde se popul\u00e1rn\u00ed cyklus cyklistick\u00fdch p\u0159edn\u00e1\u0161ek uskute\u010dn\u00ed ve st\u0159edu 4. prosince. K pilotn\u00edmu bloku p\u0159edn\u00e1\u0161ek po\u0159adatel\u00e9 za\u0159adili tak\u00e9 workshop na t\u00e9ma: Anal\u00fdza biomechaniky [&hellip;]<\/p>\n","protected":false},"author":30,"featured_media":33019,"comment_status":"closed","ping_status":"open","sticky":false,"template":"","format":"standard","meta":{"footnotes":""},"categories":[2,1],"tags":[174],"class_list":["post-33201","post","type-post","status-publish","format-standard","has-post-thumbnail","hentry","category-novinky","category-uncategorized-cs","tag-vzdelavani"],"_links":{"self":[{"href":"https:\/\/www.czechcyclingfederation.com\/en\/wp-json\/wp\/v2\/posts\/33201","targetHints":{"allow":["GET"]}}],"collection":[{"href":"https:\/\/www.czechcyclingfederation.com\/en\/wp-json\/wp\/v2\/posts"}],"about":[{"href":"https:\/\/www.czechcyclingfederation.com\/en\/wp-json\/wp\/v2\/types\/post"}],"author":[{"embeddable":true,"href":"https:\/\/www.czechcyclingfederation.com\/en\/wp-json\/wp\/v2\/users\/30"}],"replies":[{"embeddable":true,"href":"https:\/\/www.czechcyclingfederation.com\/en\/wp-json\/wp\/v2\/comments?post=33201"}],"version-history":[{"count":2,"href":"https:\/\/www.czechcyclingfederation.com\/en\/wp-json\/wp\/v2\/posts\/33201\/revisions"}],"predecessor-version":[{"id":33204,"href":"https:\/\/www.czechcyclingfederation.com\/en\/wp-json\/wp\/v2\/posts\/33201\/revisions\/33204"}],"wp:featuredmedia":[{"embeddable":true,"href":"https:\/\/www.czechcyclingfederation.com\/en\/wp-json\/wp\/v2\/media\/33019"}],"wp:attachment":[{"href":"https:\/\/www.czechcyclingfederation.com\/en\/wp-json\/wp\/v2\/media?parent=33201"}],"wp:term":[{"taxonomy":"category","embeddable":true,"href":"https:\/\/www.czechcyclingfederation.com\/en\/wp-json\/wp\/v2\/categories?post=33201"},{"taxonomy":"post_tag","embeddable":true,"href":"https:\/\/www.czechcyclingfederation.com\/en\/wp-json\/wp\/v2\/tags?post=33201"}],"curies":[{"name":"wp","href":"https:\/\/api.w.org\/{rel}","templated":true}]}}