{"id":33160,"date":"2024-11-26T06:37:42","date_gmt":"2024-11-26T05:37:42","guid":{"rendered":"https:\/\/www.czechcyclingfederation.com\/?p=33160"},"modified":"2024-11-26T14:15:40","modified_gmt":"2024-11-26T13:15:40","slug":"posledni-rozlouceni-s-petrem-markem-probehne-14-prosince","status":"publish","type":"post","link":"https:\/\/www.czechcyclingfederation.com\/en\/posledni-rozlouceni-s-petrem-markem-probehne-14-prosince\/","title":{"rendered":"Posledn\u00ed rozlou\u010den\u00ed s\u00a0Petrem Markem prob\u011bhne 14. prosince"},"content":{"rendered":"\n<p>S hlubok\u00fdm z\u00e1rmutkem nad skonem jedine\u010dn\u00e9ho \u010dlov\u011bka bychom V\u00e1s cht\u011bli pozvat na ve\u0159ejn\u00e9 rozlou\u010den\u00ed s panem Petrem Markem, prezidentem \u010cesk\u00e9ho svazu cyklistiky, kter\u00fd n\u00e1s ned\u00e1vno nav\u017edy opustil.<\/p>\n\n\n\n<p>Petr Marek byl v\u00fdjime\u010dnou osobnost\u00ed, kter\u00e1 zasv\u011btila des\u00edtky let rozvoji cyklistiky v \u010cesk\u00e9 republice. Byl rovn\u011b\u017e pr\u016fkopn\u00edkem MTB v \u010cR, vizion\u00e1\u0159em a ob\u011btav\u00fdm l\u00eddrem, jeho\u017e \u00fasil\u00ed p\u0159ineslo \u010desk\u00e9 cyklistice sv\u011btov\u00e9 uzn\u00e1n\u00ed.<\/p>\n\n\n\n<figure class=\"wp-block-image size-full\"><img loading=\"lazy\" decoding=\"async\" width=\"720\" height=\"540\" src=\"http:\/\/www.czechcyclingfederation.com\/wp-content\/uploads\/2024\/11\/Rozlouceni-Petr-Marek_FB.jpeg\" alt=\"\" class=\"wp-image-33161\" srcset=\"https:\/\/www.czechcyclingfederation.com\/wp-content\/uploads\/2024\/11\/Rozlouceni-Petr-Marek_FB.jpeg 720w, https:\/\/www.czechcyclingfederation.com\/wp-content\/uploads\/2024\/11\/Rozlouceni-Petr-Marek_FB-267x200.jpeg 267w\" sizes=\"auto, (max-width: 720px) 100vw, 720px\" \/><\/figure>\n\n\n\n<p>Jeho \u017eivot se n\u00e1hle uzav\u0159el, zanech\u00e1vaje za sebou pr\u00e1zdnotu, kterou nelze zaplnit. Svou prac\u00ed, odhodl\u00e1n\u00edm a l\u00e1skou k cyklistice se nesmazateln\u011b zapsal do historie na\u0161eho sportu i do srdc\u00ed v\u0161ech, kte\u0159\u00ed m\u011bli tu \u010dest jej poznat.<\/p>\n\n\n\n<p><strong>Ve\u0159ejn\u00e9 smute\u010dn\u00ed rozlou\u010den\u00ed s t\u00edmto v\u00fdjime\u010dn\u00fdm \u010dlov\u011bkem se uskute\u010dn\u00ed v sobotu 14. prosince 2024 od 15:30 hod. na Velodromu \u010cesk\u00e9ho svazu cyklistiky v Motole, Nad Hlin\u00edkem 4, Praha 5 Ko\u0161\u00ed\u0159e.<\/strong><\/p>\n\n\n\n<p>Na m\u00edst\u011b bude z\u0159\u00edzeno pietn\u00ed m\u00edsto, kde m\u016f\u017eete zap\u00e1lit sv\u00ed\u010dku nebo polo\u017eit kv\u011btinu. K dispozici bude tak\u00e9 kondolen\u010dn\u00ed kniha, do kter\u00e9 mohou v\u0161ichni p\u0159\u00edtomn\u00ed zapsat sv\u00e9 my\u0161lenky a vzpom\u00ednky, je\u017e budou n\u00e1sledn\u011b p\u0159ed\u00e1ny rodin\u011b zesnul\u00e9ho.<\/p>\n\n\n\n<p>Va\u0161e p\u0159\u00edtomnost bude symbolem \u00facty k jeho odkazu, pod\u011bkov\u00e1n\u00edm za jeho celo\u017eivotn\u00ed pr\u00e1ci a podporou rodin\u011b a bl\u00edzk\u00fdm v t\u00e9to t\u011b\u017ek\u00e9 chv\u00edli.<\/p>\n\n\n\n<p>D\u011bkujeme, \u017ee spole\u010dn\u011b s n\u00e1mi p\u0159ijdete vzd\u00e1t hold mimo\u0159\u00e1dn\u00e9mu \u010dlov\u011bku, kter\u00fd zasv\u011btil sv\u016fj \u017eivot \u010desk\u00e9 cyklistice.<\/p>\n","protected":false},"excerpt":{"rendered":"<p>S hlubok\u00fdm z\u00e1rmutkem nad skonem jedine\u010dn\u00e9ho \u010dlov\u011bka bychom V\u00e1s cht\u011bli pozvat na ve\u0159ejn\u00e9 rozlou\u010den\u00ed s panem Petrem Markem, prezidentem \u010cesk\u00e9ho svazu cyklistiky, kter\u00fd n\u00e1s ned\u00e1vno nav\u017edy opustil. Petr Marek byl v\u00fdjime\u010dnou osobnost\u00ed, kter\u00e1 zasv\u011btila des\u00edtky let rozvoji cyklistiky v \u010cesk\u00e9 republice. Byl rovn\u011b\u017e pr\u016fkopn\u00edkem MTB v \u010cR, vizion\u00e1\u0159em a ob\u011btav\u00fdm l\u00eddrem, jeho\u017e \u00fasil\u00ed p\u0159ineslo \u010desk\u00e9 [&hellip;]<\/p>\n","protected":false},"author":30,"featured_media":32866,"comment_status":"closed","ping_status":"open","sticky":false,"template":"","format":"standard","meta":{"footnotes":""},"categories":[2,1],"tags":[119],"class_list":["post-33160","post","type-post","status-publish","format-standard","has-post-thumbnail","hentry","category-novinky","category-uncategorized-cs","tag-csc"],"_links":{"self":[{"href":"https:\/\/www.czechcyclingfederation.com\/en\/wp-json\/wp\/v2\/posts\/33160","targetHints":{"allow":["GET"]}}],"collection":[{"href":"https:\/\/www.czechcyclingfederation.com\/en\/wp-json\/wp\/v2\/posts"}],"about":[{"href":"https:\/\/www.czechcyclingfederation.com\/en\/wp-json\/wp\/v2\/types\/post"}],"author":[{"embeddable":true,"href":"https:\/\/www.czechcyclingfederation.com\/en\/wp-json\/wp\/v2\/users\/30"}],"replies":[{"embeddable":true,"href":"https:\/\/www.czechcyclingfederation.com\/en\/wp-json\/wp\/v2\/comments?post=33160"}],"version-history":[{"count":1,"href":"https:\/\/www.czechcyclingfederation.com\/en\/wp-json\/wp\/v2\/posts\/33160\/revisions"}],"predecessor-version":[{"id":33163,"href":"https:\/\/www.czechcyclingfederation.com\/en\/wp-json\/wp\/v2\/posts\/33160\/revisions\/33163"}],"wp:featuredmedia":[{"embeddable":true,"href":"https:\/\/www.czechcyclingfederation.com\/en\/wp-json\/wp\/v2\/media\/32866"}],"wp:attachment":[{"href":"https:\/\/www.czechcyclingfederation.com\/en\/wp-json\/wp\/v2\/media?parent=33160"}],"wp:term":[{"taxonomy":"category","embeddable":true,"href":"https:\/\/www.czechcyclingfederation.com\/en\/wp-json\/wp\/v2\/categories?post=33160"},{"taxonomy":"post_tag","embeddable":true,"href":"https:\/\/www.czechcyclingfederation.com\/en\/wp-json\/wp\/v2\/tags?post=33160"}],"curies":[{"name":"wp","href":"https:\/\/api.w.org\/{rel}","templated":true}]}}