{"id":3315,"date":"2021-01-27T13:50:27","date_gmt":"2021-01-27T12:50:27","guid":{"rendered":"http:\/\/www.czechcyclingfederation.com\/?p=3315"},"modified":"2021-01-27T13:57:31","modified_gmt":"2021-01-27T12:57:31","slug":"novela-zakona-o-provozu-na-pozemnich-komunikacich-aneb-15-m-zachranuje-zivoty","status":"publish","type":"post","link":"https:\/\/www.czechcyclingfederation.com\/en\/novela-zakona-o-provozu-na-pozemnich-komunikacich-aneb-15-m-zachranuje-zivoty\/","title":{"rendered":"Novela z\u00e1kona o provozu na pozemn\u00edch komunikac\u00edch aneb 1,5 m zachra\u0148uje \u017eivoty!!"},"content":{"rendered":"\n<p>Cyklist\u00e9 vs. motorist\u00e9. T\u00e9ma, kter\u00e9 je \u010dast\u00fdm jablkem sv\u00e1ru nap\u0159\u00ed\u010d spole\u010dnost\u00ed.  P\u0159itom je t\u0159eba si uv\u011bdomit, \u017ee jak motorista, tak cyklista je \u00fa\u010dastn\u00edk silni\u010dn\u00edho provozu a na silnici zkr\u00e1tka pat\u0159\u00ed ob\u011b skupiny.<\/p>\n\n\n\n<p>Dodr\u017eov\u00e1n\u00ed bezpe\u010dn\u00e9 vzd\u00e1lenosti 1,5 m mezi vozidlem a cyklistou je p\u0159edm\u011btem mnoha iniciativ. V \u010cesk\u00e9 republice je nejzn\u00e1m\u011bj\u0161\u00ed kampa\u0148 Romana Kreuzigera a dal\u0161\u00edch zn\u00e1m\u00fdch osobnost\u00ed, kter\u00e1 n\u00e1zorn\u011b ukazovala nebezpe\u010d\u00ed pro cyklisty na silnici p\u0159i nedodr\u017een\u00ed pot\u0159ebn\u00e9 distance.<\/p>\n\n\n\n<p>Za p\u0159e\u010dten\u00ed rozhodn\u011b stoj\u00ed \u010dl\u00e1nek Tom\u00e1\u0161e Kindla s n\u00e1zvem &#8220;Zpomalte, p\u00e1r vte\u0159in za zni\u010den\u00e9 \u017eivoty nestoj\u00ed&#8221;. <\/p>\n\n\n\n<p><a href=\"https:\/\/blog.aktualne.cz\/blogy\/pohled-zblizka.php?itemid=37622\">https:\/\/blog.aktualne.cz\/blogy\/pohled-zblizka.php?itemid=37622<\/a><\/p>\n\n\n\n<p>Pot\u011b\u0161uj\u00edc\u00edm faktem je, \u017ee v poslaneck\u00e9 sn\u011bmovn\u011b prob\u011bhlo ji\u017e druh\u00e9 \u010dten\u00ed novely z\u00e1kona o provozu na pozemn\u00edch komunikac\u00edch, ve kter\u00e9 je zakotvena definice bezpe\u010dn\u00e9ho bo\u010dn\u00edho odstupu p\u0159i p\u0159edj\u00ed\u017ed\u011bn\u00ed cyklisty nejm\u00e9n\u011b 1,5 m (alternativn\u00ed n\u00e1vrh 6282 obsahuje nav\u00edc zvl\u00e1\u0161tn\u00ed vzd\u00e1lenost nejm\u00e9n\u011b 1 m v m\u00edst\u011b s nejvy\u0161\u0161\u00ed dovolenou rychlost\u00ed do 30 km\/h).<\/p>\n\n\n\n<p>Nutno zd\u016fraznit, \u017ee nejde o novou povinnost, ale pouze o definici st\u00e1vaj\u00edc\u00ed povinnosti, kter\u00e1 m\u00e1 pro \u0159idi\u010de p\u0159edev\u0161\u00edm edukativn\u00ed a preventivn\u00ed v\u00fdznam.<\/p>\n\n\n\n<p>O n\u00e1vrhu novely z\u00e1kona by se mohlo tedy hlasovat ji\u017e za m\u011bs\u00edc.  Tomu je\u0161t\u011b bude v nejbli\u017e\u0161\u00edch t\u00fddnech p\u0159edch\u00e1zet jedn\u00e1n\u00ed garan\u010dn\u00edho hospod\u00e1\u0159sk\u00e9ho v\u00fdboru, kter\u00fd k n\u00e1vrhu bude zauj\u00edmat sv\u00e9 stanovisko.<\/p>\n\n\n\n<p>Pozm\u011b\u0148ovac\u00ed n\u00e1vrhy poslanc\u016f k z\u00e1konu: <\/p>\n\n\n<div class=\"wp-block-file\">\r\n                <a target=\"_blank\" rel=\"noopener\" href=\"http:\/\/www.czechcyclingfederation.com\/wp-content\/uploads\/2021\/01\/18372-28011.pdf\" class=\"wp-block-file__button wp-element-button\">\r\n                    <span class=\"wp-block-file__icon\"><\/span>\r\n                    18372-28011\r\n                <\/a>\r\n            <\/div>\n\n<div class=\"wp-block-file\">\r\n                <a target=\"_blank\" rel=\"noopener\" href=\"http:\/\/www.czechcyclingfederation.com\/wp-content\/uploads\/2021\/01\/18506-28218.pdf\" class=\"wp-block-file__button wp-element-button\">\r\n                    <span class=\"wp-block-file__icon\"><\/span>\r\n                    18506-28218\r\n                <\/a>\r\n            <\/div>\n\n\n<figure class=\"wp-block-image size-large\"><img loading=\"lazy\" decoding=\"async\" width=\"615\" height=\"409\" src=\"http:\/\/www.czechcyclingfederation.com\/wp-content\/uploads\/2021\/01\/DRR_MGA__020717cyclist.jpg\" alt=\"\" class=\"wp-image-3318\" srcset=\"https:\/\/www.czechcyclingfederation.com\/wp-content\/uploads\/2021\/01\/DRR_MGA__020717cyclist.jpg 615w, https:\/\/www.czechcyclingfederation.com\/wp-content\/uploads\/2021\/01\/DRR_MGA__020717cyclist-300x200.jpg 300w\" sizes=\"auto, (max-width: 615px) 100vw, 615px\" \/><\/figure>\n","protected":false},"excerpt":{"rendered":"<p>Cyklist\u00e9 vs. motorist\u00e9. T\u00e9ma, kter\u00e9 je \u010dast\u00fdm jablkem sv\u00e1ru nap\u0159\u00ed\u010d spole\u010dnost\u00ed. P\u0159itom je t\u0159eba si uv\u011bdomit, \u017ee jak motorista, tak cyklista je \u00fa\u010dastn\u00edk silni\u010dn\u00edho provozu a na silnici zkr\u00e1tka pat\u0159\u00ed ob\u011b skupiny. Dodr\u017eov\u00e1n\u00ed bezpe\u010dn\u00e9 vzd\u00e1lenosti 1,5 m mezi vozidlem a cyklistou je p\u0159edm\u011btem mnoha iniciativ. V \u010cesk\u00e9 republice je nejzn\u00e1m\u011bj\u0161\u00ed kampa\u0148 Romana Kreuzigera a dal\u0161\u00edch [&hellip;]<\/p>\n","protected":false},"author":3,"featured_media":3320,"comment_status":"closed","ping_status":"open","sticky":false,"template":"","format":"standard","meta":{"footnotes":""},"categories":[28,2],"tags":[],"class_list":["post-3315","post","type-post","status-publish","format-standard","has-post-thumbnail","hentry","category-cesky-svaz-cyklistiky","category-novinky"],"_links":{"self":[{"href":"https:\/\/www.czechcyclingfederation.com\/en\/wp-json\/wp\/v2\/posts\/3315","targetHints":{"allow":["GET"]}}],"collection":[{"href":"https:\/\/www.czechcyclingfederation.com\/en\/wp-json\/wp\/v2\/posts"}],"about":[{"href":"https:\/\/www.czechcyclingfederation.com\/en\/wp-json\/wp\/v2\/types\/post"}],"author":[{"embeddable":true,"href":"https:\/\/www.czechcyclingfederation.com\/en\/wp-json\/wp\/v2\/users\/3"}],"replies":[{"embeddable":true,"href":"https:\/\/www.czechcyclingfederation.com\/en\/wp-json\/wp\/v2\/comments?post=3315"}],"version-history":[{"count":3,"href":"https:\/\/www.czechcyclingfederation.com\/en\/wp-json\/wp\/v2\/posts\/3315\/revisions"}],"predecessor-version":[{"id":3323,"href":"https:\/\/www.czechcyclingfederation.com\/en\/wp-json\/wp\/v2\/posts\/3315\/revisions\/3323"}],"wp:featuredmedia":[{"embeddable":true,"href":"https:\/\/www.czechcyclingfederation.com\/en\/wp-json\/wp\/v2\/media\/3320"}],"wp:attachment":[{"href":"https:\/\/www.czechcyclingfederation.com\/en\/wp-json\/wp\/v2\/media?parent=3315"}],"wp:term":[{"taxonomy":"category","embeddable":true,"href":"https:\/\/www.czechcyclingfederation.com\/en\/wp-json\/wp\/v2\/categories?post=3315"},{"taxonomy":"post_tag","embeddable":true,"href":"https:\/\/www.czechcyclingfederation.com\/en\/wp-json\/wp\/v2\/tags?post=3315"}],"curies":[{"name":"wp","href":"https:\/\/api.w.org\/{rel}","templated":true}]}}