{"id":3312,"date":"2021-01-27T11:13:55","date_gmt":"2021-01-27T10:13:55","guid":{"rendered":"http:\/\/www.czechcyclingfederation.com\/?p=3312"},"modified":"2021-01-27T11:13:55","modified_gmt":"2021-01-27T10:13:55","slug":"katerina-nash-opet-kandiduje-do-komise-sportovcu-uci","status":"publish","type":"post","link":"https:\/\/www.czechcyclingfederation.com\/en\/katerina-nash-opet-kandiduje-do-komise-sportovcu-uci\/","title":{"rendered":"Kate\u0159ina Nash op\u011bt kandiduje do komise sportovc\u016f UCI"},"content":{"rendered":"\n<p>Mezin\u00e1rodn\u00ed cyklistick\u00e1 unie (UCI) ozn\u00e1mila jm\u00e9na kandid\u00e1t\u016f za cyklokros do komise sportovc\u016f UCI. Do tohoto org\u00e1nu budou zvoleni jeden mu\u017e a jedna, p\u0159i\u010dem\u017e kandid\u00e1ty jsou dva mu\u017ei a dv\u011b \u017eeny. Jednou z nich i je \u00fasp\u011b\u0161n\u00e1 \u010desk\u00e1 cyklokrosa\u0159ka a bikerka Kate\u0159ina Nash, kter\u00e1 je \u010dlenkou sou\u010dasn\u00e9 komise a nyn\u00ed kandiduje na druh\u00e9 \u010dty\u0159let\u00e9 volebn\u00ed obdob\u00ed.<\/p>\n\n\n\n<p>Z mu\u017e\u016f jsou kandid\u00e1ty na roli z\u00e1stupce cyklokrosu v komisi sportovc\u016f UCI Francouz Steve Chainel a belgick\u00fd jezdec Daan Soete. Soupe\u0159kou Kate\u0159iny Nash bude Lucinda Brandov\u00e1 z Nizozem\u00ed.<\/p>\n\n\n\n<p>V\u0161ichni cyklokrosa\u0159i startuj\u00edc\u00ed v elitn\u00edch kategori\u00edch mistrovstv\u00ed sv\u011bta v Ostende 30. a 31. ledna budou moci hlasovat pro jednoho z\u00e1stupce pro ka\u017ed\u00e9 pohlav\u00ed. Hlasov\u00e1n\u00ed se bude konat v Ostende b\u011bhem ofici\u00e1ln\u00edch tr\u00e9nink\u016f p\u0159ed za\u010d\u00e1tkem elitn\u00edch z\u00e1vod\u016f.<\/p>\n\n\n\n<p>V\u00fdsledky voleb budou zve\u0159ejn\u011bny na webov\u00fdch str\u00e1nk\u00e1ch UCI 2. \u00fanora.<\/p>\n\n\n\n<p>FOTO Michal \u010cerven\u00fd<\/p>\n","protected":false},"excerpt":{"rendered":"<p>Mezin\u00e1rodn\u00ed cyklistick\u00e1 unie (UCI) ozn\u00e1mila jm\u00e9na kandid\u00e1t\u016f za cyklokros do komise sportovc\u016f UCI. Do tohoto org\u00e1nu budou zvoleni jeden mu\u017e a jedna, p\u0159i\u010dem\u017e kandid\u00e1ty jsou dva mu\u017ei a dv\u011b \u017eeny. Jednou z nich i je \u00fasp\u011b\u0161n\u00e1 \u010desk\u00e1 cyklokrosa\u0159ka a bikerka Kate\u0159ina Nash, kter\u00e1 je \u010dlenkou sou\u010dasn\u00e9 komise a nyn\u00ed kandiduje na druh\u00e9 \u010dty\u0159let\u00e9 volebn\u00ed obdob\u00ed. [&hellip;]<\/p>\n","protected":false},"author":8,"featured_media":3313,"comment_status":"closed","ping_status":"open","sticky":false,"template":"","format":"standard","meta":{"footnotes":""},"categories":[58,2],"tags":[59],"class_list":["post-3312","post","type-post","status-publish","format-standard","has-post-thumbnail","hentry","category-cyklokros","category-novinky","tag-cyklokros"],"_links":{"self":[{"href":"https:\/\/www.czechcyclingfederation.com\/en\/wp-json\/wp\/v2\/posts\/3312","targetHints":{"allow":["GET"]}}],"collection":[{"href":"https:\/\/www.czechcyclingfederation.com\/en\/wp-json\/wp\/v2\/posts"}],"about":[{"href":"https:\/\/www.czechcyclingfederation.com\/en\/wp-json\/wp\/v2\/types\/post"}],"author":[{"embeddable":true,"href":"https:\/\/www.czechcyclingfederation.com\/en\/wp-json\/wp\/v2\/users\/8"}],"replies":[{"embeddable":true,"href":"https:\/\/www.czechcyclingfederation.com\/en\/wp-json\/wp\/v2\/comments?post=3312"}],"version-history":[{"count":1,"href":"https:\/\/www.czechcyclingfederation.com\/en\/wp-json\/wp\/v2\/posts\/3312\/revisions"}],"predecessor-version":[{"id":3314,"href":"https:\/\/www.czechcyclingfederation.com\/en\/wp-json\/wp\/v2\/posts\/3312\/revisions\/3314"}],"wp:featuredmedia":[{"embeddable":true,"href":"https:\/\/www.czechcyclingfederation.com\/en\/wp-json\/wp\/v2\/media\/3313"}],"wp:attachment":[{"href":"https:\/\/www.czechcyclingfederation.com\/en\/wp-json\/wp\/v2\/media?parent=3312"}],"wp:term":[{"taxonomy":"category","embeddable":true,"href":"https:\/\/www.czechcyclingfederation.com\/en\/wp-json\/wp\/v2\/categories?post=3312"},{"taxonomy":"post_tag","embeddable":true,"href":"https:\/\/www.czechcyclingfederation.com\/en\/wp-json\/wp\/v2\/tags?post=3312"}],"curies":[{"name":"wp","href":"https:\/\/api.w.org\/{rel}","templated":true}]}}