{"id":331,"date":"2020-05-28T03:05:48","date_gmt":"2020-05-28T01:05:48","guid":{"rendered":"http:\/\/www.czechcyclingfederation.com\/?p=331"},"modified":"2020-07-16T13:41:09","modified_gmt":"2020-07-16T11:41:09","slug":"trenuj-s-repre-bmx-freestyle-5-dil","status":"publish","type":"post","link":"https:\/\/www.czechcyclingfederation.com\/en\/trenuj-s-repre-bmx-freestyle-5-dil\/","title":{"rendered":"Tr\u00e9nuj s repre BMX Freestyle &#8211; 5. d\u00edl"},"content":{"rendered":"\n<p>Dne\u0161n\u00edmi hosty projektu \u201eTr\u00e9nuj s repre BMX Freestyle\u201c jsou Nikol P\u0159ikrylov\u00e1 a Martin Habada.<\/p>\n\n\n\n<p>Dal\u0161\u00edmi hosty v projektu Tr\u00e9nuj s repre jsou junior\u0161t\u00ed olympionici, kte\u0159\u00ed se \u00fa\u010dastnili Olympijsk\u00fdch her ml\u00e1de\u017ee v Buenos Aires, Nikol P\u0159ikrylov\u00e1 a Martin Habada.<\/p>\n\n\n\n<figure><iframe loading=\"lazy\" src=\"https:\/\/www.facebook.com\/plugins\/video.php?href=https%3A%2F%2Fwww.facebook.com%2Fczechcyclingfederation%2Fvideos%2F872060329974146%2F&amp;show_text=0&amp;width=267\" width=\"267\" height=\"476\" allowfullscreen=\"true\"><\/iframe><\/figure>\n","protected":false},"excerpt":{"rendered":"<p>Dne\u0161n\u00edmi hosty projektu \u201eTr\u00e9nuj s repre BMX Freestyle\u201c jsou Nikol P\u0159ikrylov\u00e1 a Martin Habada. Dal\u0161\u00edmi hosty v projektu Tr\u00e9nuj s repre jsou junior\u0161t\u00ed olympionici, kte\u0159\u00ed se \u00fa\u010dastnili Olympijsk\u00fdch her ml\u00e1de\u017ee v Buenos Aires, Nikol P\u0159ikrylov\u00e1 a Martin Habada.<\/p>\n","protected":false},"author":1,"featured_media":333,"comment_status":"closed","ping_status":"open","sticky":false,"template":"","format":"standard","meta":{"footnotes":""},"categories":[57,2,1],"tags":[55],"class_list":["post-331","post","type-post","status-publish","format-standard","has-post-thumbnail","hentry","category-bmx","category-novinky","category-uncategorized-cs","tag-bmx"],"_links":{"self":[{"href":"https:\/\/www.czechcyclingfederation.com\/en\/wp-json\/wp\/v2\/posts\/331","targetHints":{"allow":["GET"]}}],"collection":[{"href":"https:\/\/www.czechcyclingfederation.com\/en\/wp-json\/wp\/v2\/posts"}],"about":[{"href":"https:\/\/www.czechcyclingfederation.com\/en\/wp-json\/wp\/v2\/types\/post"}],"author":[{"embeddable":true,"href":"https:\/\/www.czechcyclingfederation.com\/en\/wp-json\/wp\/v2\/users\/1"}],"replies":[{"embeddable":true,"href":"https:\/\/www.czechcyclingfederation.com\/en\/wp-json\/wp\/v2\/comments?post=331"}],"version-history":[{"count":1,"href":"https:\/\/www.czechcyclingfederation.com\/en\/wp-json\/wp\/v2\/posts\/331\/revisions"}],"predecessor-version":[{"id":332,"href":"https:\/\/www.czechcyclingfederation.com\/en\/wp-json\/wp\/v2\/posts\/331\/revisions\/332"}],"wp:featuredmedia":[{"embeddable":true,"href":"https:\/\/www.czechcyclingfederation.com\/en\/wp-json\/wp\/v2\/media\/333"}],"wp:attachment":[{"href":"https:\/\/www.czechcyclingfederation.com\/en\/wp-json\/wp\/v2\/media?parent=331"}],"wp:term":[{"taxonomy":"category","embeddable":true,"href":"https:\/\/www.czechcyclingfederation.com\/en\/wp-json\/wp\/v2\/categories?post=331"},{"taxonomy":"post_tag","embeddable":true,"href":"https:\/\/www.czechcyclingfederation.com\/en\/wp-json\/wp\/v2\/tags?post=331"}],"curies":[{"name":"wp","href":"https:\/\/api.w.org\/{rel}","templated":true}]}}