{"id":33091,"date":"2024-11-18T18:53:30","date_gmt":"2024-11-18T17:53:30","guid":{"rendered":"https:\/\/www.czechcyclingfederation.com\/?p=33091"},"modified":"2024-11-18T18:53:33","modified_gmt":"2024-11-18T17:53:33","slug":"medailove-uspechy-ceskych-nadejnych-cyklokrosaru","status":"publish","type":"post","link":"https:\/\/www.czechcyclingfederation.com\/en\/medailove-uspechy-ceskych-nadejnych-cyklokrosaru\/","title":{"rendered":"Medailov\u00e9 \u00fasp\u011bchy \u010desk\u00fdch nad\u011bjn\u00fdch cyklokrosa\u0159\u016f"},"content":{"rendered":"\n<p>Slovensk\u00fd \u0160amor\u00edn byl hostitelem evropsk\u00e9ho cyklokrosov\u00e9ho \u0161ampion\u00e1tu pro kategorie krosa\u0159\u016f od 13 do 16 let. A mlad\u00ed \u010de\u0161t\u00ed jezdci vybojovali \u0159adu medail\u00ed i mnoho dal\u0161\u00edch dobr\u00fdch um\u00edst\u011bn\u00ed.<\/p>\n\n\n\n<p>Julie Rothbauerov\u00e1 (\u010cEZ Cyklo Team T\u00e1bor) z\u00edskala st\u0159\u00edbro v kategorii d\u00edvek do 13 let. V kategorii chlapc\u016f do 13 let vyhr\u00e1l Marek Semer\u00e1d (Rexonix KOVO Praha). Mezi \u010dtrn\u00e1ctilet\u00fdmi nad\u011bjemi si vedla skv\u011ble Nela Dr\u00e1bkov\u00e1 (SCM Kol\u00edn &#8211; St\u0159edo\u010desk\u00fd kraj), kter\u00e1 vybojovala st\u0159\u00edbro a mezi chlapci z\u00edskal stejn\u011b cenn\u00fd kov&nbsp; Adam Ma\u0148as (Cycling Academy T\u00e1bor), Jid\u0159ich Kohout (SCK Kol\u00edn &#8211; St\u0159edo\u010desk\u00fd kraj bral bronz.<\/p>\n\n\n\n<p>V z\u00e1vodu d\u00edvek do 15 let skon\u010dila Monika Jan\u00edkov\u00e1 (Rexonix KOVO Praha) st\u0159\u00edbrn\u00e1, mezi chlapci do 15 let vybojovali zlato a st\u0159\u00edbro Vojt\u011bch Rada (Rexonix KOVO Praha) a Samuel Mucha (HSF SYSTEM Cycling Team). Bronz vybojovala mezi d\u00edvkami do 16 let Karol\u00edna Rothbauerov\u00e1 (\u010cEZ Cyklo Team T\u00e1bor).<\/p>\n\n\n\n<p><strong>V\u00a0Evropsk\u00e9m poh\u00e1ru t\u0159i prvenstv\u00ed a celkem dev\u011bt medail\u00ed<\/strong><\/p>\n\n\n\n<p>Nem\u00e9n\u011b \u00fasp\u011b\u0161n\u00ed byli o den pozd\u011bji na stejn\u00e9m okruhu \u00fasp\u011b\u0161n\u00ed na\u0161i jezdci kategori\u00ed U23 a junior\u016f na dal\u0161\u00edm d\u00edlu Evropsk\u00e9ho poh\u00e1ru. T\u0159i ze \u010dty\u0159 z\u00e1vod\u016f ovl\u00e1dli a celkem dom\u016f vezou dev\u011bt medail\u00ed. V kategorii mu\u017e\u016f U23 vyhr\u00e1l V\u00e1clav Je\u017eek, t\u0159et\u00ed skon\u010dil Patrik Lienert, ve stejn\u00e9 kategorii \u017een za v\u00edt\u011bznou dom\u00e1c\u00ed Vikt\u00f3ri\u00ed Chlado\u0148ovou projely c\u00edlem Krist\u00fdna Zemanov\u00e1 a Eli\u0161ka Drbohlavov\u00e1. V z\u00e1vodu junior\u016f vybojoval titul Luk\u00e1\u0161 Kristl, David Svoboda byl t\u0159et\u00ed a mezi juniorkami obsadily \u010ce\u0161ky kompletn\u011b stupn\u011b v\u00edt\u011bzek v po\u0159ad\u00ed Am\u00e1lie Gottwaldov\u00e1, Hanka Vikov\u00e1 a Michaela Jiroutkov\u00e1.<\/p>\n\n\n\n<p>V\u00fdsledky:<\/p>\n\n\n\n<p>Mu\u017ei U23:<\/p>\n\n\n\n<p>1. Je\u017eek (\u010cR) 51:18, 2. Tak\u00e1cs (Ma\u010f.) +6, 3. Lienert +47, 4. Janout +1:10, 5. Vik (v\u0161ichni \u010cR) +1:48.<\/p>\n\n\n\n<p>\u017deny U23:<\/p>\n\n\n\n<p>1. Chlado\u0148ov\u00e1 (SR) 44:10, 2. Zemanov\u00e1 +1:11, 3. Drbohlavov\u00e1 +1:22, 4. Doud\u011brov\u00e1 +1:24, &#8230;7. Panu\u0161ov\u00e1 +2:22, 9. Dlouh\u00e1 (v\u0161echny \u010cR) +4:51.<\/p>\n\n\n\n<p>Junio\u0159i:<\/p>\n\n\n\n<p>1. Kristl (\u010cR) 41:01, 2. \u0160ichta (SR), 3. Svoboda oba stejn\u00fd \u010das, &#8230;8. John +57, 10. N\u00e1gr (v\u0161ichni \u010cR) +1:09.<\/p>\n\n\n\n<p>Juniorky:<\/p>\n\n\n\n<p>1. A. Gottwaldov\u00e1 45:11, 2. Vikov\u00e1 +1:10, 3. Jiroutkov\u00e1 +1:27, &#8230;5. Dlouh\u00e1 +2:50, 6. Hrdinov\u00e1 (v\u0161echny \u010cR) +4:02.<\/p>\n","protected":false},"excerpt":{"rendered":"<p>Slovensk\u00fd \u0160amor\u00edn byl hostitelem evropsk\u00e9ho cyklokrosov\u00e9ho \u0161ampion\u00e1tu pro kategorie krosa\u0159\u016f od 13 do 16 let. A mlad\u00ed \u010de\u0161t\u00ed jezdci vybojovali \u0159adu medail\u00ed i mnoho dal\u0161\u00edch dobr\u00fdch um\u00edst\u011bn\u00ed. Julie Rothbauerov\u00e1 (\u010cEZ Cyklo Team T\u00e1bor) z\u00edskala st\u0159\u00edbro v kategorii d\u00edvek do 13 let. V kategorii chlapc\u016f do 13 let vyhr\u00e1l Marek Semer\u00e1d (Rexonix KOVO Praha). Mezi \u010dtrn\u00e1ctilet\u00fdmi [&hellip;]<\/p>\n","protected":false},"author":8,"featured_media":33092,"comment_status":"closed","ping_status":"open","sticky":false,"template":"","format":"standard","meta":{"footnotes":""},"categories":[58,2,46],"tags":[59],"class_list":["post-33091","post","type-post","status-publish","format-standard","has-post-thumbnail","hentry","category-cyklokros","category-novinky","category-novinky-sportovni-centra","tag-cyklokros"],"_links":{"self":[{"href":"https:\/\/www.czechcyclingfederation.com\/en\/wp-json\/wp\/v2\/posts\/33091","targetHints":{"allow":["GET"]}}],"collection":[{"href":"https:\/\/www.czechcyclingfederation.com\/en\/wp-json\/wp\/v2\/posts"}],"about":[{"href":"https:\/\/www.czechcyclingfederation.com\/en\/wp-json\/wp\/v2\/types\/post"}],"author":[{"embeddable":true,"href":"https:\/\/www.czechcyclingfederation.com\/en\/wp-json\/wp\/v2\/users\/8"}],"replies":[{"embeddable":true,"href":"https:\/\/www.czechcyclingfederation.com\/en\/wp-json\/wp\/v2\/comments?post=33091"}],"version-history":[{"count":1,"href":"https:\/\/www.czechcyclingfederation.com\/en\/wp-json\/wp\/v2\/posts\/33091\/revisions"}],"predecessor-version":[{"id":33094,"href":"https:\/\/www.czechcyclingfederation.com\/en\/wp-json\/wp\/v2\/posts\/33091\/revisions\/33094"}],"wp:featuredmedia":[{"embeddable":true,"href":"https:\/\/www.czechcyclingfederation.com\/en\/wp-json\/wp\/v2\/media\/33092"}],"wp:attachment":[{"href":"https:\/\/www.czechcyclingfederation.com\/en\/wp-json\/wp\/v2\/media?parent=33091"}],"wp:term":[{"taxonomy":"category","embeddable":true,"href":"https:\/\/www.czechcyclingfederation.com\/en\/wp-json\/wp\/v2\/categories?post=33091"},{"taxonomy":"post_tag","embeddable":true,"href":"https:\/\/www.czechcyclingfederation.com\/en\/wp-json\/wp\/v2\/tags?post=33091"}],"curies":[{"name":"wp","href":"https:\/\/api.w.org\/{rel}","templated":true}]}}