{"id":3305,"date":"2021-01-26T08:56:20","date_gmt":"2021-01-26T07:56:20","guid":{"rendered":"http:\/\/www.czechcyclingfederation.com\/?p=3305"},"modified":"2021-01-26T08:56:20","modified_gmt":"2021-01-26T07:56:20","slug":"posunuti-olympiad-deti-a-mladeze","status":"publish","type":"post","link":"https:\/\/www.czechcyclingfederation.com\/en\/posunuti-olympiad-deti-a-mladeze\/","title":{"rendered":"Posunut\u00ed olympi\u00e1d d\u011bt\u00ed a ml\u00e1de\u017ee"},"content":{"rendered":"\n<p><\/p>\n\n\n\n<p>Olympi\u00e1da d\u011bt\u00ed a ml\u00e1de\u017ee se o rok posouv\u00e1. Letn\u00ed sp\u00faortovn\u00ed kl\u00e1n\u00ed uspo\u0159\u00e1d\u00e1 Olomouck\u00fd kraj v \u010dervnu 2022, zimn\u00ed ODM bude v lednu 2023.<\/p>\n\n\n\n<p>Z\u00e1stupci \u010cesk\u00e9ho olympijsk\u00e9ho v\u00fdboru a po\u0159adatelsk\u00fdch kraj\u016f se dohodli na posunut\u00ed cel\u00e9ho cyklu Olympi\u00e1dy d\u011bt\u00ed a ml\u00e1de\u017ee. \u201eNebylo to jednoduch\u00e9 rozhodnut\u00ed, ale v podstat\u011b jedin\u00e9 mo\u017en\u00e9. V\u00fdvoj epidemick\u00e9 situace je i letos nejasn\u00fd, a kdybychom olympi\u00e1du posouvali pozd\u011bji, m\u011blo by to daleko v\u00e1\u017en\u011bj\u0161\u00ed d\u016fsledky pro v\u0161echny z\u00fa\u010dastn\u011bn\u00e9 strany. Probl\u00e9m by mohl b\u00fdt s nedodr\u017een\u00edm podepsan\u00fdch smluv, komplikace by to p\u0159edstavovalo i pro po\u0159adatele a p\u0159edev\u0161\u00edm mlad\u00e9 sportovce a jejich t\u00fdmy,\u201c vysv\u011btlil d\u016fvod odkladu hejtman Olomouck\u00e9ho kraje Josef Such\u00e1nek.<\/p>\n\n\n\n<p>Letn\u00ed Olympi\u00e1da d\u011bt\u00ed a ml\u00e1de\u017ee se m\u011bla uskute\u010dnit tento rok na p\u0159elomu \u010dervna a \u010dervence v Olomouck\u00e9m kraji, kam by p\u0159ijelo p\u0159es 4000 sportovc\u016f a \u010dlen\u016f v\u00fdpravy. \u201e\u010cesk\u00fd olympijsk\u00fd v\u00fdbor dlouhodob\u011b podporuje sportov\u00e1n\u00ed d\u011bt\u00ed a ml\u00e1de\u017ee, a proto jsme jim v t\u00e9to dob\u011b necht\u011bli br\u00e1t mo\u017enost za\u017e\u00edt ODM. P\u0159ipravili jsme mo\u017en\u00e9 sc\u00e9n\u00e1\u0159e pro uskute\u010dn\u011bn\u00ed i na podzim leto\u0161n\u00edho roku, ale na z\u00e1klad\u011b \u017e\u00e1dosti Olomouck\u00e9ho kraje jsme s posunem souhlasili, proto\u017ee chceme mlad\u00fdm sportovc\u016fm dop\u0159\u00e1t \u00fapln\u00fd olympijsk\u00fd z\u00e1\u017eitek. Pro v\u011bt\u0161inu \u00fa\u010dastn\u00edk\u016f je Olympi\u00e1da d\u011bt\u00ed a ml\u00e1de\u017ee nejv\u011bt\u0161\u00ed sportovn\u00ed akc\u00ed v \u017eivot\u011b,\u201c \u0159\u00edk\u00e1 p\u0159edseda \u010cesk\u00e9ho olympijsk\u00e9ho v\u00fdboru Ji\u0159\u00ed Kejval.<\/p>\n\n\n\n<p>Organiz\u00e1to\u0159i se u\u017e dohodli na nov\u00e9m term\u00ednu letn\u00ed ODM. Olomouck\u00fd kraj bude hostit mlad\u00e9 sportovce od 19. do 24. \u010dervna 2022. Vedle tradi\u010dn\u00edch sport\u016f se poprv\u00e9 na ODM p\u0159edstav\u00ed i \u0161erm. Zn\u00e1m\u00e9 je u\u017e nap\u0159\u00edklad i logo des\u00e1t\u00e9 letn\u00ed ODM a maskot \u2013 orel dr\u017e\u00edc\u00ed \u010deskou vlajku. Olympijsk\u00e1 vesnice vznikne ve spolupr\u00e1ci s Univerzitou Palack\u00e9ho v are\u00e1lu jej\u00edch kolej\u00ed v centru m\u011bsta a nedalek\u00e1 Pevnost pozn\u00e1n\u00ed se p\u0159em\u011bn\u00ed na Olympijsk\u00fd d\u016fm. T\u00fdm organiz\u00e1tor\u016f tak z\u00edsk\u00e1v\u00e1 v\u00edce \u010dasu na kvalitn\u00ed p\u0159\u00edpravu.<\/p>\n\n\n\n<p>\u201eFinalizujeme jedn\u00e1n\u00ed s \u010cesk\u00fdm olympijsk\u00fdm v\u00fdborem, aby i v Kr\u00e1lov\u00e9hradeck\u00e9m kraji mohl b\u00fdt za\u017eehnut olympijsk\u00fd ohe\u0148. Pro zimn\u00ed sportovce by se tak m\u011blo st\u00e1t v lednu 2023. Kr\u00e1lov\u00e9hradeck\u00fd kraj m\u016f\u017ee mlad\u00fdm sportovc\u016fm nab\u00eddnout skv\u011bl\u00e9 z\u00e1\u017eitky na sportovi\u0161t\u00edch nejvy\u0161\u0161\u00edch hor \u010cesk\u00e9 republiky a pro n\u00e1s je ct\u00ed uspo\u0159\u00e1dat jubilejn\u00ed Hry X. zimn\u00ed olympi\u00e1dy d\u011bt\u00ed a ml\u00e1de\u017ee pr\u00e1v\u011b v na\u0161em kraji,\u201c dod\u00e1v\u00e1 hejtman Martin \u010cerv\u00ed\u010dek.<\/p>\n\n\n\n<p>Olympi\u00e1da d\u011bt\u00ed a ml\u00e1de\u017ee se poprv\u00e9 uskute\u010dnila v roce 2003 v Pardubick\u00e9m kraji. Poprv\u00e9 v historii doch\u00e1z\u00ed k p\u0159esunu term\u00ednu. \u201ePosun cel\u00e9ho bloku ODM, tedy letn\u00ed i zimn\u00ed edice, p\u0159inese n\u011bkter\u00e9 organiza\u010dn\u00ed v\u00fdzvy, ale na druhou stranu budeme m\u00edt s po\u0159adatelsk\u00fdmi kraji mo\u017enost p\u0159ipravit olympi\u00e1du, kter\u00e1 nebude nijak ovlivn\u011bna sou\u010dasn\u00fdmi opat\u0159en\u00edmi. To je d\u016fle\u017eit\u00e9 i pro sportovce, aby se mohli na olympi\u00e1du kvalifikovat v norm\u00e1ln\u00edch podm\u00ednk\u00e1ch. Budeme se v\u0161emi n\u00e1rodn\u00edmi svazy \u0159e\u0161it \u00fapravu propozic i z hlediska v\u011bkov\u00fdch kategori\u00ed,\u201c upozor\u0148uje Filip \u0160uman, m\u00edstop\u0159edseda \u010cesk\u00e9ho olympijsk\u00e9ho v\u00fdboru zodpov\u011bdn\u00fd za Olympi\u00e1du d\u011bt\u00ed a ml\u00e1de\u017ee.<\/p>\n\n\n\n<p>Olympi\u00e1da d\u011bt\u00ed a ml\u00e1de\u017ee je republikov\u00e1 sout\u011b\u017e krajsk\u00fdch v\u00fdprav, kter\u00e1 se kon\u00e1 ka\u017edoro\u010dn\u011b od roku 2003 a je ur\u010dena mlad\u00fdm sportovc\u016fm ve v\u011bku od dvan\u00e1cti do \u0161estn\u00e1cti let. V minulosti unik\u00e1tn\u00ed atmosf\u00e9ru za\u017eila \u0159ada dnes \u00fasp\u011b\u0161n\u00fdch sportovc\u016f, jako jsou nap\u0159\u00edklad Ester Ledeck\u00e1 \u010di Josef Dost\u00e1l. Hlavn\u00ed poselstv\u00ed projektu je p\u0159in\u00e9st \u017eivotn\u00ed z\u00e1\u017eitek mlad\u00fdm sportovc\u016fm, jejich vrstevn\u00edk\u016fm, rodi\u010d\u016fm i ve\u0159ejnosti, aby se pohyb stal a z\u016fstal sou\u010d\u00e1st\u00ed jejich \u017eivota.<\/p>\n\n\n\n<p>TZ \u010cOV<\/p>\n","protected":false},"excerpt":{"rendered":"<p>Olympi\u00e1da d\u011bt\u00ed a ml\u00e1de\u017ee se o rok posouv\u00e1. Letn\u00ed sp\u00faortovn\u00ed kl\u00e1n\u00ed uspo\u0159\u00e1d\u00e1 Olomouck\u00fd kraj v \u010dervnu 2022, zimn\u00ed ODM bude v lednu 2023. Z\u00e1stupci \u010cesk\u00e9ho olympijsk\u00e9ho v\u00fdboru a po\u0159adatelsk\u00fdch kraj\u016f se dohodli na posunut\u00ed cel\u00e9ho cyklu Olympi\u00e1dy d\u011bt\u00ed a ml\u00e1de\u017ee. \u201eNebylo to jednoduch\u00e9 rozhodnut\u00ed, ale v podstat\u011b jedin\u00e9 mo\u017en\u00e9. V\u00fdvoj epidemick\u00e9 situace je i letos [&hellip;]<\/p>\n","protected":false},"author":8,"featured_media":3306,"comment_status":"closed","ping_status":"open","sticky":false,"template":"","format":"standard","meta":{"footnotes":""},"categories":[2,65],"tags":[],"class_list":["post-3305","post","type-post","status-publish","format-standard","has-post-thumbnail","hentry","category-novinky","category-subdisciplina"],"_links":{"self":[{"href":"https:\/\/www.czechcyclingfederation.com\/en\/wp-json\/wp\/v2\/posts\/3305","targetHints":{"allow":["GET"]}}],"collection":[{"href":"https:\/\/www.czechcyclingfederation.com\/en\/wp-json\/wp\/v2\/posts"}],"about":[{"href":"https:\/\/www.czechcyclingfederation.com\/en\/wp-json\/wp\/v2\/types\/post"}],"author":[{"embeddable":true,"href":"https:\/\/www.czechcyclingfederation.com\/en\/wp-json\/wp\/v2\/users\/8"}],"replies":[{"embeddable":true,"href":"https:\/\/www.czechcyclingfederation.com\/en\/wp-json\/wp\/v2\/comments?post=3305"}],"version-history":[{"count":1,"href":"https:\/\/www.czechcyclingfederation.com\/en\/wp-json\/wp\/v2\/posts\/3305\/revisions"}],"predecessor-version":[{"id":3307,"href":"https:\/\/www.czechcyclingfederation.com\/en\/wp-json\/wp\/v2\/posts\/3305\/revisions\/3307"}],"wp:featuredmedia":[{"embeddable":true,"href":"https:\/\/www.czechcyclingfederation.com\/en\/wp-json\/wp\/v2\/media\/3306"}],"wp:attachment":[{"href":"https:\/\/www.czechcyclingfederation.com\/en\/wp-json\/wp\/v2\/media?parent=3305"}],"wp:term":[{"taxonomy":"category","embeddable":true,"href":"https:\/\/www.czechcyclingfederation.com\/en\/wp-json\/wp\/v2\/categories?post=3305"},{"taxonomy":"post_tag","embeddable":true,"href":"https:\/\/www.czechcyclingfederation.com\/en\/wp-json\/wp\/v2\/tags?post=3305"}],"curies":[{"name":"wp","href":"https:\/\/api.w.org\/{rel}","templated":true}]}}