{"id":33046,"date":"2024-11-16T17:12:44","date_gmt":"2024-11-16T16:12:44","guid":{"rendered":"https:\/\/www.czechcyclingfederation.com\/?p=33046"},"modified":"2024-11-16T17:16:48","modified_gmt":"2024-11-16T16:16:48","slug":"boros-a-zemanova-nejrychlejsi-v-rymarove","status":"publish","type":"post","link":"https:\/\/www.czechcyclingfederation.com\/en\/boros-a-zemanova-nejrychlejsi-v-rymarove\/","title":{"rendered":"Boro\u0161 a Zemanov\u00e1 nejrychlej\u0161\u00ed v R\u00fdma\u0159ov\u011b"},"content":{"rendered":"\n<p><strong>\u00da\u0159aduj\u00edc\u00ed \u010de\u0161t\u00ed \u0161ampioni v cyklokrosu Michael Boro\u0161 a Krist\u00fdna Zemanov\u00e1 ovl\u00e1dli dal\u0161\u00ed d\u00edl leto\u0161n\u00edho ro\u010dn\u00edku HSH System Cupu, kter\u00fd se uskute\u010dnil v sobotu v R\u00fdma\u0159ov\u011b<\/strong>,<strong> kde se jelo u\u017e pop\u00e1t\u00e9 v historii.<\/strong><\/p>\n\n\n\n<p>Michael Boro\u0161 v dresu Elkov Kasper potvrdil stoprocentn\u00ed bilanci v prob\u00edhaj\u00edc\u00edm seri\u00e1lu. Nastoupil do z\u00e1vod\u016f v Hlinsku, Kol\u00edn\u011b a R\u00fdma\u0159ov\u011b. V\u017edy slavil v\u00edt\u011bzstv\u00ed. V R\u00fdma\u0159ov\u011b vyhr\u00e1l s komfortn\u00edm n\u00e1skokem. V pr\u016fb\u011b\u017en\u00e9m po\u0159ad\u00ed HSH System Cupu je v\u0161ak druh\u00fd.<\/p>\n\n\n\n<p>Na \u010dele se dr\u017e\u00ed polsk\u00fd cyklokrosa\u0159 Marek Konwa s n\u00e1skokem patn\u00e1cti bod\u016f, kter\u00fd p\u0159i v\u0161ech t\u0159ech konfrontac\u00edch s Boro\u0161em dojel druh\u00fd. Nicm\u00e9n\u011b m\u00e1 k dobru body ze z\u00e1vodu v Ostrav\u011b, kde \u010desk\u00fd reprezentant nestartoval.<\/p>\n\n\n\n<figure class=\"wp-block-image size-large\"><img loading=\"lazy\" decoding=\"async\" width=\"1024\" height=\"681\" src=\"https:\/\/www.czechcyclingfederation.com\/wp-content\/uploads\/2024\/11\/D4C_1086-1024x681.jpg\" alt=\"\" class=\"wp-image-33047\" srcset=\"https:\/\/www.czechcyclingfederation.com\/wp-content\/uploads\/2024\/11\/D4C_1086-1024x681.jpg 1024w, https:\/\/www.czechcyclingfederation.com\/wp-content\/uploads\/2024\/11\/D4C_1086-300x200.jpg 300w, https:\/\/www.czechcyclingfederation.com\/wp-content\/uploads\/2024\/11\/D4C_1086-768x511.jpg 768w, https:\/\/www.czechcyclingfederation.com\/wp-content\/uploads\/2024\/11\/D4C_1086-1536x1022.jpg 1536w, https:\/\/www.czechcyclingfederation.com\/wp-content\/uploads\/2024\/11\/D4C_1086-2048x1363.jpg 2048w, https:\/\/www.czechcyclingfederation.com\/wp-content\/uploads\/2024\/11\/D4C_1086-1320x878.jpg 1320w\" sizes=\"auto, (max-width: 1024px) 100vw, 1024px\" \/><\/figure>\n\n\n\n<p>Mezi \u017eenami dominovala rovn\u011b\u017e pot\u0159et\u00ed v sezon\u011b Krist\u00fdna Zemanov\u00e1. \u010cesk\u00e1 reprezentantka vynechala \u00favodn\u00ed podnik v Ostrav\u011b, ov\u0161em i mlad\u00e1 z\u00e1vodnice t\u00fdmu Brilon Racing byla v Hlinsku, Kol\u00edn\u011b a R\u00fdma\u0159ov\u011b nejrychlej\u0161\u00ed. <\/p>\n\n\n\n<p>V R\u00fdma\u0159ov\u011b v\u0161ak musela tvrd\u011b bojovat a\u017e do posledn\u00edch metr\u016f se slovenskou reprezentantkou Viktori\u00ed Chlado\u0148ovou. Na t\u0159et\u00edm m\u00edst\u011b dojela Barbora Bukovsk\u00e1, j\u00ed\u017e pat\u0159\u00ed v pr\u016fb\u011b\u017en\u00e9m hodnocen\u00ed seri\u00e1lu druh\u00e1 pozice s mankem 60 bod\u016f na Krist\u00fdnu Zemanovou.<\/p>\n\n\n\n<figure class=\"wp-block-image size-large\"><img loading=\"lazy\" decoding=\"async\" width=\"1024\" height=\"681\" src=\"http:\/\/www.czechcyclingfederation.com\/wp-content\/uploads\/2024\/11\/D4C_1129-1024x681.jpg\" alt=\"\" class=\"wp-image-33061\" srcset=\"https:\/\/www.czechcyclingfederation.com\/wp-content\/uploads\/2024\/11\/D4C_1129-1024x681.jpg 1024w, https:\/\/www.czechcyclingfederation.com\/wp-content\/uploads\/2024\/11\/D4C_1129-300x200.jpg 300w, https:\/\/www.czechcyclingfederation.com\/wp-content\/uploads\/2024\/11\/D4C_1129-768x511.jpg 768w, https:\/\/www.czechcyclingfederation.com\/wp-content\/uploads\/2024\/11\/D4C_1129-1536x1022.jpg 1536w, https:\/\/www.czechcyclingfederation.com\/wp-content\/uploads\/2024\/11\/D4C_1129-2048x1363.jpg 2048w, https:\/\/www.czechcyclingfederation.com\/wp-content\/uploads\/2024\/11\/D4C_1129-1320x878.jpg 1320w\" sizes=\"auto, (max-width: 1024px) 100vw, 1024px\" \/><\/figure>\n\n\n\n<p><strong>HSH System Cup v R\u00fdma\u0159ov\u011b &#8211; mu\u017ei<\/strong>: 1. Boro\u0161 (Elkov Kasper) 59:31 min., 2. Konwa (Pol., Auto \u0160koda Mlad\u00e1 Boleslav) +30 s., 3. Je\u017eek (\u010cR, Brilon Racing) +43, 4. Novotn\u00fd (\u010cR, Nutrend Specialized) +45, 5. Fiala (\u010cR, ATT Investments) +55.<\/p>\n\n\n\n<p><strong>\u017deny<\/strong>: 1. Zemanov\u00e1 (\u010cR, Brilon Racing) 43:51 min., 2. Chlado\u0148ov\u00e1 (SR, Climberg Sport) +1, 3. Bukovsk\u00e1 (\u010cR, Bikeshop Racing) +58, 4. Grohov\u00e1 (\u010cR, Dukla Praha) +1:33 min., 5. Van\u00ed\u010dkov\u00e1 (\u010cR, Brilon Racing) +1:58 min.<\/p>\n\n\n\n<p><strong>Junio\u0159i<\/strong>: 1. N\u00e1gr (\u010cR, SportRaces Cycling) 41:26 min., 2. John (\u010cR, Brilon Racing) +21, 3. Kristl (\u010cR, Brilon Racing) +33, 4. Svoboda (\u010cR, Brilon Racing) +35, 5. Mit\u00e1\u0161 (\u010cR, Cyklostar Pirelli) +1:09 min.<\/p>\n\n\n\n<p>Foto: Jan Brychta<\/p>\n","protected":false},"excerpt":{"rendered":"<p>\u00da\u0159aduj\u00edc\u00ed \u010de\u0161t\u00ed \u0161ampioni v cyklokrosu Michael Boro\u0161 a Krist\u00fdna Zemanov\u00e1 ovl\u00e1dli dal\u0161\u00ed d\u00edl leto\u0161n\u00edho ro\u010dn\u00edku HSH System Cupu, kter\u00fd se uskute\u010dnil v sobotu v R\u00fdma\u0159ov\u011b, kde se jelo u\u017e pop\u00e1t\u00e9 v historii. Michael Boro\u0161 v dresu Elkov Kasper potvrdil stoprocentn\u00ed bilanci v prob\u00edhaj\u00edc\u00edm seri\u00e1lu. Nastoupil do z\u00e1vod\u016f v Hlinsku, Kol\u00edn\u011b a R\u00fdma\u0159ov\u011b. V\u017edy slavil v\u00edt\u011bzstv\u00ed. [&hellip;]<\/p>\n","protected":false},"author":30,"featured_media":33057,"comment_status":"closed","ping_status":"open","sticky":false,"template":"","format":"standard","meta":{"footnotes":""},"categories":[2],"tags":[59],"class_list":["post-33046","post","type-post","status-publish","format-standard","has-post-thumbnail","hentry","category-novinky","tag-cyklokros"],"_links":{"self":[{"href":"https:\/\/www.czechcyclingfederation.com\/en\/wp-json\/wp\/v2\/posts\/33046","targetHints":{"allow":["GET"]}}],"collection":[{"href":"https:\/\/www.czechcyclingfederation.com\/en\/wp-json\/wp\/v2\/posts"}],"about":[{"href":"https:\/\/www.czechcyclingfederation.com\/en\/wp-json\/wp\/v2\/types\/post"}],"author":[{"embeddable":true,"href":"https:\/\/www.czechcyclingfederation.com\/en\/wp-json\/wp\/v2\/users\/30"}],"replies":[{"embeddable":true,"href":"https:\/\/www.czechcyclingfederation.com\/en\/wp-json\/wp\/v2\/comments?post=33046"}],"version-history":[{"count":5,"href":"https:\/\/www.czechcyclingfederation.com\/en\/wp-json\/wp\/v2\/posts\/33046\/revisions"}],"predecessor-version":[{"id":33069,"href":"https:\/\/www.czechcyclingfederation.com\/en\/wp-json\/wp\/v2\/posts\/33046\/revisions\/33069"}],"wp:featuredmedia":[{"embeddable":true,"href":"https:\/\/www.czechcyclingfederation.com\/en\/wp-json\/wp\/v2\/media\/33057"}],"wp:attachment":[{"href":"https:\/\/www.czechcyclingfederation.com\/en\/wp-json\/wp\/v2\/media?parent=33046"}],"wp:term":[{"taxonomy":"category","embeddable":true,"href":"https:\/\/www.czechcyclingfederation.com\/en\/wp-json\/wp\/v2\/categories?post=33046"},{"taxonomy":"post_tag","embeddable":true,"href":"https:\/\/www.czechcyclingfederation.com\/en\/wp-json\/wp\/v2\/tags?post=33046"}],"curies":[{"name":"wp","href":"https:\/\/api.w.org\/{rel}","templated":true}]}}