{"id":3302,"date":"2021-01-25T15:46:31","date_gmt":"2021-01-25T14:46:31","guid":{"rendered":"http:\/\/www.czechcyclingfederation.com\/?p=3302"},"modified":"2021-01-25T15:46:31","modified_gmt":"2021-01-25T14:46:31","slug":"sampionat-stybarovi-zapadl-do-pripravy","status":"publish","type":"post","link":"https:\/\/www.czechcyclingfederation.com\/en\/sampionat-stybarovi-zapadl-do-pripravy\/","title":{"rendered":"\u0160ampion\u00e1t \u0160tybarovi zapadl do p\u0159\u00edpravy"},"content":{"rendered":"\n<p><\/p>\n\n\n\n<p>P\u0159ed za\u010d\u00e1tkem sezony \u0159\u00edkal Zden\u011bk \u0160tybar, \u017ee cyklokrosy jezdit v\u016fbec nebude. Skute\u010dn\u011b ani o v\u00e1no\u010dn\u00edm turn\u00e9 se ani jednou, oproti minul\u00fdm let\u016fm, v&nbsp;ter\u00e9nu neobjevil. Ale te\u010f je v\u0161e jinak. V&nbsp;ned\u011bli 31. ledna se v&nbsp;Ostende v&nbsp;Belgii postav\u00ed v&nbsp;\u010desk\u00e9m reprezenta\u010dn\u00edm trikotu na start sv\u011btov\u00e9ho \u0161ampion\u00e1tu. Lep\u0161\u00ed zpr\u00e1vu si \u010de\u0161t\u00ed p\u0159\u00edznivci cyklokrosu v&nbsp;zat\u00edm hodn\u011b nevyda\u0159en\u00e9 sezon\u011b snad ani nemohli p\u0159\u00edt.<\/p>\n\n\n\n<p>Posledn\u00ed start na cyklokrosov\u00e9m MS \u0160tybar absolvoval v roce 2014 v&nbsp;Hoogerheide, kde z\u00edskal sv\u00e9 t\u0159et\u00ed elitn\u00ed zlato. Krom\u011b toho m\u00e1 ve sv\u00e9 sb\u00edrce i dv\u011b st\u0159\u00edbra, dva tituly mistra sv\u011bta kategorie U23 a dva bronzy z&nbsp;kategorie junior\u016f, sedmkr\u00e1t vyhr\u00e1l dom\u00e1c\u00ed \u0161ampion\u00e1t, ale posledn\u00ed roky se v\u011bnuje silnici a jen ojedin\u011ble startoval v&nbsp;cyklokrosu.<\/p>\n\n\n\n<p>Na d\u016fvody tohoto p\u0159\u00edjemn\u00e9ho sd\u011blen\u00ed jsme se Zde\u0148ka \u0160tybara zeptali a on tradi\u010dn\u011b ochotn\u011b odpov\u011bd\u011bl na n\u011bkolik ot\u00e1zek.<\/p>\n\n\n\n<p><strong>Poprv\u00e9 jste startoval MS p\u0159ed 19 lety, vzpomenete si na to je\u0161t\u011b?<\/strong><\/p>\n\n\n\n<p>Hodn\u011b \u010dasto. V\u00edm, \u017ee p\u0159edt\u00edm jsem m\u011bl v\u017edy kolo zna\u010dky kova\u0159\u00edk a j\u00e1 obdivoval kola od moratti, ale ty ceny byly neuv\u011b\u0159iteln\u00e9. Ta\u0165ka mi \u0159ekl, \u017ee a\u017e budu dobr\u00fd, tak \u017ee mi ho koup\u00ed a tehdy v&nbsp;Zolderu jsem na n\u011bm jel poprv\u00e9, proto\u017ee ta\u0165ka splnil co sl\u00edbil. Nav\u00edc jsem si mohl p\u016fj\u010dit od Jirky Posp\u00ed\u0161ila kola zipp, ale m\u011bl jsem stra\u0161n\u00fd strach, abych je nezni\u010dil a \u0159\u00edkal jsem, \u017ee na nich nepojedu. Nakonec jsem na nich jel, ale pro jistotu jsem je nafoukal o trochu v\u00edce, abych r\u00e1fek neprorazil.<\/p>\n\n\n\n<p><strong>Posledn\u00ed cyklokros jste absolvoval n\u011bkdy p\u0159ed rokem\u2026<\/strong><\/p>\n\n\n\n<p>Ano, to bylo v&nbsp;r\u00e1mci p\u0159\u00edpravy p\u0159ed rokem 4. ledna.<\/p>\n\n\n\n<p><strong>P\u0159ipravujete se na silni\u010dn\u00ed sezonu. Na krosov\u00e9m kole jste toho asi moc nenajezdil\u2026<\/strong><\/p>\n\n\n\n<p>V listopadu, kdy\u017e bylo trochu volna, tak jsem v ter\u00e9nu p\u00e1rkr\u00e1t jel. Ale od 6. prosince do p\u00e1tku jsme byli na soust\u0159ed\u011bn\u00ed ve \u0160pan\u011blsku a tam to bylo jen na silni\u010dce. Na krosov\u00e9m kole jsem sed\u011bl op\u011bt v pond\u011bl\u00ed a ve \u010dtvrtek se vyprav\u00edm na tra\u0165 v Ostende, ale vr\u00e1t\u00edm se je\u0161t\u011b dom\u016f. Do d\u011bji\u0161t\u011b MS p\u0159ijedu dal\u0161\u00ed den a v p\u00e1tek a sobotu si projedu tra\u0165, pot\u0159ebuji si hlavn\u011b o\u010dichat techniku.<\/p>\n\n\n\n<p><strong>Na jak\u00e9m kole pojedete?<\/strong><\/p>\n\n\n\n<p>Na tom sv\u00e9m modr\u00e9m speciallizedu na n\u011bm\u017e jsem jezdil loni. Nyn\u00ed to bylo stra\u0161n\u011b rychl\u00e9, nesh\u00e1n\u011bli jsme nic. Zru\u0161ilo se n\u00e1m t\u00fdmov\u00e9 soust\u0159ed\u011bn\u00ed v Portugalsku, a tak se to rozhodlo rychle. Tento t\u00fdden bych stejn\u011b tolik intenzivn\u011b netr\u00e9noval a n\u011bjak to dob\u0159e zapadlo abych byl tento v\u00edkend v dobr\u00e9 form\u011b.<\/p>\n\n\n\n<p><strong>Tr\u00e9nujete s Mathieu van der Poelem. I cyklokros?<\/strong><\/p>\n\n\n\n<p>Kdy\u017e jsem v Belgii, tak spolu jezd\u00edme \u010dasto, p\u0159i prvn\u00edm lockdownu prakticky ka\u017ed\u00fd den. Ale jen na silnici a p\u00e1rkr\u00e1t na biku.<\/p>\n\n\n\n<p><strong>Fyzicky jste p\u0159ipraven ur\u010dit\u011b dob\u0159e, ale co krosov\u00e1 praxe?<\/strong><\/p>\n\n\n\n<p>Ur\u010dit\u011b to bude n\u011bco jin\u00e9ho, ale spol\u00e9h\u00e1m na to, \u017ee tra\u0165 si najedu na ofici\u00e1ln\u00edch tr\u00e9ninc\u00edch a v ned\u011bli je\u0161t\u011b p\u0159ed z\u00e1vodem. Nikdy jsem nebyl specialista na p\u00edsek, ale ten okruh nen\u00ed a\u017e tak technick\u00fd. Mohlo by mi to sednout, ale start bude alfou a omegou. J\u00e1 budu n\u011bkde v posledn\u00ed \u0159ad\u011b a teprve pot\u00e9 se uvid\u00ed co jde ud\u011blat.<\/p>\n\n\n\n<p><strong>Na start MS asi nep\u016fjdete s medailov\u00fdmi ambicemi.<\/strong>..<\/p>\n\n\n\n<p>O ambic\u00edch moc nep\u0159em\u00fd\u0161l\u00edm, jedu na \u0161ampion\u00e1t s t\u00edm, \u017ee si chci zaz\u00e1vodit, ale tak\u00e9 s&nbsp;t\u00edm, \u017ee ze sebe vy\u017ed\u00edm\u00e1m v\u0161e. Je utopie si myslet, \u017ee tam sko\u010d\u00edm bez rytmu a budu bojovat o medaile. Mathie a Wout (van der Poel a Aert) jsou n\u011bkde jinde, za nimi je prakticky v\u017edy stejn\u00e1 skupina jezdc\u016f na p\u0159ibli\u017en\u011b shodn\u00e9 \u00farovni. Kdybych chytil start, tak v t\u00e9 skupin\u011b bych mohl b\u00fdt, ale t\u011b\u017eko \u0159\u00edci dop\u0159edu.<\/p>\n\n\n\n<p><strong>S \u010d\u00edm budete spokojen?<\/strong><\/p>\n\n\n\n<p>S t\u00edm, \u017ee si z\u00e1vod u\u017eiji a v\u00fdsledek p\u0159itom nebude hr\u00e1t roli. Jedu si nas\u00e1t tu skv\u011blou atmosf\u00e9ru mistrovstv\u00ed, to mi chyb\u00ed a moc se na to t\u011b\u0161\u00edm.<\/p>\n\n\n\n<p>FOTO Michal \u010cerven\u00fd<\/p>\n","protected":false},"excerpt":{"rendered":"<p>P\u0159ed za\u010d\u00e1tkem sezony \u0159\u00edkal Zden\u011bk \u0160tybar, \u017ee cyklokrosy jezdit v\u016fbec nebude. Skute\u010dn\u011b ani o v\u00e1no\u010dn\u00edm turn\u00e9 se ani jednou, oproti minul\u00fdm let\u016fm, v&nbsp;ter\u00e9nu neobjevil. Ale te\u010f je v\u0161e jinak. V&nbsp;ned\u011bli 31. ledna se v&nbsp;Ostende v&nbsp;Belgii postav\u00ed v&nbsp;\u010desk\u00e9m reprezenta\u010dn\u00edm trikotu na start sv\u011btov\u00e9ho \u0161ampion\u00e1tu. Lep\u0161\u00ed zpr\u00e1vu si \u010de\u0161t\u00ed p\u0159\u00edznivci cyklokrosu v&nbsp;zat\u00edm hodn\u011b nevyda\u0159en\u00e9 sezon\u011b snad ani [&hellip;]<\/p>\n","protected":false},"author":8,"featured_media":3303,"comment_status":"closed","ping_status":"open","sticky":false,"template":"","format":"standard","meta":{"footnotes":""},"categories":[58,2],"tags":[59],"class_list":["post-3302","post","type-post","status-publish","format-standard","has-post-thumbnail","hentry","category-cyklokros","category-novinky","tag-cyklokros"],"_links":{"self":[{"href":"https:\/\/www.czechcyclingfederation.com\/en\/wp-json\/wp\/v2\/posts\/3302","targetHints":{"allow":["GET"]}}],"collection":[{"href":"https:\/\/www.czechcyclingfederation.com\/en\/wp-json\/wp\/v2\/posts"}],"about":[{"href":"https:\/\/www.czechcyclingfederation.com\/en\/wp-json\/wp\/v2\/types\/post"}],"author":[{"embeddable":true,"href":"https:\/\/www.czechcyclingfederation.com\/en\/wp-json\/wp\/v2\/users\/8"}],"replies":[{"embeddable":true,"href":"https:\/\/www.czechcyclingfederation.com\/en\/wp-json\/wp\/v2\/comments?post=3302"}],"version-history":[{"count":1,"href":"https:\/\/www.czechcyclingfederation.com\/en\/wp-json\/wp\/v2\/posts\/3302\/revisions"}],"predecessor-version":[{"id":3304,"href":"https:\/\/www.czechcyclingfederation.com\/en\/wp-json\/wp\/v2\/posts\/3302\/revisions\/3304"}],"wp:featuredmedia":[{"embeddable":true,"href":"https:\/\/www.czechcyclingfederation.com\/en\/wp-json\/wp\/v2\/media\/3303"}],"wp:attachment":[{"href":"https:\/\/www.czechcyclingfederation.com\/en\/wp-json\/wp\/v2\/media?parent=3302"}],"wp:term":[{"taxonomy":"category","embeddable":true,"href":"https:\/\/www.czechcyclingfederation.com\/en\/wp-json\/wp\/v2\/categories?post=3302"},{"taxonomy":"post_tag","embeddable":true,"href":"https:\/\/www.czechcyclingfederation.com\/en\/wp-json\/wp\/v2\/tags?post=3302"}],"curies":[{"name":"wp","href":"https:\/\/api.w.org\/{rel}","templated":true}]}}