{"id":33018,"date":"2024-11-13T06:46:12","date_gmt":"2024-11-13T05:46:12","guid":{"rendered":"https:\/\/www.czechcyclingfederation.com\/?p=33018"},"modified":"2024-11-13T06:46:15","modified_gmt":"2024-11-13T05:46:15","slug":"dalsi-seminar-cycling-university-se-uskutecni-v-prosinci-v-praze","status":"publish","type":"post","link":"https:\/\/www.czechcyclingfederation.com\/en\/dalsi-seminar-cycling-university-se-uskutecni-v-prosinci-v-praze\/","title":{"rendered":"Dal\u0161\u00ed semin\u00e1\u0159 Cycling University se uskute\u010dn\u00ed v\u00a0prosinci v Praze"},"content":{"rendered":"\n<p>Vzd\u011bl\u00e1vac\u00ed program \u010cesk\u00e9ho svazu cyklistiky, Cycling University, bude pokra\u010dovat dal\u0161\u00edm d\u00edlem ve st\u0159edu 4. prosince 2024 od 9:30 hodin v Konferen\u010dn\u00edm s\u00e1le \u010cesk\u00e9 unie sportu v Praze na Strahov\u011b.<\/p>\n\n\n\n<p>Program bude v\u011bnovan\u00fd aktu\u00e1ln\u00edm novink\u00e1m ze sv\u011bta cyklistiky, sportu, a p\u0159edev\u0161\u00edm pak zaj\u00edmavostem \u2013 trend\u016fm, kter\u00e9 byly uplatn\u011bny v r\u00e1mci p\u0159\u00edpravy na olympijsk\u00e9 hry v Pa\u0159\u00ed\u017ei.&nbsp;&nbsp;<\/p>\n\n\n\n<p>&nbsp;Prosincov\u00fd semin\u00e1\u0159 bude prov\u00e1zet i vzpom\u00ednka na prezidenta \u010cesk\u00e9ho svazu cyklistiky, zakladatele a inici\u00e1tora projektu Cycling University, Petra Marka, kter\u00fd n\u00e1s p\u0159ed p\u00e1r dny n\u00e1hle opustil.<\/p>\n\n\n\n<p>\u00a0<em>\u201eNap\u0159\u00ed\u010d cyklistick\u00fdmi discipl\u00ednami je rozpracov\u00e1na \u0159ada velmi prosp\u011b\u0161n\u00fdch projekt\u016f, kter\u00e9 Petr inicioval, pl\u00e1noval uskute\u010dnit a na kter\u00fdch se aktivn\u011b pod\u00edlel. Vzd\u011bl\u00e1vac\u00ed cyklus Cycling University je jedn\u00edm z nich. Od po\u010d\u00e1tku jeho vzniku nav\u0161t\u00edvily n\u011bkterou z na\u0161ich p\u0159edn\u00e1\u0161ek stovky poslucha\u010d\u016f z \u0159ad tren\u00e9r\u016f, mana\u017eer\u016f, z\u00e1vodn\u00edk\u016f, rodi\u010d\u016f i \u0161irok\u00e9 sportovn\u00ed ve\u0159ejnosti. Petr se \u00fa\u010dastnil v\u011bt\u0161iny semin\u00e1\u0159\u016f a v\u017edy poslucha\u010de v \u00favodu informoval o aktu\u00e1ln\u00edm d\u011bn\u00ed na svazu cyklistiky i p\u0159ipravovan\u00fdch akc\u00edch,\u201c<\/em> \u0159\u00edk\u00e1 <strong>Viktor Zapletal<\/strong>, \u0161\u00e9f t\u00fdmu Cycling University.\u00a0\u00a0\u00a0\u00a0\u00a0\u00a0<\/p>\n\n\n\n<p><em>\u201ePetr m\u011bl v\u00fdjime\u010dnou schopnost uklid\u0148ovat \u010dastokr\u00e1t zna\u010dn\u011b rozbou\u0159en\u00e9 vody sv\u011bta sportu a d\u00edky sv\u00e9 univerz\u00e1lnosti, vnit\u0159n\u00edmu klidu a s\u00edle dok\u00e1zal iniciovat konstruktivn\u00ed jedn\u00e1n\u00ed, kter\u00e1 vedla ku prosp\u011bchu jednotliv\u00fdch discipl\u00edn. Je na n\u00e1s v\u0161ech, abychom se pokusili n\u00e9st tento odkaz d\u00e1l. Prosp\u011bch z toho bude m\u00edt \u010desk\u00e1 cyklistika jako celek a na\u0161i sportovci. A to je p\u0159esn\u011b to, co si Petr p\u0159\u00e1l a o co usiloval,&#8221; <\/em>dod\u00e1v\u00e1 Zapletal.<\/p>\n\n\n\n<p>P\u0159edn\u00e1\u0161kov\u00fd blok zah\u00e1j\u00ed Mgr. Jaroslava Krakovi\u010dov\u00e1, gener\u00e1ln\u00ed sekret\u00e1\u0159ka \u010cSC, kter\u00e1 v p\u0159edn\u00e1\u0161ce \u201eNejd\u016fle\u017eit\u011bj\u0161\u00ed informace \u010cSC z oblasti sportovn\u00ed, ekonomick\u00e9, organiza\u010dn\u00ed, struktur\u00e1ln\u00ed\u201c p\u0159edstav\u00ed koncepci a sm\u011br, kter\u00fdm se bude ub\u00edrat \u010desk\u00e1 cyklistika a sport v nejbli\u017e\u0161\u00edch m\u011bs\u00edc\u00edch a v roce 2025. Zaj\u00edmavost\u00ed tak\u00e9 bude vyhodnocen\u00ed \u010desk\u00e9 \u00fa\u010dasti na OH v Pa\u0159\u00ed\u017ei.<\/p>\n\n\n\n<p>Prof. MUDr. Libor V\u00edtek, PhD, MBA je dlouholet\u00fdm a vyhled\u00e1van\u00fdm odborn\u00edkem Cycling University. N\u00e1zev p\u0159edn\u00e1\u0161ky \u201eNejnov\u011bj\u0161\u00ed trendy v oblasti sportovn\u00ed medic\u00edny v n\u00e1vaznosti na dostupn\u00e9 poznatky z p\u0159\u00edpravy na OH Pa\u0159\u00ed\u017e, diskutovan\u00e9 novinky sez\u00f3ny 2024\u201c mo\u017en\u00e1 vypad\u00e1 na prvn\u00ed pohled zna\u010dn\u011b v\u0161eobecn\u011b, nicm\u00e9n\u011b m\u016f\u017eeme prozradit, \u017ee ukr\u00fdv\u00e1 t\u00e9mata, kter\u00e1 doposud nebyla v p\u0159edn\u00e1\u0161kov\u00e9 podob\u011b prezentov\u00e1na.<\/p>\n\n\n\n<figure class=\"wp-block-image size-large\"><img loading=\"lazy\" decoding=\"async\" width=\"1024\" height=\"1024\" src=\"https:\/\/www.czechcyclingfederation.com\/wp-content\/uploads\/2024\/11\/logo-cycling-university-3-1024x1024.jpg\" alt=\"\" class=\"wp-image-33021\" srcset=\"https:\/\/www.czechcyclingfederation.com\/wp-content\/uploads\/2024\/11\/logo-cycling-university-3-1024x1024.jpg 1024w, https:\/\/www.czechcyclingfederation.com\/wp-content\/uploads\/2024\/11\/logo-cycling-university-3-200x200.jpg 200w, https:\/\/www.czechcyclingfederation.com\/wp-content\/uploads\/2024\/11\/logo-cycling-university-3-150x150.jpg 150w, https:\/\/www.czechcyclingfederation.com\/wp-content\/uploads\/2024\/11\/logo-cycling-university-3-768x768.jpg 768w, https:\/\/www.czechcyclingfederation.com\/wp-content\/uploads\/2024\/11\/logo-cycling-university-3-1536x1536.jpg 1536w, https:\/\/www.czechcyclingfederation.com\/wp-content\/uploads\/2024\/11\/logo-cycling-university-3-2048x2048.jpg 2048w, https:\/\/www.czechcyclingfederation.com\/wp-content\/uploads\/2024\/11\/logo-cycling-university-3-1320x1320.jpg 1320w\" sizes=\"auto, (max-width: 1024px) 100vw, 1024px\" \/><\/figure>\n\n\n\n<p>Mezi nejmlad\u0161\u00ed \u010dleny medic\u00ednsk\u00e9ho t\u00fdmu \u010cesk\u00e9ho olympijsk\u00e9ho v\u00fdboru a t\u00fdmu Cycling University pat\u0159\u00ed MUDr. Jan Zapletal, kter\u00fd se v praxi v\u011bnuje, mimo jin\u00e9 i v\u011bdeck\u00fdm studi\u00edm, kter\u00e9 se t\u00fdkaj\u00ed st\u00e1le jen m\u00e1lo prezentovan\u00e9 problematiky v\u00fdkonnostn\u00edho sportu \u017een. V p\u0159edn\u00e1\u0161ce \u201eZdrav\u00ed \u017een ve v\u00fdkonnostn\u00edm sportu a cesta k optim\u00e1ln\u00edmu potenci\u00e1lu\u201c nast\u00edn\u00ed diskutovan\u00e9 okruhy \u010desk\u00fdch i sv\u011btov\u00fdch odborn\u00edk\u016f na toto t\u00e9ma.<\/p>\n\n\n\n<p>Spole\u010dn\u00e1 p\u0159edn\u00e1\u0161ka, resp. diskusn\u00ed f\u00f3rum tren\u00e9ra juniorsk\u00e9ho t\u00fdmu Dukly Praha Franti\u0161ka Trkala a odborn\u00e9ho asistenta v\u011bdeck\u00e9ho centra arm\u00e1dn\u00edho resortn\u00edho centra vrcholov\u00e9ho sportu CASRI p\u0159i Dukle Praha, Mgr. Tom\u00e1\u0161e M\u00edky s n\u00e1zvem \u201eLakt\u00e1t \u2013 m\u00fdty a fakta, co je gluk\u00f3za?\u201c, mo\u017en\u00e1 v p\u0159\u00edpad\u011b \u0159ady poslucha\u010d\u016f \u00fapln\u011b pozm\u011bn\u00ed n\u00e1zor na dan\u00e9 t\u00e9ma. Je p\u0159\u00ednosn\u00e1 nejenom v praktick\u00e9m pou\u010den\u00ed, ale i s ohledem na diskusi a prezentaci vlastn\u00edch zku\u0161enost\u00ed jednotliv\u00fdch tren\u00e9r\u016f, kterou p\u0159irozen\u00fdm zp\u016fsobem generuje.\u00a0<\/p>\n\n\n\n<p><strong>Profily p\u0159edn\u00e1\u0161ej\u00edc\u00edch:<\/strong><\/p>\n\n\n\n<p><strong>Mgr. Jaroslava Krakovi\u010dov\u00e1<\/strong>, gener\u00e1ln\u00ed sekret\u00e1\u0159 \u010cSC, v\u00edce ne\u017e 18 let\u00e1 praxe na vedouc\u00edch pozic\u00edch v problematice vrcholov\u00e9ho i v\u00fdkonnostn\u00edho sportu<\/p>\n\n\n\n<p><strong>Prof. MUDr. Libor V\u00edtek<\/strong>, PhD, MBA, expert na problematiku sportovn\u00ed v\u00fd\u017eivy, ofici\u00e1ln\u00ed poradce \u010desk\u00e9ho olympijsk\u00e9ho t\u00fdmu a mnoha sportovc\u016f sv\u011btov\u00e9 \u0161pi\u010dky, p\u016fsob\u00ed na IV. Intern\u00ed klinice \u00dastavu l\u00e9ka\u0159sk\u00e9 biochemie a laboratorn\u00ed diagnostiky UK<\/p>\n\n\n\n<p><strong>MUDr. Jan Zapletal<\/strong>, odborn\u00fd asistent Gynekologicko \u2013 porodnick\u00e9 kliniky 3.LF UK a FN Kr\u00e1lovsk\u00e9 Vinohrady, vedouc\u00ed v\u00fduky chirurgick\u00fdch p\u0159edm\u011bt\u016f Centra biomedic\u00ednsk\u00fdch simulac\u00ed 1. LF UK, \u010dlen medic\u00ednsk\u00e9ho t\u00fdmu \u010cOV, medailista ME a MS&nbsp;&nbsp;<\/p>\n\n\n\n<p><strong>Franti\u0161ek Trkal<\/strong>, OLY, medailista z MS, \u00fa\u010dastn\u00edk OH. V sou\u010dasn\u00e9 dob\u011b p\u016fsob\u00ed jako tren\u00e9r juniorsk\u00e9 skupiny Dukly Praha se specializac\u00ed dr\u00e1ha\/silnice<\/p>\n\n\n\n<p><strong>Mgr. Tom\u00e1\u0161 M\u00edka<\/strong>, sportovn\u00ed v\u011bdec, vysoko\u0161kolsk\u00fd u\u010ditel, p\u016fsob\u00ed v biomedic\u00ednsk\u00e9 laborato\u0159i FTVS UK a na Kated\u0159e Kinantropologie FTVS UK. Specialista na vytrvalostn\u00ed sporty, cyklistika, vodn\u00ed sporty a anal\u00fdza v\u00fdkonnosti v kolektivn\u00ed sportech<\/p>\n\n\n\n<p>\u00a0Cel\u00fdm semin\u00e1\u0159em bude prov\u00e1zet <strong>Viktor Zapletal<\/strong>.<\/p>\n\n\n\n<p>Vzhledem k omezen\u00e9 kapacit\u011b s\u00e1lu a z\u00e1jmu o p\u0159edn\u00e1\u0161ky Cycling University je nutn\u00e9 registrovat se prost\u0159ednictv\u00edm registra\u010dn\u00edho syst\u00e9mu na tomto odkazu: <a href=\"http:\/\/www.cyclinguniversity.cz\/prihlaska-na-seminar-cu\">www.cyclinguniversity.cz\/prihlaska-na-seminar-cu<\/a>. P\u0159ihl\u00e1\u0161en\u00ed na m\u00edst\u011b nen\u00ed mo\u017en\u00e9.<\/p>\n\n\n\n<p>Term\u00edn: st\u0159eda 4. prosince 2024&nbsp;<\/p>\n\n\n\n<p>M\u00edsto: Konferen\u010dn\u00ed s\u00e1l \u010cesk\u00e9 unie sportu, Z\u00e1topkova 100\/2, Praha 6, Strahov, 169 17 (2.patro)<\/p>\n\n\n\n<p>Prezentace \u00fa\u010dastn\u00edk\u016f za\u010d\u00edn\u00e1 v&nbsp;9.00 hod., samotn\u00fd program v&nbsp;9.30. P\u0159edpokl\u00e1dan\u00fd konec cca 14.00 hod.<\/p>\n\n\n\n<p>Dal\u0161\u00ed informace:\u00a0\u00a0\u00a0\u00a0\u00a0 <a href=\"http:\/\/www.cyclinguniversity.cz\">www.cyclinguniversity.cz<\/a><\/p>\n\n\n\n<p>V p\u0159\u00edpad\u011b dotaz\u016f pros\u00edm kontaktujte sekret\u00e1\u0159e Cycling University <strong>Mgr. Vojt\u011bcha Pavl\u00edka<\/strong>, email: <strong>vojtech.pavlik@caths.cz<\/strong>, tel: +420 604 975\u00a0981.<\/p>\n\n\n\n<p><\/p>\n","protected":false},"excerpt":{"rendered":"<p>Vzd\u011bl\u00e1vac\u00ed program \u010cesk\u00e9ho svazu cyklistiky, Cycling University, bude pokra\u010dovat dal\u0161\u00edm d\u00edlem ve st\u0159edu 4. prosince 2024 od 9:30 hodin v Konferen\u010dn\u00edm s\u00e1le \u010cesk\u00e9 unie sportu v Praze na Strahov\u011b. Program bude v\u011bnovan\u00fd aktu\u00e1ln\u00edm novink\u00e1m ze sv\u011bta cyklistiky, sportu, a p\u0159edev\u0161\u00edm pak zaj\u00edmavostem \u2013 trend\u016fm, kter\u00e9 byly uplatn\u011bny v r\u00e1mci p\u0159\u00edpravy na olympijsk\u00e9 hry v Pa\u0159\u00ed\u017ei.&nbsp;&nbsp; [&hellip;]<\/p>\n","protected":false},"author":1,"featured_media":33019,"comment_status":"closed","ping_status":"open","sticky":false,"template":"","format":"standard","meta":{"footnotes":""},"categories":[2,1],"tags":[174],"class_list":["post-33018","post","type-post","status-publish","format-standard","has-post-thumbnail","hentry","category-novinky","category-uncategorized-cs","tag-vzdelavani"],"_links":{"self":[{"href":"https:\/\/www.czechcyclingfederation.com\/en\/wp-json\/wp\/v2\/posts\/33018","targetHints":{"allow":["GET"]}}],"collection":[{"href":"https:\/\/www.czechcyclingfederation.com\/en\/wp-json\/wp\/v2\/posts"}],"about":[{"href":"https:\/\/www.czechcyclingfederation.com\/en\/wp-json\/wp\/v2\/types\/post"}],"author":[{"embeddable":true,"href":"https:\/\/www.czechcyclingfederation.com\/en\/wp-json\/wp\/v2\/users\/1"}],"replies":[{"embeddable":true,"href":"https:\/\/www.czechcyclingfederation.com\/en\/wp-json\/wp\/v2\/comments?post=33018"}],"version-history":[{"count":2,"href":"https:\/\/www.czechcyclingfederation.com\/en\/wp-json\/wp\/v2\/posts\/33018\/revisions"}],"predecessor-version":[{"id":33025,"href":"https:\/\/www.czechcyclingfederation.com\/en\/wp-json\/wp\/v2\/posts\/33018\/revisions\/33025"}],"wp:featuredmedia":[{"embeddable":true,"href":"https:\/\/www.czechcyclingfederation.com\/en\/wp-json\/wp\/v2\/media\/33019"}],"wp:attachment":[{"href":"https:\/\/www.czechcyclingfederation.com\/en\/wp-json\/wp\/v2\/media?parent=33018"}],"wp:term":[{"taxonomy":"category","embeddable":true,"href":"https:\/\/www.czechcyclingfederation.com\/en\/wp-json\/wp\/v2\/categories?post=33018"},{"taxonomy":"post_tag","embeddable":true,"href":"https:\/\/www.czechcyclingfederation.com\/en\/wp-json\/wp\/v2\/tags?post=33018"}],"curies":[{"name":"wp","href":"https:\/\/api.w.org\/{rel}","templated":true}]}}