{"id":33004,"date":"2024-11-10T19:29:29","date_gmt":"2024-11-10T18:29:29","guid":{"rendered":"https:\/\/www.czechcyclingfederation.com\/?p=33004"},"modified":"2024-11-10T20:13:09","modified_gmt":"2024-11-10T19:13:09","slug":"mladeznicke-kategorie-zahajily-drahovy-cesky-pohar-2024-25","status":"publish","type":"post","link":"https:\/\/www.czechcyclingfederation.com\/en\/mladeznicke-kategorie-zahajily-drahovy-cesky-pohar-2024-25\/","title":{"rendered":"Ml\u00e1de\u017enick\u00e9 kategorie zah\u00e1jily dr\u00e1hov\u00fd \u010cesk\u00fd poh\u00e1r 2024-25"},"content":{"rendered":"\n<p>\u00davodn\u00edm z\u00e1vodem \u010cesk\u00e9ho poh\u00e1ru ml\u00e1de\u017ee 2024 &#8211; 2025 v dr\u00e1hov\u00e9 cyklistice byly v\u00edkendov\u00e9 boje v&nbsp;omniu na pra\u017esk\u00e9 dr\u00e1ze v&nbsp;omniu. Mezi juniorkami slavila dvojn\u00e1sobn\u00e9 v\u00edt\u011bzstv\u00ed Vendula Strakat\u00e1 (Rytger powered by Carl Ras), v&nbsp;z\u00e1vodech junior\u016f zv\u00edt\u011bzil v&nbsp;sobotu Tom\u00e1\u0161 Vr\u00e1na (TUFO pardus Prost\u011bjov) a v&nbsp;ned\u011bli Filip Richter z&nbsp;Dukly Praha. Ve vlo\u017een\u00fdch z\u00e1vodech mu\u017e\u016f byl po oba dny nejlep\u0161\u00ed Milan Kadlec (Development Team DSM).<\/p>\n\n\n\n<figure class=\"wp-block-image size-large\"><img loading=\"lazy\" decoding=\"async\" width=\"768\" height=\"1024\" src=\"http:\/\/www.czechcyclingfederation.com\/wp-content\/uploads\/2024\/11\/Strakata-Obrazek-WhatsApp-2024-11-10-v-19.17.20_9bdc95cd-768x1024.jpg\" alt=\"\" class=\"wp-image-33007\" srcset=\"https:\/\/www.czechcyclingfederation.com\/wp-content\/uploads\/2024\/11\/Strakata-Obrazek-WhatsApp-2024-11-10-v-19.17.20_9bdc95cd-768x1024.jpg 768w, https:\/\/www.czechcyclingfederation.com\/wp-content\/uploads\/2024\/11\/Strakata-Obrazek-WhatsApp-2024-11-10-v-19.17.20_9bdc95cd-150x200.jpg 150w, https:\/\/www.czechcyclingfederation.com\/wp-content\/uploads\/2024\/11\/Strakata-Obrazek-WhatsApp-2024-11-10-v-19.17.20_9bdc95cd-1152x1536.jpg 1152w, https:\/\/www.czechcyclingfederation.com\/wp-content\/uploads\/2024\/11\/Strakata-Obrazek-WhatsApp-2024-11-10-v-19.17.20_9bdc95cd.jpg 1200w\" sizes=\"auto, (max-width: 768px) 100vw, 768px\" \/><\/figure>\n\n\n\n<p>V\u00fdsledky:<\/p>\n\n\n\n<p>Omnium:<\/p>\n\n\n\n<p>I. den:<\/p>\n\n\n\n<p>\u017d\u00e1ci a kadetky: 1. \u010ctrn\u00e1ct\u00fd 176, 2. Jaro\u0161ov\u00e1 (oba Dukla Praha) 95, 3. Van\u010data (SK Pet\u0159\u00edn Plze\u0148) 91.<\/p>\n\n\n\n<p>Kadeti: 1. Ciboch (Rexonix Kovo Praha) 103, 2. Brad\u00e1\u010d 97, 3. Hasal (oba Dukla Praha) 89.<\/p>\n\n\n\n<p>Juniorky a \u017eeny:<\/p>\n\n\n\n<p>1. Strakat\u00e1 (Rytger powered by Carl Rast) 117, 2. Markov\u00e1 (Dukla Praha) 113, 3. Pittnerov\u00e1 (Mapei Merida Ka\u0148kovsk\u00fd) 93, 4. \u0160tefanov\u00e1 (TJ Favorit Brno) 66, 5. V\u00e1vrov\u00e1 (MS Bike Academy Racing) 65, 6. Fojt\u016f (TUFO Pardus Prost\u011bjov) 41.<\/p>\n\n\n\n<p>Junio\u0159i a mu\u017ei:<\/p>\n\n\n\n<p>1. Kadlec (Development Team DSM) 107, 2. O. \u0160ilhav\u00fd (ACS Developments) 97, 3. Vr\u00e1na (TUFO Pardus Prost\u011bjov) 91, 4. Pit\u00e1k (Mapei Merida Ka\u0148kovsk\u00fd) 85, 5. Frajbi\u0161 (Dukla Praha) 82, 6. Pad\u011blek (TJ Favorit Brno) 79.<\/p>\n\n\n\n<p>II. den:<\/p>\n\n\n\n<p>\u017d\u00e1ci, \u017e\u00e1kyn\u011b a kadetky: 1. \u010ctrn\u00e1ct\u00fd 177, 2. Van\u010data 146, 3. Kysela (TJ Favorit Brno) 103.<\/p>\n\n\n\n<p>Kadeti: 1. Ciboch 139, 2. Hasal 133, 3. Brad\u00e1\u010d 130.<\/p>\n\n\n\n<p>Juniorky a \u017eeny:<\/p>\n\n\n\n<p>1. Strakat\u00e1 163, 2. Markov\u00e1 158, 3. Pittnerov\u00e1 126, 4. \u0160tefanov\u00e1 86, 5. Fojt\u016f 79, 6. V\u00e1vrov\u00e1 44.<\/p>\n\n\n\n<p>Junio\u0159i a mu\u017ei:<\/p>\n\n\n\n<p>1. Kadlec 153, 2. O. \u0160ilhav\u00fd 135, 3. Rob. Kobr 128, 4. Rich Kobr (oba ACS Developments) 109, 6. Pit\u00e1k 105.<\/p>\n","protected":false},"excerpt":{"rendered":"<p>\u00davodn\u00edm z\u00e1vodem \u010cesk\u00e9ho poh\u00e1ru ml\u00e1de\u017ee 2024 &#8211; 2025 v dr\u00e1hov\u00e9 cyklistice byly v\u00edkendov\u00e9 boje v&nbsp;omniu na pra\u017esk\u00e9 dr\u00e1ze v&nbsp;omniu. Mezi juniorkami slavila dvojn\u00e1sobn\u00e9 v\u00edt\u011bzstv\u00ed Vendula Strakat\u00e1 (Rytger powered by Carl Ras), v&nbsp;z\u00e1vodech junior\u016f zv\u00edt\u011bzil v&nbsp;sobotu Tom\u00e1\u0161 Vr\u00e1na (TUFO pardus Prost\u011bjov) a v&nbsp;ned\u011bli Filip Richter z&nbsp;Dukly Praha. Ve vlo\u017een\u00fdch z\u00e1vodech mu\u017e\u016f byl po oba dny nejlep\u0161\u00ed [&hellip;]<\/p>\n","protected":false},"author":8,"featured_media":33010,"comment_status":"closed","ping_status":"open","sticky":false,"template":"","format":"standard","meta":{"footnotes":""},"categories":[58,2],"tags":[9],"class_list":["post-33004","post","type-post","status-publish","format-standard","has-post-thumbnail","hentry","category-cyklokros","category-novinky","tag-draha"],"_links":{"self":[{"href":"https:\/\/www.czechcyclingfederation.com\/en\/wp-json\/wp\/v2\/posts\/33004","targetHints":{"allow":["GET"]}}],"collection":[{"href":"https:\/\/www.czechcyclingfederation.com\/en\/wp-json\/wp\/v2\/posts"}],"about":[{"href":"https:\/\/www.czechcyclingfederation.com\/en\/wp-json\/wp\/v2\/types\/post"}],"author":[{"embeddable":true,"href":"https:\/\/www.czechcyclingfederation.com\/en\/wp-json\/wp\/v2\/users\/8"}],"replies":[{"embeddable":true,"href":"https:\/\/www.czechcyclingfederation.com\/en\/wp-json\/wp\/v2\/comments?post=33004"}],"version-history":[{"count":1,"href":"https:\/\/www.czechcyclingfederation.com\/en\/wp-json\/wp\/v2\/posts\/33004\/revisions"}],"predecessor-version":[{"id":33009,"href":"https:\/\/www.czechcyclingfederation.com\/en\/wp-json\/wp\/v2\/posts\/33004\/revisions\/33009"}],"wp:featuredmedia":[{"embeddable":true,"href":"https:\/\/www.czechcyclingfederation.com\/en\/wp-json\/wp\/v2\/media\/33010"}],"wp:attachment":[{"href":"https:\/\/www.czechcyclingfederation.com\/en\/wp-json\/wp\/v2\/media?parent=33004"}],"wp:term":[{"taxonomy":"category","embeddable":true,"href":"https:\/\/www.czechcyclingfederation.com\/en\/wp-json\/wp\/v2\/categories?post=33004"},{"taxonomy":"post_tag","embeddable":true,"href":"https:\/\/www.czechcyclingfederation.com\/en\/wp-json\/wp\/v2\/tags?post=33004"}],"curies":[{"name":"wp","href":"https:\/\/api.w.org\/{rel}","templated":true}]}}