{"id":3299,"date":"2021-01-25T14:46:52","date_gmt":"2021-01-25T13:46:52","guid":{"rendered":"http:\/\/www.czechcyclingfederation.com\/?p=3299"},"modified":"2021-01-25T14:46:52","modified_gmt":"2021-01-25T13:46:52","slug":"stybar-pojede-ms-v-ostende","status":"publish","type":"post","link":"https:\/\/www.czechcyclingfederation.com\/en\/stybar-pojede-ms-v-ostende\/","title":{"rendered":"\u0160tybar pojede MS v Ostende"},"content":{"rendered":"\n<p><\/p>\n\n\n\n<p>Nej\u00fasp\u011b\u0161n\u011bj\u0161\u00ed \u010desk\u00fd cyklokrosa\u0159 historie Zden\u011bk \u0160tybar absolvuje v \u010desk\u00e9m trikotu leto\u0161n\u00ed mistrovstv\u00ed sv\u011bta. To se uskute\u010dn\u00ed 30. a 31. ledna v\u00a0belgick\u00e9m Ostende. Na mistrovstv\u00ed sv\u011bta bude \u0160tybar startovat po sedmilet\u00e9 pauze, naposledy jel v\u00a0roce 2014 v\u00a0Hoogerheide kde vybojoval sv\u00e9 t\u0159et\u00ed elitn\u00ed zlato.<\/p>\n\n\n\n<p>Celkem bude startovat sedm \u010desk\u00fdch reprezentant\u016f. Spolu se \u0160tybarem pojede v\u00a0elitn\u00ed kategorii \u00fa\u0159aduj\u00edc\u00ed \u0161ampion Michael Boro\u0161, mezi mu\u017ei U23 pak trojice Jakub \u0158\u00edman, \u0160imon Van\u00ed\u010dek, Robert Hula. Na startu elitn\u00edho z\u00e1vodu \u017een bude Pavla Havl\u00edkov\u00e1, v\u00a0kategorii U23 pojede Tereza Van\u00ed\u010dkov\u00e1. Nominaci ozn\u00e1mil reprezenta\u010dn\u00ed kou\u010d Petr Dlask po z\u00e1v\u011bre\u010dn\u00e9m z\u00e1vodu SP v\u00a0Overijse.<\/p>\n\n\n\n<p>\u201eNominov\u00e1ni byli jezdci, kte\u0159\u00ed maj\u00ed v\u00fdkonnost na absolvov\u00e1n\u00ed MS v&nbsp;jejich kategori\u00edch. Mistrovstv\u00ed sv\u011bta nen\u00ed o z\u00edsk\u00e1v\u00e1n\u00ed zku\u0161enost\u00ed, jak je tomu v&nbsp;p\u0159\u00edpad\u011b z\u00e1vod\u016f Sv\u011btov\u00fdch poh\u00e1r\u016f. Nikdo dal\u0161\u00ed nem\u00e1 takovou v\u00fdkonnost, aby mohl na sv\u011btov\u00e9m \u0161ampion\u00e1tu startovat,\u201c \u0159ekl Petr Dlask.<\/p>\n\n\n\n<p>A k&nbsp;\u00fa\u010dasti \u0160tybara zd\u016fraznil.&nbsp; \u201eZden\u011bk zv\u00e1\u017eil situaci. N\u011bkolikr\u00e1t se mu m\u011bnil z\u00e1vodn\u00ed program, silni\u010dn\u00ed sezona se neust\u00e1le odkl\u00e1d\u00e1. Jezdil v intenzit\u011b a volal, \u017ee by cht\u011bl jet. Je to pro n\u00e1s skv\u011bl\u00e1 zpr\u00e1va, se sv\u00fdmi zku\u0161enostmi a p\u0159\u00edpravou, kterou m\u00e1 za sebou bude jist\u011b skv\u011ble p\u0159ipraven. Je to strat\u00e9g a kdy\u017e vid\u00ed, \u017ee silni\u010dn\u00ed sezona je v&nbsp;nedohlednu, tak si p\u0159\u00edpravu zp\u0159\u00edjemn\u00ed startem na sv\u011btov\u00e9m \u0161ampion\u00e1tu. T\u011b\u0161\u00edme se na jeho v\u00fdkon a v\u011b\u0159\u00edme, \u017ee je to p\u0159ed \u0161ampion\u00e1tem v&nbsp;T\u00e1bo\u0159e za t\u0159i roky dobr\u00e1 zpr\u00e1va pro mlad\u00e9 z\u00e1vodn\u00edky. A tak\u00e9 uk\u00e1zka toho, jak ze silni\u010dn\u00ed p\u0159\u00edpravy lze odjet sv\u011btov\u00fd \u0161ampion\u00e1t v&nbsp;cyklokrosu.\u201c<\/p>\n\n\n\n<p>A pokra\u010doval. \u201eV\u0161ichni byli zvykl\u00ed, \u017ee jezdil pro medaile, ale letos si do krosu jen odsko\u010d\u00ed a nem\u016f\u017ee se porovn\u00e1vat v&nbsp;dv\u011bma nejlep\u0161\u00edmi van Aertem a M. van der Poelem. Ale s&nbsp;ostatn\u00edmi je schopen se poprat a zavzpom\u00ednat na sv\u00e9 cyklokrosov\u00e9 \u010dasy. Mrz\u00ed m\u011b, \u017ee nemohou startovat juniorsk\u00e9 kategorie, pro n\u011b\u017e je jist\u011b vzorem,\u201c dodal Petr Dlask.<\/p>\n\n\n\n<p>\u010cesk\u00e1 v\u00fdprava odcestuje mistrovstv\u00ed sv\u011bta ve \u010dtvrtek r\u00e1no, z\u00edtra v\u0161ichni absolvuj\u00ed povinn\u011b testy na covid-19.<\/p>\n\n\n\n<p>FOTO Michal \u010cerven\u00fd<\/p>\n","protected":false},"excerpt":{"rendered":"<p>Nej\u00fasp\u011b\u0161n\u011bj\u0161\u00ed \u010desk\u00fd cyklokrosa\u0159 historie Zden\u011bk \u0160tybar absolvuje v \u010desk\u00e9m trikotu leto\u0161n\u00ed mistrovstv\u00ed sv\u011bta. To se uskute\u010dn\u00ed 30. a 31. ledna v\u00a0belgick\u00e9m Ostende. Na mistrovstv\u00ed sv\u011bta bude \u0160tybar startovat po sedmilet\u00e9 pauze, naposledy jel v\u00a0roce 2014 v\u00a0Hoogerheide kde vybojoval sv\u00e9 t\u0159et\u00ed elitn\u00ed zlato. Celkem bude startovat sedm \u010desk\u00fdch reprezentant\u016f. Spolu se \u0160tybarem pojede v\u00a0elitn\u00ed kategorii \u00fa\u0159aduj\u00edc\u00ed [&hellip;]<\/p>\n","protected":false},"author":8,"featured_media":3300,"comment_status":"closed","ping_status":"open","sticky":false,"template":"","format":"standard","meta":{"footnotes":""},"categories":[58,2],"tags":[59],"class_list":["post-3299","post","type-post","status-publish","format-standard","has-post-thumbnail","hentry","category-cyklokros","category-novinky","tag-cyklokros"],"_links":{"self":[{"href":"https:\/\/www.czechcyclingfederation.com\/en\/wp-json\/wp\/v2\/posts\/3299","targetHints":{"allow":["GET"]}}],"collection":[{"href":"https:\/\/www.czechcyclingfederation.com\/en\/wp-json\/wp\/v2\/posts"}],"about":[{"href":"https:\/\/www.czechcyclingfederation.com\/en\/wp-json\/wp\/v2\/types\/post"}],"author":[{"embeddable":true,"href":"https:\/\/www.czechcyclingfederation.com\/en\/wp-json\/wp\/v2\/users\/8"}],"replies":[{"embeddable":true,"href":"https:\/\/www.czechcyclingfederation.com\/en\/wp-json\/wp\/v2\/comments?post=3299"}],"version-history":[{"count":1,"href":"https:\/\/www.czechcyclingfederation.com\/en\/wp-json\/wp\/v2\/posts\/3299\/revisions"}],"predecessor-version":[{"id":3301,"href":"https:\/\/www.czechcyclingfederation.com\/en\/wp-json\/wp\/v2\/posts\/3299\/revisions\/3301"}],"wp:featuredmedia":[{"embeddable":true,"href":"https:\/\/www.czechcyclingfederation.com\/en\/wp-json\/wp\/v2\/media\/3300"}],"wp:attachment":[{"href":"https:\/\/www.czechcyclingfederation.com\/en\/wp-json\/wp\/v2\/media?parent=3299"}],"wp:term":[{"taxonomy":"category","embeddable":true,"href":"https:\/\/www.czechcyclingfederation.com\/en\/wp-json\/wp\/v2\/categories?post=3299"},{"taxonomy":"post_tag","embeddable":true,"href":"https:\/\/www.czechcyclingfederation.com\/en\/wp-json\/wp\/v2\/tags?post=3299"}],"curies":[{"name":"wp","href":"https:\/\/api.w.org\/{rel}","templated":true}]}}