{"id":32969,"date":"2024-11-09T17:30:56","date_gmt":"2024-11-09T16:30:56","guid":{"rendered":"https:\/\/www.czechcyclingfederation.com\/?p=32969"},"modified":"2024-11-10T13:17:15","modified_gmt":"2024-11-10T12:17:15","slug":"bukovska-a-boros-vyhrali-kros-v-plzni","status":"publish","type":"post","link":"https:\/\/www.czechcyclingfederation.com\/en\/bukovska-a-boros-vyhrali-kros-v-plzni\/","title":{"rendered":"Bukovsk\u00e1 a Boro\u0161 vyhr\u00e1li kros v Plzni"},"content":{"rendered":"\n<p>Michael Boro\u0161 (Elkov Kasper) a Barbora Bukovsk\u00e1 (DK Bikeshop Racing Team) vyhr\u00e1li cyklokrosovou Velkou cenu m\u011bsta Plzn\u011b, mezin\u00e1rodn\u00ed z\u00e1vod UCI kategorie C2. Z\u00e1vod junior\u016f ovl\u00e1dl Tom\u00e1\u0161 H\u00e1jek z Brilon Racing Team MB.<\/p>\n\n\n\n<p>Boro\u0161 dlouho jezdil na \u010dele s&nbsp;N\u011bmcem Hannesem Degenkolbem a V\u00e1clavem Je\u017ekem (Brilon Racing Team MB) a mal\u00fd n\u00e1skok si vytvo\u0159il a\u017e p\u00e1t\u00e9m okruhu, kter\u00fd pot\u00e9 udr\u017eel a\u017e do c\u00edle. Souboj o druh\u00e9 m\u00edsto dvou jezdc\u016f kategorie U23 rozhodl n\u011bmeck\u00fd krosa\u0159 a\u017e v posledn\u00edch des\u00edtk\u00e1ch metr\u016f.<\/p>\n\n\n\n<figure class=\"wp-block-image size-large\"><img loading=\"lazy\" decoding=\"async\" width=\"1024\" height=\"683\" src=\"https:\/\/www.czechcyclingfederation.com\/wp-content\/uploads\/2024\/11\/Boros-241109-cx-Plzen-3330-Enhanced-NR-1024x683.jpg\" alt=\"\" class=\"wp-image-32995\" srcset=\"https:\/\/www.czechcyclingfederation.com\/wp-content\/uploads\/2024\/11\/Boros-241109-cx-Plzen-3330-Enhanced-NR-1024x683.jpg 1024w, https:\/\/www.czechcyclingfederation.com\/wp-content\/uploads\/2024\/11\/Boros-241109-cx-Plzen-3330-Enhanced-NR-300x200.jpg 300w, https:\/\/www.czechcyclingfederation.com\/wp-content\/uploads\/2024\/11\/Boros-241109-cx-Plzen-3330-Enhanced-NR-768x512.jpg 768w, https:\/\/www.czechcyclingfederation.com\/wp-content\/uploads\/2024\/11\/Boros-241109-cx-Plzen-3330-Enhanced-NR-1536x1024.jpg 1536w, https:\/\/www.czechcyclingfederation.com\/wp-content\/uploads\/2024\/11\/Boros-241109-cx-Plzen-3330-Enhanced-NR-1320x880.jpg 1320w, https:\/\/www.czechcyclingfederation.com\/wp-content\/uploads\/2024\/11\/Boros-241109-cx-Plzen-3330-Enhanced-NR.jpg 2048w\" sizes=\"auto, (max-width: 1024px) 100vw, 1024px\" \/><\/figure>\n\n\n\n<p>Bukovsk\u00e1, st\u0159\u00edbrn\u00e1 juniorka z ned\u00e1vn\u00e9ho evropsk\u00e9ho \u0161ampion\u00e1tu, op\u011bt potvrdila, \u017ee je velik\u00fdm talentem \u010desk\u00e9ho \u017eensk\u00e9ho cyklokrosu. P\u0159i absenci dom\u00e1c\u00ed jedni\u010dky Krist\u00fdny Zemanov\u00e9 se na \u010dele z\u00e1vodu usadila hned v prvn\u00edm okruhu p\u0159ed dvojic\u00ed z\u00e1vodnic z celku Brilon Racing Team MB B\u00e1rou Je\u0159\u00e1bkovou a Terezou Van\u00ed\u010dkovou, a tak to z\u016fstalo a\u017e do c\u00edle. Bukovsk\u00e1 zv\u00edt\u011bzila s n\u00e1skokem 16 vte\u0159in p\u0159ed Je\u0159\u00e1bkovou, Van\u00ed\u010dkov\u00e1 byla pomalej\u0161\u00ed o dal\u0161\u00edch dvacet vte\u0159in a \u010dtvrt\u00e1 Kate\u0159ina Doud\u011brov\u00e1 (BB Com Cycling Team) m\u011bla ztr\u00e1tu ji\u017e +1:15.<\/p>\n\n\n\n<figure class=\"wp-block-image size-large\"><img loading=\"lazy\" decoding=\"async\" width=\"1024\" height=\"683\" src=\"https:\/\/www.czechcyclingfederation.com\/wp-content\/uploads\/2024\/11\/Bukovska-cx-Plzen-2717-1024x683.jpg\" alt=\"\" class=\"wp-image-32998\" srcset=\"https:\/\/www.czechcyclingfederation.com\/wp-content\/uploads\/2024\/11\/Bukovska-cx-Plzen-2717-1024x683.jpg 1024w, https:\/\/www.czechcyclingfederation.com\/wp-content\/uploads\/2024\/11\/Bukovska-cx-Plzen-2717-300x200.jpg 300w, https:\/\/www.czechcyclingfederation.com\/wp-content\/uploads\/2024\/11\/Bukovska-cx-Plzen-2717-768x512.jpg 768w, https:\/\/www.czechcyclingfederation.com\/wp-content\/uploads\/2024\/11\/Bukovska-cx-Plzen-2717-1536x1024.jpg 1536w, https:\/\/www.czechcyclingfederation.com\/wp-content\/uploads\/2024\/11\/Bukovska-cx-Plzen-2717-1320x880.jpg 1320w, https:\/\/www.czechcyclingfederation.com\/wp-content\/uploads\/2024\/11\/Bukovska-cx-Plzen-2717.jpg 2048w\" sizes=\"auto, (max-width: 1024px) 100vw, 1024px\" \/><\/figure>\n\n\n\n<p>V\u00fdsledky:<\/p>\n\n\n\n<p>Mu\u017ei:<\/p>\n\n\n\n<p>1. Boro\u0161 (Elkov Kasper) 57:37, 2. H. Degenkolb (N\u011bm.) +6, 3. V. Je\u017eek (Brilon Racing Team MB) +8, 4. Fiala (ATT Investments) +59, 5. Kerl (Auto \u0160koda Ml. Boleslav) +1:29, 6. Clarysse (Belg.) +1:43.<\/p>\n\n\n\n<p>\u017deny:<\/p>\n\n\n\n<p>1. Bukovsk\u00e1 (DK Bikeshop Racing Team) 49:46, 2. Je\u0159\u00e1bkov\u00e1 +17, 3. Van\u00ed\u010dkov\u00e1 (ob\u011b Brilon Racing Team MB) +37, 3. Doud\u011brov\u00e1 (BB Com Cycling Team) +1:15, 5. Cermanov\u00e1 (TJ Lokomotiva Beroun) +1:32, 6. Krahlov\u00e1 (N\u011bm.) +2:15.<\/p>\n\n\n\n<figure class=\"wp-block-image size-large\"><img loading=\"lazy\" decoding=\"async\" width=\"1024\" height=\"683\" src=\"https:\/\/www.czechcyclingfederation.com\/wp-content\/uploads\/2024\/11\/zeny-241109-cx-Plzen-3412-Enhanced-NR-1024x683.jpg\" alt=\"\" class=\"wp-image-33000\" srcset=\"https:\/\/www.czechcyclingfederation.com\/wp-content\/uploads\/2024\/11\/zeny-241109-cx-Plzen-3412-Enhanced-NR-1024x683.jpg 1024w, https:\/\/www.czechcyclingfederation.com\/wp-content\/uploads\/2024\/11\/zeny-241109-cx-Plzen-3412-Enhanced-NR-300x200.jpg 300w, https:\/\/www.czechcyclingfederation.com\/wp-content\/uploads\/2024\/11\/zeny-241109-cx-Plzen-3412-Enhanced-NR-768x512.jpg 768w, https:\/\/www.czechcyclingfederation.com\/wp-content\/uploads\/2024\/11\/zeny-241109-cx-Plzen-3412-Enhanced-NR-1536x1024.jpg 1536w, https:\/\/www.czechcyclingfederation.com\/wp-content\/uploads\/2024\/11\/zeny-241109-cx-Plzen-3412-Enhanced-NR-1320x880.jpg 1320w, https:\/\/www.czechcyclingfederation.com\/wp-content\/uploads\/2024\/11\/zeny-241109-cx-Plzen-3412-Enhanced-NR.jpg 2048w\" sizes=\"auto, (max-width: 1024px) 100vw, 1024px\" \/><\/figure>\n\n\n\n<p>Junio\u0159i:<\/p>\n\n\n\n<p>1. H\u00e1jek (Brilon Racing Team MB) 37:56, 2. N\u00e1gr (SportRaces Cycling Team), 3. John oba stejn\u00fd \u010das, 4. Svoboda (oba Brilon Racing Team MB) +15, 5. Severyn (Expres CZ &#8211; BMD Team Kol\u00edn) +1:35, 6. Lang (Brilon Racing Team MB) +1:49.<\/p>\n\n\n\n<p>FOTO Pavel K\u0159ikava<\/p>\n","protected":false},"excerpt":{"rendered":"<p>Michael Boro\u0161 (Elkov Kasper) a Barbora Bukovsk\u00e1 (DK Bikeshop Racing Team) vyhr\u00e1li cyklokrosovou Velkou cenu m\u011bsta Plzn\u011b, mezin\u00e1rodn\u00ed z\u00e1vod UCI kategorie C2. Z\u00e1vod junior\u016f ovl\u00e1dl Tom\u00e1\u0161 H\u00e1jek z Brilon Racing Team MB. Boro\u0161 dlouho jezdil na \u010dele s&nbsp;N\u011bmcem Hannesem Degenkolbem a V\u00e1clavem Je\u017ekem (Brilon Racing Team MB) a mal\u00fd n\u00e1skok si vytvo\u0159il a\u017e p\u00e1t\u00e9m okruhu, [&hellip;]<\/p>\n","protected":false},"author":8,"featured_media":32993,"comment_status":"closed","ping_status":"open","sticky":false,"template":"","format":"standard","meta":{"footnotes":""},"categories":[58,2],"tags":[59],"class_list":["post-32969","post","type-post","status-publish","format-standard","has-post-thumbnail","hentry","category-cyklokros","category-novinky","tag-cyklokros"],"_links":{"self":[{"href":"https:\/\/www.czechcyclingfederation.com\/en\/wp-json\/wp\/v2\/posts\/32969","targetHints":{"allow":["GET"]}}],"collection":[{"href":"https:\/\/www.czechcyclingfederation.com\/en\/wp-json\/wp\/v2\/posts"}],"about":[{"href":"https:\/\/www.czechcyclingfederation.com\/en\/wp-json\/wp\/v2\/types\/post"}],"author":[{"embeddable":true,"href":"https:\/\/www.czechcyclingfederation.com\/en\/wp-json\/wp\/v2\/users\/8"}],"replies":[{"embeddable":true,"href":"https:\/\/www.czechcyclingfederation.com\/en\/wp-json\/wp\/v2\/comments?post=32969"}],"version-history":[{"count":5,"href":"https:\/\/www.czechcyclingfederation.com\/en\/wp-json\/wp\/v2\/posts\/32969\/revisions"}],"predecessor-version":[{"id":33003,"href":"https:\/\/www.czechcyclingfederation.com\/en\/wp-json\/wp\/v2\/posts\/32969\/revisions\/33003"}],"wp:featuredmedia":[{"embeddable":true,"href":"https:\/\/www.czechcyclingfederation.com\/en\/wp-json\/wp\/v2\/media\/32993"}],"wp:attachment":[{"href":"https:\/\/www.czechcyclingfederation.com\/en\/wp-json\/wp\/v2\/media?parent=32969"}],"wp:term":[{"taxonomy":"category","embeddable":true,"href":"https:\/\/www.czechcyclingfederation.com\/en\/wp-json\/wp\/v2\/categories?post=32969"},{"taxonomy":"post_tag","embeddable":true,"href":"https:\/\/www.czechcyclingfederation.com\/en\/wp-json\/wp\/v2\/tags?post=32969"}],"curies":[{"name":"wp","href":"https:\/\/api.w.org\/{rel}","templated":true}]}}