{"id":32953,"date":"2024-11-06T06:19:11","date_gmt":"2024-11-06T05:19:11","guid":{"rendered":"https:\/\/www.czechcyclingfederation.com\/?p=32953"},"modified":"2024-11-06T06:21:18","modified_gmt":"2024-11-06T05:21:18","slug":"sabina-kosarkova-pred-ms-v-pumptracku-po-dvou-stribrech-chci-bojovat-o-zlato","status":"publish","type":"post","link":"https:\/\/www.czechcyclingfederation.com\/en\/sabina-kosarkova-pred-ms-v-pumptracku-po-dvou-stribrech-chci-bojovat-o-zlato\/","title":{"rendered":"Sabina Ko\u0161\u00e1rkov\u00e1 p\u0159ed MS v\u00a0pumptracku: Po dvou st\u0159\u00edbrech chci bojovat o zlato"},"content":{"rendered":"\n<p>V&nbsp;jihoafrick\u00e9m Durbanu se v&nbsp;sobotu 9. listopadu uskute\u010dn\u00ed posledn\u00ed leto\u0161n\u00ed cyklistick\u00e9 mistrovstv\u00ed sv\u011bta. Konkr\u00e9tn\u011b v&nbsp;discipl\u00edn\u011b pumptrack a \u010cesko v&nbsp;n\u011bm bude m\u00edt velkou medailovou nad\u011bji: <strong>Sabinu Ko\u0161\u00e1rkovou.<\/strong><\/p>\n\n\n\n<p>Osmn\u00e1ctilet\u00e1 z\u00e1vodnice francouzsk\u00e9ho t\u00fdmu Sunn, kter\u00e1 kombinuje BMX, sjezd i pumptrack, v&nbsp;p\u0159edchoz\u00edch dvou letech brala v\u017edy druh\u00e9 m\u00edsto a te\u010f by r\u00e1da zabojovala o vysn\u011bn\u00fd titul.<\/p>\n\n\n\n<p><strong>Kdy\u017e \u010dlov\u011bk skon\u010d\u00ed dvakr\u00e1t druh\u00fd, tak u\u017e asi jin\u00e9 ambice, ne\u017e zlato m\u00edt nem\u016f\u017ee\u2026<\/strong><\/p>\n\n\n\n<p>Je to tak, s&nbsp;dal\u0161\u00edm st\u0159\u00edbrem u\u017e bych asi tolik spokojena nebyla. Letos jsem tomu dala v&nbsp;p\u0159\u00edprav\u011b opravdu hodn\u011b a douf\u00e1m v&nbsp;ten duhov\u00fd dres. Zlato je m\u016fj c\u00edl i sen. Chci o n\u011bj bojovat.<\/p>\n\n\n\n<figure class=\"wp-block-image size-large\"><img loading=\"lazy\" decoding=\"async\" width=\"1024\" height=\"683\" src=\"https:\/\/www.czechcyclingfederation.com\/wp-content\/uploads\/2024\/11\/kosarkova-1-1-1024x683.jpeg\" alt=\"\" class=\"wp-image-32966\" srcset=\"https:\/\/www.czechcyclingfederation.com\/wp-content\/uploads\/2024\/11\/kosarkova-1-1-1024x683.jpeg 1024w, https:\/\/www.czechcyclingfederation.com\/wp-content\/uploads\/2024\/11\/kosarkova-1-1-300x200.jpeg 300w, https:\/\/www.czechcyclingfederation.com\/wp-content\/uploads\/2024\/11\/kosarkova-1-1-768x512.jpeg 768w, https:\/\/www.czechcyclingfederation.com\/wp-content\/uploads\/2024\/11\/kosarkova-1-1-1536x1024.jpeg 1536w, https:\/\/www.czechcyclingfederation.com\/wp-content\/uploads\/2024\/11\/kosarkova-1-1-2048x1365.jpeg 2048w, https:\/\/www.czechcyclingfederation.com\/wp-content\/uploads\/2024\/11\/kosarkova-1-1-1320x880.jpeg 1320w\" sizes=\"auto, (max-width: 1024px) 100vw, 1024px\" \/><\/figure>\n\n\n\n<p><strong>Na co jste se zam\u011b\u0159ila v&nbsp;tr\u00e9ninku?<\/strong><\/p>\n\n\n\n<p>Minul\u00fd rok jsem byla p\u0159ed \u0161ampion\u00e1tem zran\u011bn\u00e1, m\u011bla jsem zlomenou \u010dlunkovou kost v&nbsp;z\u00e1p\u011bst\u00ed a tr\u00e9novala jsem jen t\u00fdden. Letos se chyst\u00e1m dva m\u011bs\u00edce. Zm\u011bnila jsem tr\u00e9ninky, za\u0159adila jsem do nich intervaly na pumptracku. D\u00e1v\u00e1 mi to hodn\u011b zabrat, ale je to velk\u00fd p\u0159\u00ednos a m\u016f\u017eu z&nbsp;toho t\u011b\u017eit i pro BMX. Taky jsem p\u0159idala ment\u00e1ln\u00ed p\u0159\u00edpravu, abych byla na boj o zlato p\u0159ipravena i psychicky.<\/p>\n\n\n\n<p><strong>Co obn\u00e1\u0161\u00ed term\u00edn intervaly na pumptracku? M\u016f\u017eete to trochu p\u0159ibl\u00ed\u017eit?<\/strong><\/p>\n\n\n\n<p>Jezd\u00edm minutu nadoraz, co\u017e jsou v\u011bt\u0161inou dv\u011b kola. Pak t\u0159i minuty pauza a znovu. Takhle d\u00e1m t\u0159i s\u00e9rie. N\u00e1sleduje \u0161est minut pauza, a je\u0161t\u011b si to cel\u00e9 dvakr\u00e1t zopakuju. Posledn\u00ed kola u\u017e pomalu nev\u00edm, kde jsem \ud83d\ude0a.<\/p>\n\n\n\n<figure class=\"wp-block-image size-large\"><img loading=\"lazy\" decoding=\"async\" width=\"1024\" height=\"683\" src=\"http:\/\/www.czechcyclingfederation.com\/wp-content\/uploads\/2024\/09\/kosarkova-1-1024x683.jpg\" alt=\"\" class=\"wp-image-32108\" srcset=\"https:\/\/www.czechcyclingfederation.com\/wp-content\/uploads\/2024\/09\/kosarkova-1-1024x683.jpg 1024w, https:\/\/www.czechcyclingfederation.com\/wp-content\/uploads\/2024\/09\/kosarkova-1-300x200.jpg 300w, https:\/\/www.czechcyclingfederation.com\/wp-content\/uploads\/2024\/09\/kosarkova-1-768x512.jpg 768w, https:\/\/www.czechcyclingfederation.com\/wp-content\/uploads\/2024\/09\/kosarkova-1-1536x1025.jpg 1536w, https:\/\/www.czechcyclingfederation.com\/wp-content\/uploads\/2024\/09\/kosarkova-1-1320x880.jpg 1320w, https:\/\/www.czechcyclingfederation.com\/wp-content\/uploads\/2024\/09\/kosarkova-1.jpg 2048w\" sizes=\"auto, (max-width: 1024px) 100vw, 1024px\" \/><\/figure>\n\n\n\n<p><strong>Tr\u00e9novala jste jen doma nebo i v&nbsp;zahrani\u010d\u00ed?<\/strong><\/p>\n\n\n\n<p>Jen v&nbsp;\u010cesku, m\u00e1m kolem sebe dost pumptrack\u016f zna\u010dky Velosolutions, na kter\u00e9 se jede mistrovstv\u00ed sv\u011bta. Nejbl\u00ed\u017e m\u00e1m z&nbsp;domova pumptrack v&nbsp;To\u0161ovic\u00edch u Oder, kde jsem tr\u00e1vila spoustu \u010dasu. M\u016f\u017eu to kombinovat je\u0161t\u011b s&nbsp;Otrokovicemi a Ostravou. Podm\u00ednky tu m\u00e1m super, nemus\u00edm jezdit ven.<\/p>\n\n\n\n<p><strong>Jak\u00e9 soupe\u0159ky na v\u00e1s \u010dekaj\u00ed? P\u0159edpokl\u00e1d\u00e1m, \u017ee se z&nbsp;minulosti dob\u0159e zn\u00e1te.<\/strong><\/p>\n\n\n\n<p>P\u0159esn\u011b tak, budou v\u00edce m\u00e9n\u011b stejn\u00e9. Na mistrovstv\u00ed sv\u011bta se mus\u00edte kvalifikovat, tak\u017ee je dop\u0159edu dan\u00e9, kdo bude startovat. Ty nejlep\u0161\u00ed, co maj\u00ed medaile z minulosti, tam chyb\u011bt nebudou. Nejv\u011bt\u0161\u00ed favoritkou je \u0160v\u00fdcarka von Niederh\u00e4usernov\u00e1, kter\u00e1 to vyhr\u00e1la t\u0159ikr\u00e1t po sob\u011b. Dvakr\u00e1t m\u011b porazila a te\u010f bych j\u00ed to kone\u010dn\u011b r\u00e1da vr\u00e1tila. Hodn\u011b jsem se chystala na to, kdybych se s&nbsp;n\u00ed m\u011bla ve fin\u00e1le potkat znovu.<\/p>\n\n\n\n<figure class=\"wp-block-image size-large\"><img loading=\"lazy\" decoding=\"async\" width=\"683\" height=\"1024\" src=\"https:\/\/www.czechcyclingfederation.com\/wp-content\/uploads\/2024\/11\/kosarkova-3-683x1024.jpeg\" alt=\"\" class=\"wp-image-32959\" srcset=\"https:\/\/www.czechcyclingfederation.com\/wp-content\/uploads\/2024\/11\/kosarkova-3-683x1024.jpeg 683w, https:\/\/www.czechcyclingfederation.com\/wp-content\/uploads\/2024\/11\/kosarkova-3-133x200.jpeg 133w, https:\/\/www.czechcyclingfederation.com\/wp-content\/uploads\/2024\/11\/kosarkova-3-768x1152.jpeg 768w, https:\/\/www.czechcyclingfederation.com\/wp-content\/uploads\/2024\/11\/kosarkova-3-1024x1536.jpeg 1024w, https:\/\/www.czechcyclingfederation.com\/wp-content\/uploads\/2024\/11\/kosarkova-3-1365x2048.jpeg 1365w, https:\/\/www.czechcyclingfederation.com\/wp-content\/uploads\/2024\/11\/kosarkova-3-1320x1980.jpeg 1320w, https:\/\/www.czechcyclingfederation.com\/wp-content\/uploads\/2024\/11\/kosarkova-3-scaled.jpeg 1706w\" sizes=\"auto, (max-width: 683px) 100vw, 683px\" \/><\/figure>\n\n\n\n<p><strong>Souvis\u00ed s&nbsp;t\u00edm i zm\u00edn\u011bn\u00e1 ment\u00e1ln\u00ed p\u0159\u00edprava, o kter\u00e9 jste hovo\u0159ila? Vyu\u017e\u00edv\u00e1te slu\u017eeb n\u011bjak\u00e9ho sportovn\u00edho psychologa?<\/strong><\/p>\n\n\n\n<p>Psychologa vylo\u017een\u011b ne, ale rozeb\u00edr\u00e1m to s&nbsp;tren\u00e9rem a \u010dtu Psychologii sportu. Je tam hodn\u011b cvi\u010den\u00ed, jak se p\u0159ipravit na vrcholn\u00fd z\u00e1vod.<\/p>\n\n\n\n<p><strong>Je mistrovstv\u00ed sv\u011bta v&nbsp;pumptracku zaj\u00edmav\u00e9 i kv\u016fli prize money nebo je ve h\u0159e jen duhov\u00fd dres?<\/strong><\/p>\n\n\n\n<p>Pro pen\u00edze pumptrack asi nikdo nejezd\u00ed, je to sp\u00ed\u0161 presti\u017e. Ale zrovna na mistrovstv\u00ed sv\u011bta to asi zaj\u00edmav\u00e9 je. Vloni jsem brala za druh\u00e9 m\u00edsto dva a p\u016fl tis\u00edce euro a v\u00edt\u011bzka \u0161est tis\u00edc.<\/p>\n\n\n\n<figure class=\"wp-block-image size-large\"><img loading=\"lazy\" decoding=\"async\" width=\"1024\" height=\"682\" src=\"https:\/\/www.czechcyclingfederation.com\/wp-content\/uploads\/2024\/11\/kosarkova-4-1024x682.jpeg\" alt=\"\" class=\"wp-image-32961\" srcset=\"https:\/\/www.czechcyclingfederation.com\/wp-content\/uploads\/2024\/11\/kosarkova-4-1024x682.jpeg 1024w, https:\/\/www.czechcyclingfederation.com\/wp-content\/uploads\/2024\/11\/kosarkova-4-300x200.jpeg 300w, https:\/\/www.czechcyclingfederation.com\/wp-content\/uploads\/2024\/11\/kosarkova-4-768x512.jpeg 768w, https:\/\/www.czechcyclingfederation.com\/wp-content\/uploads\/2024\/11\/kosarkova-4-1536x1024.jpeg 1536w, https:\/\/www.czechcyclingfederation.com\/wp-content\/uploads\/2024\/11\/kosarkova-4-1320x880.jpeg 1320w, https:\/\/www.czechcyclingfederation.com\/wp-content\/uploads\/2024\/11\/kosarkova-4.jpeg 2000w\" sizes=\"auto, (max-width: 1024px) 100vw, 1024px\" \/><\/figure>\n\n\n\n<p><strong>Je pro v\u00e1s \u0161ampion\u00e1t posledn\u00edm startem sezony?<\/strong><\/p>\n\n\n\n<p>Je\u0161t\u011b m\u00e1m 9. prosince jeden halov\u00fd z\u00e1vod v&nbsp;BMX v&nbsp;Manchesteru. Hned jak se vr\u00e1t\u00edm z&nbsp;Durbanu, pojedu tr\u00e9novat do \u0161pan\u011blsk\u00e9ho Calpe na silni\u010dn\u00edm kole, abych do sebe dostala tro\u0161ku vytrvalosti. A v&nbsp;lednu bych mo\u017en\u00e1 zase odjela tr\u00e9novat na m\u011bs\u00edc do Austr\u00e1lie.<\/p>\n\n\n\n<p>Foto: archiv Sabiny Ko\u0161\u00e1rkov\u00e9<\/p>\n","protected":false},"excerpt":{"rendered":"<p>V&nbsp;jihoafrick\u00e9m Durbanu se v&nbsp;sobotu 9. listopadu uskute\u010dn\u00ed posledn\u00ed leto\u0161n\u00ed cyklistick\u00e9 mistrovstv\u00ed sv\u011bta. Konkr\u00e9tn\u011b v&nbsp;discipl\u00edn\u011b pumptrack a \u010cesko v&nbsp;n\u011bm bude m\u00edt velkou medailovou nad\u011bji: Sabinu Ko\u0161\u00e1rkovou. Osmn\u00e1ctilet\u00e1 z\u00e1vodnice francouzsk\u00e9ho t\u00fdmu Sunn, kter\u00e1 kombinuje BMX, sjezd i pumptrack, v&nbsp;p\u0159edchoz\u00edch dvou letech brala v\u017edy druh\u00e9 m\u00edsto a te\u010f by r\u00e1da zabojovala o vysn\u011bn\u00fd titul. Kdy\u017e \u010dlov\u011bk skon\u010d\u00ed dvakr\u00e1t [&hellip;]<\/p>\n","protected":false},"author":15,"featured_media":32964,"comment_status":"closed","ping_status":"open","sticky":false,"template":"","format":"standard","meta":{"footnotes":""},"categories":[2,46],"tags":[206],"class_list":["post-32953","post","type-post","status-publish","format-standard","has-post-thumbnail","hentry","category-novinky","category-novinky-sportovni-centra","tag-pumptrack"],"_links":{"self":[{"href":"https:\/\/www.czechcyclingfederation.com\/en\/wp-json\/wp\/v2\/posts\/32953","targetHints":{"allow":["GET"]}}],"collection":[{"href":"https:\/\/www.czechcyclingfederation.com\/en\/wp-json\/wp\/v2\/posts"}],"about":[{"href":"https:\/\/www.czechcyclingfederation.com\/en\/wp-json\/wp\/v2\/types\/post"}],"author":[{"embeddable":true,"href":"https:\/\/www.czechcyclingfederation.com\/en\/wp-json\/wp\/v2\/users\/15"}],"replies":[{"embeddable":true,"href":"https:\/\/www.czechcyclingfederation.com\/en\/wp-json\/wp\/v2\/comments?post=32953"}],"version-history":[{"count":3,"href":"https:\/\/www.czechcyclingfederation.com\/en\/wp-json\/wp\/v2\/posts\/32953\/revisions"}],"predecessor-version":[{"id":32968,"href":"https:\/\/www.czechcyclingfederation.com\/en\/wp-json\/wp\/v2\/posts\/32953\/revisions\/32968"}],"wp:featuredmedia":[{"embeddable":true,"href":"https:\/\/www.czechcyclingfederation.com\/en\/wp-json\/wp\/v2\/media\/32964"}],"wp:attachment":[{"href":"https:\/\/www.czechcyclingfederation.com\/en\/wp-json\/wp\/v2\/media?parent=32953"}],"wp:term":[{"taxonomy":"category","embeddable":true,"href":"https:\/\/www.czechcyclingfederation.com\/en\/wp-json\/wp\/v2\/categories?post=32953"},{"taxonomy":"post_tag","embeddable":true,"href":"https:\/\/www.czechcyclingfederation.com\/en\/wp-json\/wp\/v2\/tags?post=32953"}],"curies":[{"name":"wp","href":"https:\/\/api.w.org\/{rel}","templated":true}]}}