{"id":32931,"date":"2024-11-04T10:03:09","date_gmt":"2024-11-04T09:03:09","guid":{"rendered":"https:\/\/www.czechcyclingfederation.com\/?p=32931"},"modified":"2024-11-04T10:03:11","modified_gmt":"2024-11-04T09:03:11","slug":"vyhlaseni-ceskeho-poharu-mladeze-a-vikendove-zavody-na-velodromu-v-motole","status":"publish","type":"post","link":"https:\/\/www.czechcyclingfederation.com\/en\/vyhlaseni-ceskeho-poharu-mladeze-a-vikendove-zavody-na-velodromu-v-motole\/","title":{"rendered":"Vyhl\u00e1\u0161en\u00ed \u010cesk\u00e9ho poh\u00e1ru ml\u00e1de\u017ee a v\u00edkendov\u00e9 z\u00e1vody na velodromu v Motole"},"content":{"rendered":"\n<p><strong>O nadch\u00e1zej\u00edc\u00edm v\u00edkendu se na pra\u017esk\u00e9m velodromu v Motole uskute\u010dn\u00ed prvn\u00ed z\u00e1vody \u010cesk\u00e9ho poh\u00e1ru ml\u00e1de\u017ee sez\u00f3ny 2024\/25, p\u0159i nich\u017e prob\u011bhne i slavnostn\u00ed vyhl\u00e1\u0161en\u00ed nejlep\u0161\u00edch jezdc\u016f uplynul\u00e9 sez\u00f3ny 2023\/24. Akce je ur\u010dena nejen ocen\u011bn\u00fdm z\u00e1vodn\u00edk\u016fm, ale tak\u00e9 v\u0161em fanou\u0161k\u016fm cyklistiky.<\/strong><\/p>\n\n\n\n<p>Prvn\u00ed z\u00e1vody \u010cesk\u00e9ho poh\u00e1ru ml\u00e1de\u017ee sez\u00f3ny 2024\/25 p\u0159inesou krom\u011b sportovn\u00edch z\u00e1\u017eitk\u016f tak\u00e9 slavnostn\u00ed moment \u2013 vyhl\u00e1\u0161en\u00ed v\u00fdsledk\u016f \u010cesk\u00e9ho poh\u00e1ru ml\u00e1de\u017ee na dr\u00e1ze za sez\u00f3nu 2023\/24. Tato ud\u00e1lost se uskute\u010dn\u00ed v sobotu 9. listopadu 2024 v odpoledn\u00edch hodin\u00e1ch na pra\u017esk\u00e9m velodromu v Motole.<\/p>\n\n\n\n<p>Pozv\u00e1n\u00ed k \u00fa\u010dasti plat\u00ed p\u0159edev\u0161\u00edm pro z\u00e1vodn\u00edky, kte\u0159\u00ed v celkov\u00e9m po\u0159ad\u00ed sv\u00e9 kategorie obsadili prvn\u00ed t\u0159i m\u00edsta. Organiz\u00e1to\u0159i z\u00e1rove\u0148 zvou v\u0161echny p\u0159\u00edznivce cyklistiky nejen na samotn\u00e9 vyhl\u00e1\u0161en\u00ed, ale i k fand\u011bn\u00ed b\u011bhem v\u00edkendov\u00fdch z\u00e1vod\u016f.<\/p>\n\n\n\n<p>Z\u00e1vodn\u00ed program za\u010dne v sobotu ve 12 hodin s\u00e9ri\u00ed rozj\u00ed\u017ed\u011bk. Po b\u011bhu vylu\u010dovac\u00edch z\u00e1vod\u016f p\u0159ijde na \u0159adu slavnostn\u00ed vyhl\u00e1\u0161en\u00ed v\u00edt\u011bz\u016f \u010cP ml\u00e1de\u017ee 2023\/24. Sobotn\u00ed program zavr\u0161\u00ed bodovac\u00ed z\u00e1vody. V ned\u011bli od 10 hodin nav\u00e1\u017ee program omniov\u00fdch z\u00e1vod\u016f, kter\u00e9 p\u0159inesou dal\u0161\u00ed nap\u00ednav\u00e9 souboje na dr\u00e1ze.<\/p>\n\n\n\n<p>P\u0159ij\u010fte podpo\u0159it mlad\u00e9 cyklistick\u00e9 talenty a vychutnat si z\u00e1vodn\u00ed atmosf\u00e9ru p\u0159\u00edmo na velodromu v Motole!<\/p>\n","protected":false},"excerpt":{"rendered":"<p>O nadch\u00e1zej\u00edc\u00edm v\u00edkendu se na pra\u017esk\u00e9m velodromu v Motole uskute\u010dn\u00ed prvn\u00ed z\u00e1vody \u010cesk\u00e9ho poh\u00e1ru ml\u00e1de\u017ee sez\u00f3ny 2024\/25, p\u0159i nich\u017e prob\u011bhne i slavnostn\u00ed vyhl\u00e1\u0161en\u00ed nejlep\u0161\u00edch jezdc\u016f uplynul\u00e9 sez\u00f3ny 2023\/24. Akce je ur\u010dena nejen ocen\u011bn\u00fdm z\u00e1vodn\u00edk\u016fm, ale tak\u00e9 v\u0161em fanou\u0161k\u016fm cyklistiky. Prvn\u00ed z\u00e1vody \u010cesk\u00e9ho poh\u00e1ru ml\u00e1de\u017ee sez\u00f3ny 2024\/25 p\u0159inesou krom\u011b sportovn\u00edch z\u00e1\u017eitk\u016f tak\u00e9 slavnostn\u00ed moment \u2013 vyhl\u00e1\u0161en\u00ed [&hellip;]<\/p>\n","protected":false},"author":2,"featured_media":32932,"comment_status":"closed","ping_status":"open","sticky":false,"template":"","format":"standard","meta":{"footnotes":""},"categories":[105,2,46],"tags":[9],"class_list":["post-32931","post","type-post","status-publish","format-standard","has-post-thumbnail","hentry","category-draha-reprezentace","category-novinky","category-novinky-sportovni-centra","tag-draha"],"_links":{"self":[{"href":"https:\/\/www.czechcyclingfederation.com\/en\/wp-json\/wp\/v2\/posts\/32931","targetHints":{"allow":["GET"]}}],"collection":[{"href":"https:\/\/www.czechcyclingfederation.com\/en\/wp-json\/wp\/v2\/posts"}],"about":[{"href":"https:\/\/www.czechcyclingfederation.com\/en\/wp-json\/wp\/v2\/types\/post"}],"author":[{"embeddable":true,"href":"https:\/\/www.czechcyclingfederation.com\/en\/wp-json\/wp\/v2\/users\/2"}],"replies":[{"embeddable":true,"href":"https:\/\/www.czechcyclingfederation.com\/en\/wp-json\/wp\/v2\/comments?post=32931"}],"version-history":[{"count":1,"href":"https:\/\/www.czechcyclingfederation.com\/en\/wp-json\/wp\/v2\/posts\/32931\/revisions"}],"predecessor-version":[{"id":32934,"href":"https:\/\/www.czechcyclingfederation.com\/en\/wp-json\/wp\/v2\/posts\/32931\/revisions\/32934"}],"wp:featuredmedia":[{"embeddable":true,"href":"https:\/\/www.czechcyclingfederation.com\/en\/wp-json\/wp\/v2\/media\/32932"}],"wp:attachment":[{"href":"https:\/\/www.czechcyclingfederation.com\/en\/wp-json\/wp\/v2\/media?parent=32931"}],"wp:term":[{"taxonomy":"category","embeddable":true,"href":"https:\/\/www.czechcyclingfederation.com\/en\/wp-json\/wp\/v2\/categories?post=32931"},{"taxonomy":"post_tag","embeddable":true,"href":"https:\/\/www.czechcyclingfederation.com\/en\/wp-json\/wp\/v2\/tags?post=32931"}],"curies":[{"name":"wp","href":"https:\/\/api.w.org\/{rel}","templated":true}]}}