{"id":32919,"date":"2024-11-03T17:08:28","date_gmt":"2024-11-03T16:08:28","guid":{"rendered":"https:\/\/www.czechcyclingfederation.com\/?p=32919"},"modified":"2024-11-03T22:10:06","modified_gmt":"2024-11-03T21:10:06","slug":"juniorka-bukovska-ma-stribro-z-cyklokrosoveho-me","status":"publish","type":"post","link":"https:\/\/www.czechcyclingfederation.com\/en\/juniorka-bukovska-ma-stribro-z-cyklokrosoveho-me\/","title":{"rendered":"Juniorka Bukovsk\u00e1 m\u00e1 st\u0159\u00edbro z\u00a0cyklokrosov\u00e9ho ME"},"content":{"rendered":"\n<p>\u010cesk\u00e1 v\u00fdprava se ze \u0161pan\u011blsk\u00e9 Pontevedry z\u00a0evropsk\u00e9ho cyklokrosov\u00e9ho \u0161ampion\u00e1tu bez medaile nevr\u00e1t\u00ed. V\u00a0z\u00e1vod\u011b juniorek vybojovala st\u0159\u00edbro po vynikaj\u00edc\u00edm v\u00fdkonu mladi\u010dk\u00e1 teprve \u0161estn\u00e1ctilet\u00e1 <strong>Barbora Bukovsk\u00e1.<\/strong> Dlouho bojovalo dokonce o mistrovsk\u00fd dres, nakonec za \u0160v\u00fdcarkou Anjou Grossmannovou zaostala o jedinou vte\u0159inu. <strong>Krist\u00fdna Zemanov\u00e1<\/strong> skon\u010dila \u010dtvrt\u00e1 v\u00a0z\u00e1vod\u011b \u017een U23, v\u00a0elitn\u00ed kategorii mu\u017e\u016f dojel <strong>Michael Boro\u0161<\/strong> osm\u00fd.<\/p>\n\n\n\n<p>Polovinu z\u00e1vodu jela Bukovsk\u00e1 v \u010dele z\u00e1vodn\u00edho pole a diktovala tempo ve snaze zredukovat skupinu. To se j\u00ed tak\u00e9 poda\u0159ilo ve druh\u00e9 polovin\u011b z\u00e1vodu bojovala o medaile s pozd\u011bj\u0161\u00ed v\u00edt\u011bzkou a tak\u00e9 Italkou Giorgiou Pellizottiovou. V z\u00e1v\u011bru sv\u00fdm dv\u011bma soupe\u0159k\u00e1m trochu poodjela na rychl\u00e9 trati Grossmannov\u00e1 a zajistila si t\u00edm titul. Ve v\u00fdborn\u00e9m sv\u011btle se uk\u00e1zala i <strong>Am\u00e1lie Gottwaldov\u00e1<\/strong>, kter\u00e1 dojela \u0161est\u00e1, <strong>Lucie Grohov\u00e1 <\/strong>byla t\u0159in\u00e1ct\u00e1. Mezi juniory dojel <strong>Tom\u00e1\u0161 H\u00e1jek<\/strong> jeden\u00e1ct\u00fd.<\/p>\n\n\n\n<figure class=\"wp-block-image size-large\"><img decoding=\"async\" src=\"https:\/\/www.czechcyclingfederation.com\/wp-content\/uploads\/2024\/11\/bukovska-1024x683.jpg\" alt=\"\" class=\"wp-image-32925\"\/><\/figure>\n\n\n\n<p><em>&#8220;P\u011bkn\u011b se mi povedl start. Lev\u00e1 \u010d\u00e1st pole trochu zaspala, j\u00e1 byla na\u0161t\u011bst\u00ed napravo a hned jsem \u0161la na prvn\u00ed pozici. Nohy mi jely skv\u011ble, v prvn\u00ed polovin\u011b z\u00e1vodu jsem tahala \u010delo, cht\u011bla jsem to trochu roztrhat. Ale \u0160v\u00fdcarka \u0161la v p\u016flce p\u0159ede m\u011b a trochu to zpomalila a dost se to sjelo. V z\u00e1v\u011bru jsme se s\u00a0Grossmannovou trhly a spolu s n\u00e1mi i Italka. J\u00e1 jsem v p\u0159edposledn\u00edm kole nastoupila, ale nevy\u0161lo to a soupe\u0159ky m\u011b sjely. V posledn\u00edm kole naopak za\u00fato\u010dila Anja (Grossmannov\u00e1) a ty dva metry u\u017e ne\u0161lo dojet . V z\u00e1v\u011bru dob\u0159e spurtovala Italka, ale nakonec to vy\u0161lo na st\u0159\u00edbro a jsem velmi spokojen\u00e1,&#8221;<\/em> \u0159ekla Barbora Bukovsk\u00e1.<\/p>\n\n\n\n<p>Asi nejv\u011bt\u0161\u00ed \u010desk\u00e1 nad\u011bje na medaili <strong>Krist\u00fdna Zemanov\u00e1<\/strong> tentokr\u00e1t na stupn\u011b v\u00edt\u011bzek nedos\u00e1hla a skon\u010dila \u010dtvrt\u00e1. Hned od prvn\u00edho okruhu jela medailista z lo\u0148sk\u00e9ho ME i MS na \u010dtvrt\u00e9 pozici, ale jej\u00ed ztr\u00e1ta postupn\u011b v\u00edce nar\u016fstala, tak\u017ee po letech sb\u00edr\u00e1n\u00ed medail\u00ed skon\u010dila \u010dtvrt\u00e1.<\/p>\n\n\n\n<p><em>&#8220;Ud\u011blala jsem chybu hned na startu, kdy\u017e jsem se nechala zav\u0159\u00edt a do ter\u00e9nu naj\u00ed\u017ed\u011bla asi \u0161est\u00e1. To byla fat\u00e1ln\u00ed chyba, st\u00e1lo m\u011b hodn\u011b sil se dot\u00e1hnout. To se mi poda\u0159ilo a\u017e v konci druh\u00e9ho kola. Byl to pozi\u010dn\u00ed z\u00e1vod, j\u00e1 jela na \u010dtvrt\u00e9m m\u00edst\u011b a musela ve v\u00fdb\u011bhu sesednout z kola. Znovu jsem ztratila a ty nejsiln\u011bj\u0161\u00ed soupe\u0159ky u\u017e jsem nedojela. Mysl\u00edm, ale \u017ee jsem jela dobr\u00fd z\u00e1vod. Moment\u00e1ln\u011b jsem asi na v\u00edc po tom, co jsem pro\u017eila posledn\u00ed m\u011bs\u00edc, nem\u011bla. Nyn\u00ed se c\u00edt\u00edm ji\u017e dob\u0159e a mohu se naplno vrhnout do tr\u00e9ninku a douf\u00e1m, \u017ee se to ji\u017e bude jen zlep\u0161ovat,&#8221;<\/em> \u0159ekla Krist\u00fdna Zemanov\u00e1.<\/p>\n\n\n\n<p>Nejv\u00edce se radovala C\u00e9lia Geryov\u00e1 z Francie, kter\u00e1 ve spurtu zdolala na c\u00edlov\u00e9 p\u00e1sce Lucembur\u010danku Marii Schreiberovou, pro bronz si dojela se \u010dty\u0159vte\u0159inov\u00fdm odstupem Leonie Bentveldov\u00e1 z Nizozemka. Druh\u00e1 \u010desk\u00e1 z\u00e1vodnice <strong>Kate\u0159ina Doud\u011brov\u00e1<\/strong> dojela patn\u00e1ct\u00e1.<\/p>\n\n\n\n<p>Mezi mu\u017ei z\u00edskal nejcenn\u011bj\u0161\u00ed kov Belgi\u010dan Thibau Nys, ale tvrd\u011b o n\u011bj musel bojovat s\u00a0dom\u00e1c\u00edm \u0160pan\u011blem Felipe Orts Lloretem, kter\u00e9ho zdolal o pouh\u00e9 t\u0159i vte\u0159iny, bronz bral dal\u0161\u00ed Belgi\u010dan Eli Iserbyt. Sedm\u00fd z\u00a0leto\u0161n\u00edho sv\u011btov\u00e9ho \u0161ampion\u00e1tu v\u00a0T\u00e1bo\u0159e Michal Boro\u0161 se op\u011bt dostal do elitn\u00ed des\u00edtky. Od za\u010d\u00e1tku jezdil v\u00a0jej\u00edm z\u00e1v\u011bru, ale v\u00a0pr\u016fb\u011bhu se posunul trochu kup\u0159edu. V\u00a0z\u00e1vod\u011b \u017een kralovaly tradi\u010dn\u011b Nizozemky, op\u011bt obsadily kompletn\u00ed stupn\u011b v\u00edt\u011bzek, kdy\u017e prvenstv\u00ed z\u00edskala Fem van Empelov\u00e1 p\u0159ed Ceylin del Carmen Alvaradovou a Lucindou Brandovou. Z\u00e1vod mu\u017e\u016f U23 ovl\u00e1dl Jente Michels z\u00a0Belgie, \u010ce\u0161i <strong>Maximilian Kerl <\/strong>a <strong>V\u00e1clav Je\u017eek<\/strong> dojeli na 14. resp. 20. m\u00edst\u011b.<\/p>\n\n\n\n<p class=\"has-medium-font-size\"><strong>V\u00fdsledky:<\/strong><\/p>\n\n\n\n<p>Juniorky: 1. Grossmannov\u00e1 (\u0160v\u00fdc.) 37:30, <strong>2. Bukovsk\u00e1<\/strong> (\u010cR) +1, 3. Pellizottiov\u00e1 (It.) +1, \u2026<strong>6. A. Gottwaldov\u00e1<\/strong> +19, <strong>13. Grohov\u00e1<\/strong> (ob\u011b \u010cR) +57.<\/p>\n\n\n\n<p>Junio\u0159i: 1. M. Agostinacchio (It.) 40:13, 2. Hofer (Rak.) +8, 3. van den Eynde (Belg.) +10, &#8230;<strong>11. H\u00e1jek <\/strong>(\u010cR) +56.<\/p>\n\n\n\n<p>\u017deny U23: 1. Geryov\u00e1 (Fr.) 42:47, 2. Schreiberov\u00e1 (Luc.) stejn\u00fd \u010das, 3. Bentveldov\u00e1 (Niz.) +4, <strong>4. Zemanov\u00e1 <\/strong>(\u010cR) +1:22.<\/p>\n\n\n\n<p>Mu\u017ei U23: 1. Michels (Belg.) 52:11, 2. F. Agostinacchio (It.) +3, 3. Sparfel (Fr.) +12, &#8230;<strong>14. Kerl<\/strong> +1:01, <strong>20.\u00a0 Je\u017eek<\/strong> (oba \u010cR) +1:59.<\/p>\n\n\n\n<p>\u017deny: 1. van Empelov\u00e1 50:41, 2. Alvaradov\u00e1 stejn\u00fd \u010das, 3. Brandov\u00e1 (v\u0161echny Niz.) +7, 4. Casasolaov\u00e1 (It.) +10, 5. Fouqunetov\u00e1 (Fr.) +17, 6. Franckov\u00e1 (Belg.) +17.<\/p>\n\n\n\n<p>Mu\u017ei: 1. T. Nys (Belg.) 57:46, 2. Orts Lloret (\u0160p.) +3, 3. Iserbyt +9,\u00a0 4. Vandeputte (Belg.) +15, 5. van der Haar (Niz.) +24, 6. Menut (Fr.) +32, &#8230; <strong>8. Boro\u0161<\/strong> (\u010cR) +34.<\/p>\n\n\n\n<p>FOTO UEC: Massimo Fulgenzi\/SprintCyclingAgency<\/p>\n","protected":false},"excerpt":{"rendered":"<p>\u010cesk\u00e1 v\u00fdprava se ze \u0161pan\u011blsk\u00e9 Pontevedry z\u00a0evropsk\u00e9ho cyklokrosov\u00e9ho \u0161ampion\u00e1tu bez medaile nevr\u00e1t\u00ed. V\u00a0z\u00e1vod\u011b juniorek vybojovala st\u0159\u00edbro po vynikaj\u00edc\u00edm v\u00fdkonu mladi\u010dk\u00e1 teprve \u0161estn\u00e1ctilet\u00e1 Barbora Bukovsk\u00e1. Dlouho bojovalo dokonce o mistrovsk\u00fd dres, nakonec za \u0160v\u00fdcarkou Anjou Grossmannovou zaostala o jedinou vte\u0159inu. Krist\u00fdna Zemanov\u00e1 skon\u010dila \u010dtvrt\u00e1 v\u00a0z\u00e1vod\u011b \u017een U23, v\u00a0elitn\u00ed kategorii mu\u017e\u016f dojel Michael Boro\u0161 osm\u00fd. Polovinu z\u00e1vodu [&hellip;]<\/p>\n","protected":false},"author":8,"featured_media":32928,"comment_status":"closed","ping_status":"open","sticky":false,"template":"","format":"standard","meta":{"footnotes":""},"categories":[58,2],"tags":[59],"class_list":["post-32919","post","type-post","status-publish","format-standard","has-post-thumbnail","hentry","category-cyklokros","category-novinky","tag-cyklokros"],"_links":{"self":[{"href":"https:\/\/www.czechcyclingfederation.com\/en\/wp-json\/wp\/v2\/posts\/32919","targetHints":{"allow":["GET"]}}],"collection":[{"href":"https:\/\/www.czechcyclingfederation.com\/en\/wp-json\/wp\/v2\/posts"}],"about":[{"href":"https:\/\/www.czechcyclingfederation.com\/en\/wp-json\/wp\/v2\/types\/post"}],"author":[{"embeddable":true,"href":"https:\/\/www.czechcyclingfederation.com\/en\/wp-json\/wp\/v2\/users\/8"}],"replies":[{"embeddable":true,"href":"https:\/\/www.czechcyclingfederation.com\/en\/wp-json\/wp\/v2\/comments?post=32919"}],"version-history":[{"count":3,"href":"https:\/\/www.czechcyclingfederation.com\/en\/wp-json\/wp\/v2\/posts\/32919\/revisions"}],"predecessor-version":[{"id":32930,"href":"https:\/\/www.czechcyclingfederation.com\/en\/wp-json\/wp\/v2\/posts\/32919\/revisions\/32930"}],"wp:featuredmedia":[{"embeddable":true,"href":"https:\/\/www.czechcyclingfederation.com\/en\/wp-json\/wp\/v2\/media\/32928"}],"wp:attachment":[{"href":"https:\/\/www.czechcyclingfederation.com\/en\/wp-json\/wp\/v2\/media?parent=32919"}],"wp:term":[{"taxonomy":"category","embeddable":true,"href":"https:\/\/www.czechcyclingfederation.com\/en\/wp-json\/wp\/v2\/categories?post=32919"},{"taxonomy":"post_tag","embeddable":true,"href":"https:\/\/www.czechcyclingfederation.com\/en\/wp-json\/wp\/v2\/tags?post=32919"}],"curies":[{"name":"wp","href":"https:\/\/api.w.org\/{rel}","templated":true}]}}