{"id":32886,"date":"2024-10-29T18:12:18","date_gmt":"2024-10-29T17:12:18","guid":{"rendered":"https:\/\/www.czechcyclingfederation.com\/?p=32886"},"modified":"2024-10-29T20:43:49","modified_gmt":"2024-10-29T19:43:49","slug":"cyklokrosare-ceka-me-v-ponevedre-pojede-deset-cechu","status":"publish","type":"post","link":"https:\/\/www.czechcyclingfederation.com\/en\/cyklokrosare-ceka-me-v-ponevedre-pojede-deset-cechu\/","title":{"rendered":"Cyklokrosa\u0159e \u010dek\u00e1 ME ve \u0160pan\u011blsku, pojede tam deset \u010cech\u016f"},"content":{"rendered":"\n<p>Pom\u011brn\u011b ni\u017e\u0161\u00ed po\u010det na\u0161ich reprezentant\u016f se p\u0159edstav\u00ed o v\u00edkendu na prvn\u00edm vrcholu cyklokrosov\u00e9 sezony. T\u00edm bude mistrovstv\u00ed Evropy ve \u0160pan\u011blsku, konkr\u00e9tn\u011b ve m\u011bst\u011b Pontevedra. V\u00a0sobotu je na programu z\u00e1vod \u0161tafet, v\u00a0ned\u011bli se jedou v\u0161echny individu\u00e1ln\u00ed z\u00e1vody \u2013 tedy juniorek, junior\u016f, \u017een U23, mu\u017e\u016f U23 \u017een elite a mu\u017e\u016f elite.<\/p>\n\n\n\n<p>Nejpo\u010detn\u011bj\u0161\u00ed zastoupen\u00ed bude m\u00edt n\u00e1\u0161 cyklokros mezi juniorkami, kde budou na startu t\u0159i z\u00e1vodnice. V kategorii elite mu\u017e\u016f pojede sedm\u00fd z \u00fanorov\u00e9ho mistrovstv\u00ed sv\u011bta v T\u00e1bo\u0159e Michael Boro\u0161, v ostatn\u00edch kategori\u00edch nastoup\u00ed po dvou z\u00e1vodn\u00edc\u00edch, jen kategorii elite \u017een \u010cR neobsad\u00ed.<\/p>\n\n\n\n<p><em>&#8220;Z\u00e1vodn\u00edky na dobr\u00e9 um\u00edst\u011bn\u00ed m\u00e1me. Kry\u0161tofu Ba\u017eantovi v\u011b\u0159\u00edm v juniorech na prvn\u00ed p\u011btku, minul\u00fd t\u00fdden jel velmi dob\u0159e v Essenu a Ruddervoorde. Formu uk\u00e1zal i te\u010f na poh\u00e1ru v Kol\u00edn\u011b a m\u011bl by bojovat s\u00a0nejlep\u0161\u00edmi. Dob\u0159e je na tom tak\u00e9 Boro\u0161. Otazn\u00edkem je Krist\u00fdna Zemanov\u00e1. Nenach\u00e1z\u00ed se sice je\u0161t\u011b ve stoprocentn\u00ed form\u011b, jak by si p\u0159edstavovala, ale v top 5 by m\u011bla b\u00fdt. A kdyby to cinklo, tak to by byla t\u0159e\u0161ni\u010dka na dortu. Dobr\u00e9 z\u00e1vodnice m\u00e1me i v juniork\u00e1ch,&#8221;<\/em> \u0159ekl reprezenta\u010dn\u00ed tren\u00e9r <strong>Michal Bedn\u00e1\u0159.<\/strong><\/p>\n\n\n\n<p>Po poh\u00e1rov\u00e9m z\u00e1vod\u011b v Kol\u00edn\u011b ud\u011blali tren\u00e9\u0159i jednu zm\u011bnu. <em>&#8220;M\u00edsto B\u00e1ry Je\u0159\u00e1bkov\u00e9 pojede na \u0161ampion\u00e1t n\u00e1hradnice Kate\u0159ina Doud\u011brov\u00e1. Posledn\u00ed dva z\u00e1vody B\u00e1ry v \u010c\u00e1slavi a v Kol\u00edn\u011b nebyly \u00fapln\u011b na \u00farovni dob\u0159e reprezentovat na ME a ona sama za n\u00e1mi p\u0159i\u0161la, \u017ee se moment\u00e1ln\u011b nec\u00edt\u00ed z\u00e1vodit na tak vrcholn\u00e9 akci. Proto do\u0161lo k t\u00e9 zm\u011bn\u011b. Cen\u00edm si toho, \u017ee B\u00e1ra sama vyhodnotila moment\u00e1ln\u00ed v\u00fdkonnost a uznala, \u017ee bude lep\u0161\u00ed, kdy\u017e ME vynech\u00e1,&#8221; <\/em>vysv\u011btlil Bedn\u00e1\u0159.<\/p>\n\n\n\n<p><em>&#8220;Z\u00e1vod podle profilu trat\u011b bude rychl\u00fd, je to atypick\u00fd okruh bez techniky. Bude tam i teplo, sucho a uvid\u00edme, jak n\u00e1m to bude vyhovovat,&#8221;<\/em> pokra\u010doval \u010desk\u00fd tren\u00e9r.<\/p>\n\n\n\n<p>Ji\u017e v sobotu je na programu z\u00e1vod \u0161tafet, v ned\u011bli pak jedou v\u0161echny kategorie. <em>&#8220;O slo\u017een\u00ed pro \u0161tafetu p\u0159edstavu m\u00e1m, ale kone\u010dn\u00e9 slovo padne a\u017e v d\u011bji\u0161ti \u0161ampion\u00e1tu,&#8221;<\/em> dodal Bedn\u00e1\u0159.<\/p>\n\n\n\n<p class=\"has-medium-font-size\"><strong>Nominace:<\/strong><\/p>\n\n\n\n<p>Mu\u017ei: Michael Boro\u0161.<\/p>\n\n\n\n<p>\u017deny U23: Krist\u00fdna Zemanov\u00e1, Kate\u0159ina Doud\u011brov\u00e1.<\/p>\n\n\n\n<p>Mu\u017ei U23: V\u00e1clav Je\u017eek, Maximili\u00e1n Kerl.<\/p>\n\n\n\n<p>Juniorky: Am\u00e1lie Gottwaldov\u00e1, Barbora Bukovsk\u00e1, Lucie Grohov\u00e1.<\/p>\n\n\n\n<p>Junio\u0159i: Kry\u0161tof Ba\u017eant, Tom\u00e1\u0161 H\u00e1jek.<\/p>\n","protected":false},"excerpt":{"rendered":"<p>Pom\u011brn\u011b ni\u017e\u0161\u00ed po\u010det na\u0161ich reprezentant\u016f se p\u0159edstav\u00ed o v\u00edkendu na prvn\u00edm vrcholu cyklokrosov\u00e9 sezony. T\u00edm bude mistrovstv\u00ed Evropy ve \u0160pan\u011blsku, konkr\u00e9tn\u011b ve m\u011bst\u011b Pontevedra. V\u00a0sobotu je na programu z\u00e1vod \u0161tafet, v\u00a0ned\u011bli se jedou v\u0161echny individu\u00e1ln\u00ed z\u00e1vody \u2013 tedy juniorek, junior\u016f, \u017een U23, mu\u017e\u016f U23 \u017een elite a mu\u017e\u016f elite. Nejpo\u010detn\u011bj\u0161\u00ed zastoupen\u00ed bude m\u00edt n\u00e1\u0161 cyklokros [&hellip;]<\/p>\n","protected":false},"author":8,"featured_media":32898,"comment_status":"closed","ping_status":"open","sticky":false,"template":"","format":"standard","meta":{"footnotes":""},"categories":[58,2],"tags":[59],"class_list":["post-32886","post","type-post","status-publish","format-standard","has-post-thumbnail","hentry","category-cyklokros","category-novinky","tag-cyklokros"],"_links":{"self":[{"href":"https:\/\/www.czechcyclingfederation.com\/en\/wp-json\/wp\/v2\/posts\/32886","targetHints":{"allow":["GET"]}}],"collection":[{"href":"https:\/\/www.czechcyclingfederation.com\/en\/wp-json\/wp\/v2\/posts"}],"about":[{"href":"https:\/\/www.czechcyclingfederation.com\/en\/wp-json\/wp\/v2\/types\/post"}],"author":[{"embeddable":true,"href":"https:\/\/www.czechcyclingfederation.com\/en\/wp-json\/wp\/v2\/users\/8"}],"replies":[{"embeddable":true,"href":"https:\/\/www.czechcyclingfederation.com\/en\/wp-json\/wp\/v2\/comments?post=32886"}],"version-history":[{"count":4,"href":"https:\/\/www.czechcyclingfederation.com\/en\/wp-json\/wp\/v2\/posts\/32886\/revisions"}],"predecessor-version":[{"id":32904,"href":"https:\/\/www.czechcyclingfederation.com\/en\/wp-json\/wp\/v2\/posts\/32886\/revisions\/32904"}],"wp:featuredmedia":[{"embeddable":true,"href":"https:\/\/www.czechcyclingfederation.com\/en\/wp-json\/wp\/v2\/media\/32898"}],"wp:attachment":[{"href":"https:\/\/www.czechcyclingfederation.com\/en\/wp-json\/wp\/v2\/media?parent=32886"}],"wp:term":[{"taxonomy":"category","embeddable":true,"href":"https:\/\/www.czechcyclingfederation.com\/en\/wp-json\/wp\/v2\/categories?post=32886"},{"taxonomy":"post_tag","embeddable":true,"href":"https:\/\/www.czechcyclingfederation.com\/en\/wp-json\/wp\/v2\/tags?post=32886"}],"curies":[{"name":"wp","href":"https:\/\/api.w.org\/{rel}","templated":true}]}}