{"id":32865,"date":"2024-10-27T13:52:24","date_gmt":"2024-10-27T12:52:24","guid":{"rendered":"https:\/\/www.czechcyclingfederation.com\/?p=32865"},"modified":"2024-10-27T14:08:10","modified_gmt":"2024-10-27T13:08:10","slug":"zemrel-prezident-csc-petr-marek","status":"publish","type":"post","link":"https:\/\/www.czechcyclingfederation.com\/en\/zemrel-prezident-csc-petr-marek\/","title":{"rendered":"Zem\u0159el prezident \u010cSC Petr Marek"},"content":{"rendered":"\n<p>Ta nejsmutn\u011bj\u0161\u00ed zpr\u00e1va se \u0161\u00ed\u0159\u00ed nap\u0159\u00ed\u010d cyklistickou rodinou. Ve v\u011bku 60 let n\u00e1hle zem\u0159el prezident \u010cesk\u00e9ho svazu cyklistiky, Ing. Petr Marek.<\/p>\n\n\n\n<p><em>\u201e\u017d\u00e1dn\u00e1 slova nemohou vyj\u00e1d\u0159it z\u00e1rmutek, kter\u00fd v tuto chv\u00edli c\u00edt\u00edme. Je to pro n\u00e1s v\u0161echny obrovsk\u00e1 ztr\u00e1ta. Petr Marek opustil tento sv\u011bt naprosto ne\u010dekan\u011b a s jeho odchodem se budeme vyrovn\u00e1vat hodn\u011b dlouho. R\u00e1d bych vyj\u00e1d\u0159il up\u0159\u00edmnou soustrast rodin\u011b a v\u0161em poz\u016fstal\u00fdm,\u201c<\/em> \u0159ekl viceprezident \u010cesk\u00e9ho svazu cyklistiky David Pr\u016f\u0161a.<\/p>\n\n\n\n<p>Petr Marek byl duchovn\u00edm otcem z\u00e1vodn\u00edho MTB v \u010cesku, v cyklistick\u00e9m hnut\u00ed se pohyboval od roku 1989. St\u00e1l za zrodem prvn\u00edho neofici\u00e1ln\u00edho mistrovstv\u00ed \u010ceskoslovenska horsk\u00fdch kol v roce 1990 ve \u0160pindlerov\u011b Ml\u00fdn\u011b a o p\u011bt let pozd\u011bji po\u0159\u00e1dal na tom sam\u00e9m m\u00edst\u011b mistrovstv\u00ed Evropy MTB. Rovn\u011b\u017e byl \u0159adu let hlavn\u00edm organiz\u00e1torem \u010cesk\u00e9ho poh\u00e1ru MTB.<\/p>\n\n\n\n<p>P\u016fsobil prakticky nep\u0159etr\u017eit\u011b jako p\u0159edseda komise horsk\u00fdch kol \u010cSC, byl dlouholet\u00fdm \u010dlenem prez\u00eddia \u010cSC. Prezidentem svazu byl poprv\u00e9 zvolen v&nbsp;lednu 2018 a od t\u00e9 doby vykon\u00e1val tuto funkci nep\u0159etr\u017eit\u011b. V&nbsp;sou\u010dasnosti tak\u00e9 p\u016fsobil jako prezident komise MTB Evropsk\u00e9 cyklistick\u00e9 unie (UEC).<\/p>\n\n\n\n<p>Jako prezident svazu se v\u017edy sna\u017eil bojovat za v\u0161echny discipl\u00edny. Jeho dlouhodobou viz\u00ed byla nap\u0159\u00edklad v\u00fdstavba n\u00e1rodn\u00edho velodromu pro dr\u00e1hovou cyklistiku.<\/p>\n\n\n\n<p>Letos byl Petr zvolen prezidentem \u010cSC na dal\u0161\u00ed funk\u010dn\u00ed obdob\u00ed, ale tuto misi plnou v\u00fdzev a pl\u00e1n\u016f u\u017e bohu\u017eel nedokon\u010d\u00ed.<\/p>\n\n\n\n<p>Ode\u0161el nejen v\u00fdborn\u00fd funkcion\u00e1\u0159, ale hlavn\u011b skv\u011bl\u00fd \u010dlov\u011bk.<\/p>\n\n\n\n<p>\u010cest jeho pam\u00e1tce.<\/p>\n\n\n\n<p><\/p>\n","protected":false},"excerpt":{"rendered":"<p>Ta nejsmutn\u011bj\u0161\u00ed zpr\u00e1va se \u0161\u00ed\u0159\u00ed nap\u0159\u00ed\u010d cyklistickou rodinou. Ve v\u011bku 60 let n\u00e1hle zem\u0159el prezident \u010cesk\u00e9ho svazu cyklistiky, Ing. Petr Marek. \u201e\u017d\u00e1dn\u00e1 slova nemohou vyj\u00e1d\u0159it z\u00e1rmutek, kter\u00fd v tuto chv\u00edli c\u00edt\u00edme. Je to pro n\u00e1s v\u0161echny obrovsk\u00e1 ztr\u00e1ta. Petr Marek opustil tento sv\u011bt naprosto ne\u010dekan\u011b a s jeho odchodem se budeme vyrovn\u00e1vat hodn\u011b dlouho. R\u00e1d [&hellip;]<\/p>\n","protected":false},"author":15,"featured_media":32866,"comment_status":"closed","ping_status":"open","sticky":false,"template":"","format":"standard","meta":{"footnotes":""},"categories":[2],"tags":[119],"class_list":["post-32865","post","type-post","status-publish","format-standard","has-post-thumbnail","hentry","category-novinky","tag-csc"],"_links":{"self":[{"href":"https:\/\/www.czechcyclingfederation.com\/en\/wp-json\/wp\/v2\/posts\/32865","targetHints":{"allow":["GET"]}}],"collection":[{"href":"https:\/\/www.czechcyclingfederation.com\/en\/wp-json\/wp\/v2\/posts"}],"about":[{"href":"https:\/\/www.czechcyclingfederation.com\/en\/wp-json\/wp\/v2\/types\/post"}],"author":[{"embeddable":true,"href":"https:\/\/www.czechcyclingfederation.com\/en\/wp-json\/wp\/v2\/users\/15"}],"replies":[{"embeddable":true,"href":"https:\/\/www.czechcyclingfederation.com\/en\/wp-json\/wp\/v2\/comments?post=32865"}],"version-history":[{"count":4,"href":"https:\/\/www.czechcyclingfederation.com\/en\/wp-json\/wp\/v2\/posts\/32865\/revisions"}],"predecessor-version":[{"id":32871,"href":"https:\/\/www.czechcyclingfederation.com\/en\/wp-json\/wp\/v2\/posts\/32865\/revisions\/32871"}],"wp:featuredmedia":[{"embeddable":true,"href":"https:\/\/www.czechcyclingfederation.com\/en\/wp-json\/wp\/v2\/media\/32866"}],"wp:attachment":[{"href":"https:\/\/www.czechcyclingfederation.com\/en\/wp-json\/wp\/v2\/media?parent=32865"}],"wp:term":[{"taxonomy":"category","embeddable":true,"href":"https:\/\/www.czechcyclingfederation.com\/en\/wp-json\/wp\/v2\/categories?post=32865"},{"taxonomy":"post_tag","embeddable":true,"href":"https:\/\/www.czechcyclingfederation.com\/en\/wp-json\/wp\/v2\/tags?post=32865"}],"curies":[{"name":"wp","href":"https:\/\/api.w.org\/{rel}","templated":true}]}}