{"id":3286,"date":"2021-01-24T16:57:43","date_gmt":"2021-01-24T15:57:43","guid":{"rendered":"http:\/\/www.czechcyclingfederation.com\/?p=3286"},"modified":"2021-01-24T17:55:31","modified_gmt":"2021-01-24T16:55:31","slug":"finale-sp-cyklokrosaru-pro-alvaradovou-a-van-aerta","status":"publish","type":"post","link":"https:\/\/www.czechcyclingfederation.com\/en\/finale-sp-cyklokrosaru-pro-alvaradovou-a-van-aerta\/","title":{"rendered":"Fin\u00e1le SP cyklokrosa\u0159\u016f pro Alvaradovou a van Aerta"},"content":{"rendered":"\n<p>Z\u00e1v\u011bre\u010dn\u00fd p\u00e1t\u00fd d\u00edl Sv\u011btov\u00e9ho poh\u00e1ru v\u00a0cyklokrosu ovl\u00e1dly v\u00a0belgick\u00e9m bahn\u011b v\u00a0Overijse nizozemsk\u00e9 \u017eeny a dom\u00e1c\u00ed mu\u017ei Belgie. Z\u00e1vod mu\u017e\u016f vyzn\u011bl nejl\u00e9pe pro Wouta van Aerta, mezi \u017eenami byla nejlep\u0161\u00ed jeho krajanka Ceylin del Carmen Alvaradov\u00e1. Celkov\u00fd triumf oslavila mezi \u017eenami dnes druh\u00e1 Lucinda Brandov\u00e1 (Niz.) a mezi mu\u017ei van Aert.<\/p>\n\n\n\n<p>Z&nbsp;na\u0161ich reprezentant\u016f byl nejlep\u0161\u00ed Michale Boro\u0161 na 30. m\u00edst\u011b, mezi \u017eenami p\u0159ekvapiv\u011b skon\u010dila o dv\u011b m\u00edsta p\u0159ed \u00fa\u0159aduj\u00edc\u00ed mistryn\u00ed \u010cR Pavlou Havl\u00edkovou krosa\u0159ka kategorie U23 Tereza Van\u00ed\u010dkov\u00e1 na 45. m\u00edst\u011b, ale mezi z\u00e1vodnicemi sv\u00e9 kategorie byla devaten\u00e1ct\u00e1.<\/p>\n\n\n\n<p>\u00a0Z\u00e1vod \u017een byl podle p\u0159edpoklad\u016f jasnou z\u00e1le\u017eitost\u00ed Nizozemek. Hned od startu se usadily na \u010dele, a tak to vydr\u017eelo a\u017e do c\u00edle. P\u0159ed bl\u00ed\u017e\u00edc\u00edm se sv\u011btov\u00fdm \u0161ampion\u00e1tem ale uk\u00e1zaly rostouc\u00ed formu Angli\u010danky Anna Kayov\u00e1 a Evie Richardsov\u00e1, kter\u00e9 obsadily sedmou resp. osmou p\u0159\u00ed\u010dku. Tradi\u010dn\u011b pomal\u00fd start m\u011bla Ameri\u010danka Clara Honsingerov\u00e1, ale nakonec bojovala o stupn\u011b v\u00edt\u011bzek, ov\u0161em t\u011bsn\u011b ji udolala Manom Bakerov\u00e1 z\u00a0Nizozem\u00ed.<\/p>\n\n\n\n<p>Tempo ve t\u0159et\u00edm kole diktovala Brandov\u00e1, ale t\u011bsn\u011b za jej\u00edm kolem se dr\u017eely Alvaradov\u00e1, Bakkerov\u00e1 a dal\u0161\u00ed Nizozemka Betsemaov\u00e1, v\u00edt\u011bzka minul\u00e9ho z\u00e1vodu z&nbsp;Hulstu. Ve \u010dtvrt\u00e9m kole ji\u017e Alvaradov\u00e1 a Brandov\u00e1 jely samy na \u010dele, do z\u00e1v\u011bre\u010dn\u00e9ho kola vj\u00ed\u017ed\u011b\u0161ly bok po boku Brandov\u00e1 s Alvaradovou, osm vte\u0159in za nimi Honsingerov\u00e1 a Bakkerov\u00e1<\/p>\n\n\n\n<p>V prvn\u00ed polovin\u011b kola v\u0161ak Alvaradov\u00e1 hodn\u011b zrychlila a Brandovou set\u0159\u00e1sta a jasn\u011b vyhr\u00e1la. V z\u00e1v\u011bru do\u0161lo na \u010desk\u00fd minisouboj o nejlep\u0161\u00ed na\u0161i z\u00e1vodnici a p\u0159ekvapiv\u011b v n\u011bm m\u011bla navrch Van\u00ed\u010dkov\u00e1, kter\u00e1 se dostala p\u0159ed mistryni republiky Havl\u00edkovou.<\/p>\n\n\n\n<p>&#8220;Nemohu se na to vymlouvat, stra\u0161n\u011b jsem si z\u00e1vod protrp\u011bla, Nejsem \u017e\u00e1dn\u00fd b\u011b\u017eec a zde v tom bl\u00e1t\u011b se b\u011bhalo a\u017e p\u0159\u00edli\u0161. Douf\u00e1m, \u017ee p\u0159\u00ed\u0161t\u00ed t\u00fdden na sv\u011btov\u00e9m \u0161ampion\u00e1tu to bude lep\u0161\u00ed,&#8221; \u0159ekla Pavla Havl\u00edkov\u00e1.<\/p>\n\n\n\n<p>Van Aert na dom\u00e1c\u00ed trati zavr\u0161il \u00fasp\u011b\u0161n\u011b sv\u00e9 \u00fa\u010dinkov\u00e1n\u00ed v leto\u0161n\u00edm p\u011btid\u00edln\u00e9m seri\u00e1lu. Vyhr\u00e1l s naprosto p\u0159esv\u011bd\u010div\u00fdm n\u00e1skokem 1:03 p\u0159ed sv\u00fdm nejv\u011bt\u0161\u00edm rivalem Mathie van der Poelem z Nizozem\u00ed a stejn\u011b bezpe\u010dn\u011b ovl\u00e1dl i cel\u00fd seri\u00e1l. T\u0159et\u00ed dnes skon\u010dil t\u0159et\u00ed ze siln\u00e9 trojky Thomas Pidcock z Brit\u00e1nie a v\u0161ichni uk\u00e1zali, kdo je nejv\u011bt\u0161\u00edmi favority na sv\u011btov\u00fd \u0161ampion\u00e1tu<\/p>\n\n\n\n<p>Z na\u0161ich jezdc\u016f byl klasifikov\u00e1n mistr republiky Michael Boro\u0161 na t\u0159ic\u00e1t\u00e9m m\u00edst\u011b se ztr\u00e1tou dvou okruh\u016f, zbyl\u00fd kvartet Jakub \u0158\u00edman, Daniel Mayer, Robert Hula a \u0160imon Van\u00ed\u010dek rozhod\u010d\u00ed p\u0159ed c\u00edlem \u010dtvrt\u00e9ho kola odvolali ze z\u00e1vodu pro velkou ztr\u00e1tu.<\/p>\n\n\n\n<p>Van Aert hned od za\u010d\u00e1tku nazna\u010dil, \u017ee touha po celkov\u00e9m triumfu je u n\u011bj velk\u00e1. Ji\u017e po dvou kolech m\u011bl k dobru na M. van der Poela deset vte\u0159in, t\u0159et\u00ed Pidcock ji\u017e ztr\u00e1cel p\u016fl minuty, t\u011bsn\u011b za n\u00edm jeli Michael Vanthourenhout a Toon Aerts (oba Belg.) a tak to vydr\u017eelo, a\u017e na rozd\u00edly, do c\u00edle. A\u017e ve \u010dtvrt\u00e9 des\u00edtce jezdil od za\u010d\u00e1tku Boro\u0161,&nbsp; \u0158\u00edman, Mayer, Van\u00ed\u010dek a Hula se pohybovali kolem pades\u00e1t\u00e9ho m\u00edsta ve startovn\u00edm poli 64 jezdc\u016f.<\/p>\n\n\n\n<p>Na velice t\u011b\u017ek\u00e9m okruhu pln\u00e9ho bl\u00e1ta a s mnoha \u00faseky na nich\u017e museli jezdci b\u011bhat s kolem na ramenou, se pole rozd\u011blilo, tak\u017ee z\u00e1vodn\u00edci jezdili prakticky osamocen\u011b. Van Aert od druh\u00e9ho kola se v\u0161em soupe\u0159\u016fm vzd\u00e1lil a sv\u016fj n\u00e1skok sice pomalu, ale jist\u011b postupn\u011b navy\u0161oval.<\/p>\n\n\n\n<p>Po\u0159ad\u00ed za n\u00edm se prakticky nem\u011bnilo. T\u0159et\u00ed Pidcock ji\u017e po \u010dty\u0159ech okruz\u00edch ztr\u00e1cel minutu a za n\u00edm bylo p\u011bt Belgi\u010dan\u016f. O p\u00e1r m\u00edst si dok\u00e1zal v polovin\u011b z\u00e1vodu polep\u0161it i \u010desk\u00fd \u0161ampion Boro\u0161, to v\u0161ak ji\u017e zbyl\u00e1 \u010desk\u00e1 \u010dtve\u0159ice v depu a on s\u00e1m je n\u00e1sledoval o dv\u011b kola ze stejn\u00e9ho d\u016fvodu pozd\u011bji.<\/p>\n\n\n\n<p>\u201eStart se mi nepovedl, nemohl jsem se dostat do tempa, mo\u017en\u00e1 to bylo i t\u00edm, \u017ee jsem minul\u00fd t\u00fdden nez\u00e1vodil. Kdy\u017e jsem se rozjel, tak ji\u017e bylo pozd\u011b, v&nbsp;takov\u00e9 konkurenci ji\u017e lze ztr\u00e1tu dohnat jen velice t\u011b\u017eko,\u201c \u0159ekl Michael Boro\u0161.<\/p>\n\n\n\n<p>V \u0161est\u00e9m kole st\u00e1hl M. van der Poel ztr\u00e1tu na van Aerta na deset vte\u0159in, ale to bylo v\u0161e, co mu Belgi\u010dan povolil. Op\u011bt dok\u00e1zal zrychlit a r\u00e1zn\u011b uk\u00e1zal, kdo je dnes bahniv\u00fdm kr\u00e1lem. Ve druh\u00e9 polovin\u011b z\u00e1vodu nasadili v\u011bt\u0161\u00ed obr\u00e1tky i Nizozemci Lars van der Haar a Corne van Kessel a posunuli se na \u0161est\u00e9 a osm\u00e9 m\u00edsto a uk\u00e1zali, \u017ee p\u0159ed MS je nelze podcenit.<\/p>\n\n\n\n<p>V\u00fdsledky:<\/p>\n\n\n\n<p>\u017deny:<\/p>\n\n\n\n<p>1. Alvaradov\u00e1 49:48, 2. Brandov\u00e1 +20, 3. Bakkerov\u00e1 (v\u0161echny Niz,) +21, 4. Honsingerov\u00e1 (USA) +34, 5. Betsemaov\u00e1 (Niz.) +40, 6. Cantov\u00e1 (Belg.) +48, &#8230;45. Van\u00ed\u010dkov\u00e1 +7:35, 47. Havl\u00edkov\u00e1 +7:53, 54. Ungermanov\u00e1, 55. \u0160vih\u00e1lkov\u00e1 (v\u0161echny \u010cR) ob\u011b -2 kola.<\/p>\n\n\n\n<p>Kone\u010dn\u00e9 po\u0159ad\u00ed SP:<\/p>\n\n\n\n<p>1.Brandov\u00e1 180, 2. Alvaradov\u00e1 142, 3. Betsemaov\u00e1 129, 4. Honsingerov\u00e1 102, 5. Vasov\u00e1 (Ma\u010f.) 86. 6. Cantov\u00e1 86.<\/p>\n\n\n\n<p>Mu\u017ei:<\/p>\n\n\n\n<p>1. van Aert (Belg.) 1:05:57, 2. M. van der Poel (Niz.) +1:03, 3, Pidcock (brit.) +2:07, 4. M. Vanthourenhout +2:24, 5. Toon Aerts (oba Belg.) +2:39, 6. van der Haar (Niz.) +3:26, &#8230;30. Boro\u0161 -2 kola, 47. \u0158\u00edman, 50. Mayer, 55. Hula, 58. Van\u00ed\u010dek (v\u0161ichni \u010cR) v\u0161ichni -4 kola.<\/p>\n\n\n\n<p>Kone\u010dn\u00e9 po\u0159ad\u00ed:<\/p>\n\n\n\n<p>1.van Aert 165, 2. M. van der Poel 140, 3. M. Vanthourenhout 128, 4. Toon Aerts 108, 5. Hermans (Belg.) 96, 6. van Kessel (Niz.) 91, &#8230;43. Boro\u0161 3.<\/p>\n\n\n\n<p>FOTO Petr Dlask<\/p>\n\n\n\n<figure class=\"wp-block-image size-large\"><img loading=\"lazy\" decoding=\"async\" width=\"768\" height=\"1024\" src=\"https:\/\/www.czechcyclingfederation.com\/wp-content\/uploads\/2021\/01\/Havl\u00edkov\u00e1-IMG-20210124-WA0006.jpg\" alt=\"\" class=\"wp-image-3288\" srcset=\"https:\/\/www.czechcyclingfederation.com\/wp-content\/uploads\/2021\/01\/Havl\u00edkov\u00e1-IMG-20210124-WA0006.jpg 768w, https:\/\/www.czechcyclingfederation.com\/wp-content\/uploads\/2021\/01\/Havl\u00edkov\u00e1-IMG-20210124-WA0006-150x200.jpg 150w\" sizes=\"auto, (max-width: 768px) 100vw, 768px\" \/><\/figure>\n\n\n\n<figure class=\"wp-block-image size-large\"><img loading=\"lazy\" decoding=\"async\" width=\"768\" height=\"1024\" src=\"https:\/\/www.czechcyclingfederation.com\/wp-content\/uploads\/2021\/01\/IMG-20210124-WA0007.jpg\" alt=\"\" class=\"wp-image-3289\" srcset=\"https:\/\/www.czechcyclingfederation.com\/wp-content\/uploads\/2021\/01\/IMG-20210124-WA0007.jpg 768w, https:\/\/www.czechcyclingfederation.com\/wp-content\/uploads\/2021\/01\/IMG-20210124-WA0007-150x200.jpg 150w\" sizes=\"auto, (max-width: 768px) 100vw, 768px\" \/><\/figure>\n\n\n\n<figure class=\"wp-block-image size-large\"><img loading=\"lazy\" decoding=\"async\" width=\"768\" height=\"1024\" src=\"https:\/\/www.czechcyclingfederation.com\/wp-content\/uploads\/2021\/01\/Boro\u0161-IMG-20210124-WA0003-1.jpg\" alt=\"\" class=\"wp-image-3290\" srcset=\"https:\/\/www.czechcyclingfederation.com\/wp-content\/uploads\/2021\/01\/Boro\u0161-IMG-20210124-WA0003-1.jpg 768w, https:\/\/www.czechcyclingfederation.com\/wp-content\/uploads\/2021\/01\/Boro\u0161-IMG-20210124-WA0003-1-150x200.jpg 150w\" sizes=\"auto, (max-width: 768px) 100vw, 768px\" \/><\/figure>\n","protected":false},"excerpt":{"rendered":"<p>Z\u00e1v\u011bre\u010dn\u00fd p\u00e1t\u00fd d\u00edl Sv\u011btov\u00e9ho poh\u00e1ru v\u00a0cyklokrosu ovl\u00e1dly v\u00a0belgick\u00e9m bahn\u011b v\u00a0Overijse nizozemsk\u00e9 \u017eeny a dom\u00e1c\u00ed mu\u017ei Belgie. Z\u00e1vod mu\u017e\u016f vyzn\u011bl nejl\u00e9pe pro Wouta van Aerta, mezi \u017eenami byla nejlep\u0161\u00ed jeho krajanka Ceylin del Carmen Alvaradov\u00e1. Celkov\u00fd triumf oslavila mezi \u017eenami dnes druh\u00e1 Lucinda Brandov\u00e1 (Niz.) a mezi mu\u017ei van Aert. Z&nbsp;na\u0161ich reprezentant\u016f byl nejlep\u0161\u00ed Michale Boro\u0161 [&hellip;]<\/p>\n","protected":false},"author":8,"featured_media":3287,"comment_status":"closed","ping_status":"open","sticky":false,"template":"","format":"standard","meta":{"footnotes":""},"categories":[58,2],"tags":[59],"class_list":["post-3286","post","type-post","status-publish","format-standard","has-post-thumbnail","hentry","category-cyklokros","category-novinky","tag-cyklokros"],"_links":{"self":[{"href":"https:\/\/www.czechcyclingfederation.com\/en\/wp-json\/wp\/v2\/posts\/3286","targetHints":{"allow":["GET"]}}],"collection":[{"href":"https:\/\/www.czechcyclingfederation.com\/en\/wp-json\/wp\/v2\/posts"}],"about":[{"href":"https:\/\/www.czechcyclingfederation.com\/en\/wp-json\/wp\/v2\/types\/post"}],"author":[{"embeddable":true,"href":"https:\/\/www.czechcyclingfederation.com\/en\/wp-json\/wp\/v2\/users\/8"}],"replies":[{"embeddable":true,"href":"https:\/\/www.czechcyclingfederation.com\/en\/wp-json\/wp\/v2\/comments?post=3286"}],"version-history":[{"count":5,"href":"https:\/\/www.czechcyclingfederation.com\/en\/wp-json\/wp\/v2\/posts\/3286\/revisions"}],"predecessor-version":[{"id":3295,"href":"https:\/\/www.czechcyclingfederation.com\/en\/wp-json\/wp\/v2\/posts\/3286\/revisions\/3295"}],"wp:featuredmedia":[{"embeddable":true,"href":"https:\/\/www.czechcyclingfederation.com\/en\/wp-json\/wp\/v2\/media\/3287"}],"wp:attachment":[{"href":"https:\/\/www.czechcyclingfederation.com\/en\/wp-json\/wp\/v2\/media?parent=3286"}],"wp:term":[{"taxonomy":"category","embeddable":true,"href":"https:\/\/www.czechcyclingfederation.com\/en\/wp-json\/wp\/v2\/categories?post=3286"},{"taxonomy":"post_tag","embeddable":true,"href":"https:\/\/www.czechcyclingfederation.com\/en\/wp-json\/wp\/v2\/tags?post=3286"}],"curies":[{"name":"wp","href":"https:\/\/api.w.org\/{rel}","templated":true}]}}