{"id":32815,"date":"2024-10-24T06:58:39","date_gmt":"2024-10-24T04:58:39","guid":{"rendered":"https:\/\/www.czechcyclingfederation.com\/?p=32815"},"modified":"2024-10-24T06:58:43","modified_gmt":"2024-10-24T04:58:43","slug":"veronika-kripnerova-a-blanka-adamova-meni-historii-prvni-ceske-zeny-ktere-budou-hrat-kolovou-na-ms","status":"publish","type":"post","link":"https:\/\/www.czechcyclingfederation.com\/en\/veronika-kripnerova-a-blanka-adamova-meni-historii-prvni-ceske-zeny-ktere-budou-hrat-kolovou-na-ms\/","title":{"rendered":"Veronika Kripnerov\u00e1 a Blanka Adamov\u00e1 m\u011bn\u00ed historii: prvn\u00ed \u010desk\u00e9 \u017eeny, kter\u00e9 budou hr\u00e1t kolovou na MS"},"content":{"rendered":"\n<p>V&nbsp;nads\u00e1zce by se jim dalo \u0159\u00edkat Posp\u00ed\u0161ilov\u00e9 v&nbsp;sukn\u00edch\u2026 <strong>Veronika Kripnerov\u00e1<\/strong> a <strong>Blanka Adamov\u00e1<\/strong> se toti\u017e rozhodly n\u00e1sledovat legend\u00e1rn\u00ed dvacetin\u00e1sobn\u00e9 mistry sv\u011bta v&nbsp;kolov\u00e9 i dal\u0161\u00ed \u010desk\u00e9 velik\u00e1ny tohoto sportu a na nadch\u00e1zej\u00edc\u00edm sv\u011btov\u00e9m \u0161ampion\u00e1tu v&nbsp;s\u00e1lov\u00e9 cyklistice v&nbsp;Br\u00e9m\u00e1ch zm\u011bn\u00ed historii. Stanou se prvn\u00edmi \u010desk\u00fdmi \u017eenami, kter\u00e9 budou hr\u00e1t mistrovstv\u00ed sv\u011bta v&nbsp;kolov\u00e9!<\/p>\n\n\n\n<p><strong>Jak jste se vlastn\u011b daly dohromady?<\/strong><\/p>\n\n\n\n<p><strong>Veronika Kripnerov\u00e1:<\/strong> P\u0159ed rokem jsme ob\u011b byly na Sv\u011btov\u00e9m poh\u00e1ru v&nbsp;kolov\u00e9 ve Zl\u00edn\u011b jako fanynky. Moc jsme se neznaly, ale ob\u011b jsme u\u017e s&nbsp;kolovou p\u0159i\u0161ly d\u0159\u00edve do styku, tak n\u00e1s ostatn\u00ed za\u010dali popichovat, \u017ee bychom to m\u011bly zkusit. Blanka d\u0159\u00edv kolovou hr\u00e1la, jej\u00ed br\u00e1cha hraje kolovou, j\u00e1 d\u011bl\u00e1m krasoj\u00edzdu a br\u00e1cha hraje kolovou. Je\u0161t\u011b tam n\u00e1s vyhecovali, vzaly jsme si kola, zajezdily si tam a p\u00e1rkr\u00e1t si pinkly. V\u011bd\u011bly jsme, \u017ee vloni hr\u00e1ly \u017eeny mistrovstv\u00ed sv\u011bta poprv\u00e9. Byly tam sice jen dva t\u00fdmy, ale i tak n\u00e1m problesklo hlavou, \u017ee bychom to mohly zkusit. \u0158ekly jsme si, \u017ee si d\u00e1me p\u00e1r t\u00fddn\u016f na rozmy\u0161lenou, a nakonec jsme do toho \u0161ly.<\/p>\n\n\n\n<p><strong>Blanka Adamov\u00e1:<\/strong> Vloni se na mistrovstv\u00ed sv\u011bta v\u00a0Glasgow z\u00a0ni\u010deho nic objevila \u017eensk\u00e1 kategorie v\u00a0kolov\u00e9. Byly tam jen dva t\u00fdmy a v\u0161ichni si d\u011blali srandu, \u017ee kdy\u017e spolu ud\u011bl\u00e1me t\u00fdm i my, m\u00e1me jistou medaili \ud83d\ude0a. Kdy\u017e jsme se potkaly ve Zl\u00edn\u011b, tak jsem se Ver\u010di jen tak z\u00a0hecu zeptala, jestli n\u011bco nevymysl\u00edme. Ona \u0159\u00edkala, \u017ee u\u017e na tom p\u00e1rkr\u00e1t st\u00e1la a n\u011bjak jsme to daly dohromady. Kdy\u017e n\u00e1s tam vid\u011bl jezdit n\u011bmeck\u00fd tren\u00e9r, \u0159\u00edkal, \u017ee mus\u00edme hr\u00e1t, \u017ee to bude skv\u011bl\u00e9.<\/p>\n\n\n\n<figure class=\"wp-block-image size-large\"><img loading=\"lazy\" decoding=\"async\" width=\"986\" height=\"1024\" src=\"https:\/\/www.czechcyclingfederation.com\/wp-content\/uploads\/2024\/10\/kolova-holky-1-986x1024.jpg\" alt=\"\" class=\"wp-image-32821\" srcset=\"https:\/\/www.czechcyclingfederation.com\/wp-content\/uploads\/2024\/10\/kolova-holky-1-986x1024.jpg 986w, https:\/\/www.czechcyclingfederation.com\/wp-content\/uploads\/2024\/10\/kolova-holky-1-193x200.jpg 193w, https:\/\/www.czechcyclingfederation.com\/wp-content\/uploads\/2024\/10\/kolova-holky-1-768x798.jpg 768w, https:\/\/www.czechcyclingfederation.com\/wp-content\/uploads\/2024\/10\/kolova-holky-1-1479x1536.jpg 1479w, https:\/\/www.czechcyclingfederation.com\/wp-content\/uploads\/2024\/10\/kolova-holky-1-1972x2048.jpg 1972w, https:\/\/www.czechcyclingfederation.com\/wp-content\/uploads\/2024\/10\/kolova-holky-1-1320x1371.jpg 1320w\" sizes=\"auto, (max-width: 986px) 100vw, 986px\" \/><\/figure>\n\n\n\n<p><strong>Letos bude na \u0161ampion\u00e1tu p\u011bt \u017eensk\u00fdch t\u00fdm\u016f. Tu\u0161\u00edte, jak m\u016f\u017eete obst\u00e1t?<\/strong><\/p>\n\n\n\n<p><strong>Veronika: <\/strong>Moc se to odhadnout ned\u00e1. Po\u0159\u00e1dn\u011b nev\u00edme, jak ostatn\u00ed t\u00fdmy hraj\u00ed, proto\u017ee pro v\u0161echny p\u016fjde o prvn\u00ed \u0161ampion\u00e1t. Vloni byly na mistrovstv\u00ed jen N\u011bmky a Japonky, ale letos tam i tyto zem\u011b budou m\u00edt jin\u00e9 t\u00fdmy. N\u011bmeck\u00e9 \u00fa\u0159aduj\u00edc\u00ed mistryn\u011b sv\u011bta se od nich nekvalifikovaly, proto\u017ee u nich je v\u00edc \u017eensk\u00fdch t\u00fdm\u016f. Ale ur\u010dit\u011b se chceme porvat o n\u011bjakou medaili. N\u011bmecko je velmoc s\u00e1lov\u00e9 cyklistiky a m\u016f\u017eeme se t\u011b\u0161it na skv\u011blou atmosf\u00e9ru.<\/p>\n\n\n\n<p><strong>Blanka: <\/strong>Krom\u011b n\u00e1s tam budou hr\u00e1t je\u0161t\u011b N\u011bmecko, Japonsko, \u0160v\u00fdcarsko a Rakousko. N\u011bjak\u00e9 informace m\u00e1me, ale uvid\u00edme a\u017e na m\u00edst\u011b, jak kdo na tom bude. Ambice jsou vysok\u00e9, medailov\u00e9.<\/p>\n\n\n\n<p><strong>Uv\u011bdomujete si, \u017ee jako prvn\u00ed \u010desk\u00e9 \u017eeny na mistrovsv\u00ed sv\u011bta p\u0159episujete historii?<\/strong><\/p>\n\n\n\n<p><strong>Veronika: <\/strong>M\u00e1m z&nbsp;toho velkou radost, rodina na m\u011b bude py\u0161n\u00e1. D\u011bda Jan Kri\u0161t\u016ffek byl krasojezdec a z\u00edskal \u010dty\u0159i bronzov\u00e9 medaile z&nbsp;mistrovstv\u00ed sv\u011bta v jednotlivc\u00edch. A j\u00e1 budu po n\u011bm druh\u00fd \u010dlov\u011bk z&nbsp;rodiny, kter\u00e9 se z\u00fa\u010dastn\u00ed mistrovstv\u00ed sv\u011bta. Jsem r\u00e1da a t\u0159eba ten n\u00e1\u0161 krok to u n\u00e1s vyhecuje i n\u011bkter\u00e9 dal\u0161\u00ed holky, aby za\u010daly hr\u00e1t kolovou.<\/p>\n\n\n\n<p><strong>Blanka: <\/strong>Miln\u00edk to pro m\u011b ur\u010dit\u011b je, j\u00e1 o n\u011bco takov\u00e9ho v\u017edycky bojovala. Hr\u00e1la jsem kolovou od 10 let s&nbsp;klukama jako jedin\u00e1 holka u n\u00e1s, nejd\u00e1l jsem to dot\u00e1hla jako n\u00e1hradn\u00edk na Evropu ve sm\u00ed\u0161en\u00e9m t\u00fdmu. Moc se na to t\u011b\u0161\u00edm a jsem r\u00e1da, \u017ee jsme se s&nbsp;Ver\u010dou daly dohromady.<\/p>\n\n\n\n<figure class=\"wp-block-image size-large\"><img loading=\"lazy\" decoding=\"async\" width=\"1024\" height=\"698\" src=\"https:\/\/www.czechcyclingfederation.com\/wp-content\/uploads\/2024\/10\/kolova-holky-3-1024x698.jpg\" alt=\"\" class=\"wp-image-32824\" srcset=\"https:\/\/www.czechcyclingfederation.com\/wp-content\/uploads\/2024\/10\/kolova-holky-3-1024x698.jpg 1024w, https:\/\/www.czechcyclingfederation.com\/wp-content\/uploads\/2024\/10\/kolova-holky-3-293x200.jpg 293w, https:\/\/www.czechcyclingfederation.com\/wp-content\/uploads\/2024\/10\/kolova-holky-3-768x524.jpg 768w, https:\/\/www.czechcyclingfederation.com\/wp-content\/uploads\/2024\/10\/kolova-holky-3.jpg 1170w\" sizes=\"auto, (max-width: 1024px) 100vw, 1024px\" \/><\/figure>\n\n\n\n<p><strong>Jak jste se dostaly k&nbsp;s\u00e1lov\u00e9 cyklistice?<\/strong><\/p>\n\n\n\n<p><strong>Veronika: <\/strong>Jak u\u017e jsem \u0159\u00edkala, tenhle sport prov\u00e1z\u00ed celou na\u0161i rodinu. D\u011bda byl krasojezdec, pak mezin\u00e1rodn\u00ed rozhod\u010d\u00ed, maminka krasojezdkyn\u011b, ta\u0165ka hr\u00e1l kolovou. Br\u00e1cha hraje extraligu v&nbsp;kolov\u00e9 a vloni byli t\u0159et\u00ed na mistrovstv\u00ed Evropy U23. S\u00e1lov\u00e1 cyklistika je pro n\u00e1s srde\u010dn\u00ed z\u00e1le\u017eitost, jezd\u00edme se \u010dasto jako fanou\u0161ci d\u00edvat na \u0161ampion\u00e1ty nebo Sv\u011btov\u00e9 poh\u00e1ry. D\u00e1 se \u0159\u00edci, \u017ee v\u00fdlety pl\u00e1nujeme podle kalend\u00e1\u0159e s\u00e1lov\u00e9 cyklistiky \ud83d\ude0a. J\u00e1 od t\u0159in\u00e1cti d\u011blala krasoj\u00edzdu, za\u010dala jsem s&nbsp;t\u00edm dost pozd\u011b. Ale vydr\u017eela jsem dodnes. Z&nbsp;posledn\u00edch dvou let m\u00e1m dva bronzy z&nbsp;mistrovstv\u00ed republiky, ve sm\u00ed\u0161en\u00fdch t\u00fdmech jsme byli s&nbsp;br\u00e1chu vloni druz\u00ed.<\/p>\n\n\n\n<p><strong>Blanka: <\/strong>Za\u010dala jsem s&nbsp;kolovou od 10 let, byla jsem asi jedin\u00e1 holka u n\u00e1s. Vydr\u017eela jsem do 18, pak jsem skon\u010dila. Za\u010dala jsem sl\u00fdchat, \u017ee to nen\u00ed sport pro holky, \u017ee nem\u00e1m takovou r\u00e1nu\u2026 Vr\u00e1tila jsem se a\u017e v&nbsp;prosinci 2023 s Ver\u010dou. Ale m\u00e1m k&nbsp;tomu sportu bl\u00edzko, br\u00e1cha Radek hraje taky kolovou a je reprezentant.<\/p>\n\n\n\n<p><strong>A dokonce budete s&nbsp;bratrem na nadch\u00e1zej\u00edc\u00edm MS startovat oba.<\/strong><\/p>\n\n\n\n<p>Je to tak. Vloni byli mist\u0159i republiky a jeli na mistrovstv\u00ed sv\u011bta do Glasgow, te\u010f si to vybojovali znovu. Je skv\u011bl\u00e9, \u017ee tam budeme j\u00e1 i br\u00e1cha. I ta my\u0161lenka, \u017ee bychom mohli jet na mistrovstv\u00ed sv\u011bta oba, m\u011b hnala k&nbsp;n\u00e1vratu ke kolov\u00e9.<\/p>\n\n\n\n<p><strong>Veroniko, nemrz\u00ed v\u00e1s, \u017ee se v\u00e1\u0161 bratr taky nenominoval?<\/strong><\/p>\n\n\n\n<p>Bylo by to hezk\u00e9, ale bude tam s&nbsp;n\u00e1mi taky, proto\u017ee jede jako n\u00e1\u0161 tren\u00e9r. Blanky br\u00e1cha bude hr\u00e1t, m\u016fj tr\u00e9novat.<\/p>\n\n\n\n<p><strong>Jak va\u0161e sna\u017een\u00ed v&nbsp;kolov\u00e9 v\u016fbec berou mu\u017ei?<\/strong><\/p>\n\n\n\n<p><strong>Veronika: <\/strong>D\u00edky br\u00e1ch\u016fm n\u00e1s ostatn\u00ed znaj\u00ed, v\u011bd\u00ed, \u017ee se v&nbsp;tom n\u011bjakou dobu pohybujeme. Chod\u00ed se d\u00edvat, sna\u017e\u00ed se poradit, celkov\u011b n\u00e1s berou.<\/p>\n\n\n\n<p><strong>Blanka: <\/strong>Oba br\u00e1chov\u00e9 jsou pro n\u00e1s velk\u00e1 podpora, ale za posledn\u00ed dobu c\u00edt\u00edm pozitivn\u00ed ohlasy z&nbsp;v\u00edce stran. Kdy\u017e jsme m\u011bly soust\u0159ed\u011bn\u00ed, v\u0161ichni se n\u00e1m sna\u017eili pomoci.<\/p>\n\n\n\n<figure class=\"wp-block-image size-large\"><img loading=\"lazy\" decoding=\"async\" width=\"771\" height=\"1024\" src=\"https:\/\/www.czechcyclingfederation.com\/wp-content\/uploads\/2024\/10\/kolova-holky-2-771x1024.jpg\" alt=\"\" class=\"wp-image-32826\" srcset=\"https:\/\/www.czechcyclingfederation.com\/wp-content\/uploads\/2024\/10\/kolova-holky-2-771x1024.jpg 771w, https:\/\/www.czechcyclingfederation.com\/wp-content\/uploads\/2024\/10\/kolova-holky-2-151x200.jpg 151w, https:\/\/www.czechcyclingfederation.com\/wp-content\/uploads\/2024\/10\/kolova-holky-2-768x1019.jpg 768w, https:\/\/www.czechcyclingfederation.com\/wp-content\/uploads\/2024\/10\/kolova-holky-2-1157x1536.jpg 1157w, https:\/\/www.czechcyclingfederation.com\/wp-content\/uploads\/2024\/10\/kolova-holky-2.jpg 1170w\" sizes=\"auto, (max-width: 771px) 100vw, 771px\" \/><\/figure>\n\n\n\n<p><strong>M\u00e1te n\u011bjak napevno rozd\u011blen\u00e9 posty?<\/strong><\/p>\n\n\n\n<p><strong>Veronika:<\/strong> Ka\u017ed\u00e1 z&nbsp;n\u00e1s dok\u00e1\u017ee zahr\u00e1t ob\u011b pozice, abychom se mohly p\u0159\u00edpadn\u011b prost\u0159\u00eddat. Jen jedna jezd\u00ed vlevo a druh\u00e1 vpravo.<\/p>\n\n\n\n<p><strong>Blanka: <\/strong>Je to dobr\u00e9 t\u0159eba i kv\u016fli soupe\u0159k\u00e1m, \u017ee nev\u00ed, co \u010dekat. Chlapi to maj\u00ed vyprofilovan\u00e9, jeden je brank\u00e1\u0159 a druh\u00fd \u00fato\u010dn\u00edk, ale my to tak napevno dan\u00e9 nem\u00e1me.<\/p>\n\n\n\n<figure class=\"wp-block-image size-large\"><img loading=\"lazy\" decoding=\"async\" width=\"768\" height=\"1024\" src=\"https:\/\/www.czechcyclingfederation.com\/wp-content\/uploads\/2024\/10\/Kripnerova_Veronika-768x1024.jpg\" alt=\"\" class=\"wp-image-32829\" srcset=\"https:\/\/www.czechcyclingfederation.com\/wp-content\/uploads\/2024\/10\/Kripnerova_Veronika-768x1024.jpg 768w, https:\/\/www.czechcyclingfederation.com\/wp-content\/uploads\/2024\/10\/Kripnerova_Veronika-150x200.jpg 150w, https:\/\/www.czechcyclingfederation.com\/wp-content\/uploads\/2024\/10\/Kripnerova_Veronika-1152x1536.jpg 1152w, https:\/\/www.czechcyclingfederation.com\/wp-content\/uploads\/2024\/10\/Kripnerova_Veronika-1536x2048.jpg 1536w, https:\/\/www.czechcyclingfederation.com\/wp-content\/uploads\/2024\/10\/Kripnerova_Veronika-1320x1760.jpg 1320w, https:\/\/www.czechcyclingfederation.com\/wp-content\/uploads\/2024\/10\/Kripnerova_Veronika-scaled.jpg 1920w\" sizes=\"auto, (max-width: 768px) 100vw, 768px\" \/><\/figure>\n\n\n\n<p><strong>Krom\u011b kolov\u00e9 m\u00e1te je\u0161t\u011b dal\u0161\u00ed aktivity, jak je zvl\u00e1d\u00e1te?<\/strong><\/p>\n\n\n\n<p><strong>Veronika:<\/strong> J\u00e1 d\u011bl\u00e1m je\u0161t\u011b krasoj\u00edzdu a ob\u011b discipl\u00edny jsou pro m\u011b srdcovka. Nemus\u00edm nikam p\u0159ej\u00ed\u017ed\u011bt, tr\u00e9nuje se v&nbsp;jedn\u00e9 t\u011blocvi\u010dn\u011b. Odpoledne odtr\u00e9nuju krasoj\u00edzdu, ve\u010der t\u0159eba kolovou. Zvl\u00e1dat se to d\u00e1 a ob\u011b discipl\u00edny m\u011b bav\u00ed. Nav\u00edc jsem je\u0161t\u011b v&nbsp;komisi s\u00e1lov\u00e9 cyklistice p\u0159i Evropsk\u00e9 cyklistick\u00e9 unii. Krom\u011b toho r\u00e1da ly\u017euju, hraju ping pong a kdy\u017e m\u00e1m \u010das, tak je\u0161t\u011b pe\u010du dorty. T\u0159eba minul\u00fd t\u00fdden jsem stihla krom\u011b v\u0161ech tr\u00e9nink\u016f je\u0161t\u011b dva dorty up\u00e9ct.<\/p>\n\n\n\n<p><strong>Blanka: <\/strong>J\u00e1 krom\u011b kolov\u00e9 d\u011bl\u00e1m p\u0159ek\u00e1\u017ekov\u00e9 z\u00e1vody OCR. N\u011bco jako Spartan a Gladiator. Je to zase n\u011bco jin\u00e9ho. T\u0159eba te\u010f m\u00e1m mistrovstv\u00ed sv\u011bta v&nbsp;s\u00e1lov\u00e9 cyklistice, v&nbsp;pond\u011bl\u00ed se vr\u00e1t\u00edm a dal\u0161\u00ed st\u0159edu odl\u00e9t\u00e1m do \u0158ecka na mistrovstv\u00ed sv\u011bta ve Spartan Race. To bude takov\u00e1 t\u0159e\u0161ni\u010dka na dortu \ud83d\ude0a.<\/p>\n\n\n\n<figure class=\"wp-block-image size-large\"><img loading=\"lazy\" decoding=\"async\" width=\"768\" height=\"1024\" src=\"https:\/\/www.czechcyclingfederation.com\/wp-content\/uploads\/2024\/10\/Adamova_Blanka-768x1024.jpg\" alt=\"\" class=\"wp-image-32831\" srcset=\"https:\/\/www.czechcyclingfederation.com\/wp-content\/uploads\/2024\/10\/Adamova_Blanka-768x1024.jpg 768w, https:\/\/www.czechcyclingfederation.com\/wp-content\/uploads\/2024\/10\/Adamova_Blanka-150x200.jpg 150w, https:\/\/www.czechcyclingfederation.com\/wp-content\/uploads\/2024\/10\/Adamova_Blanka-1152x1536.jpg 1152w, https:\/\/www.czechcyclingfederation.com\/wp-content\/uploads\/2024\/10\/Adamova_Blanka-1536x2048.jpg 1536w, https:\/\/www.czechcyclingfederation.com\/wp-content\/uploads\/2024\/10\/Adamova_Blanka-1320x1760.jpg 1320w, https:\/\/www.czechcyclingfederation.com\/wp-content\/uploads\/2024\/10\/Adamova_Blanka-scaled.jpg 1920w\" sizes=\"auto, (max-width: 768px) 100vw, 768px\" \/><\/figure>\n\n\n\n<p><strong>Jak byste popsaly svou par\u0165a\u010dku?<\/strong><\/p>\n\n\n\n<p><strong>Veronika:<\/strong> Blanka je sportovn\u011b hodn\u011b zalo\u017een\u00e1, c\u00edlev\u011bdom\u00e1, r\u00e1da d\u011bl\u00e1 v\u0161echno naplno. Nejsme spolu v&nbsp;t\u00fdmu moc dlouho, chvilku jsme se pozn\u00e1valy. Ale dok\u00e1\u017eeme se podpo\u0159it a rozum\u00edme si i mimo h\u0159i\u0161t\u011b.<\/p>\n\n\n\n<p><strong>Blanka:<\/strong> Ver\u010da je d\u0159\u00ed\u010d. Kdy\u017e se pro n\u011bco rozhodne, je schopna pro to ud\u011blat maximum. Dok\u00e1\u017ee na sob\u011b zamakat. Ale n\u011bkdy je mo\u017en\u00e1 tro\u0161ku tvrdohlav\u00e1 \ud83d\ude0a.<\/p>\n\n\n\n<p><strong>Nominace na MS v&nbsp;Br\u00e9m\u00e1ch <\/strong>(25. \u2013 27. 10.)<strong> \u2013 mu\u017ei, kolov\u00e1: <\/strong>Radek Adam-Tom\u00e1\u0161 Hor\u00e1k, <strong>krasoj\u00edzda, jednotlivci: <\/strong>Jakub Ma\u0161ek, Kry\u0161tof Ne\u010das, <strong>dvojice: <\/strong>Jakub Ma\u0161ek, Tom\u00e1\u0161 Gruna.<\/p>\n\n\n\n<p><strong>\u017deny, kolov\u00e1: <\/strong>Blanka Adamov\u00e1, Veronika Kripnerov\u00e1, <strong>krasoj\u00edzda: <\/strong>Kate\u0159ina Vosi\u010dkov\u00e1.<\/p>\n\n\n\n<p>Foto: archiv Blanky Adamov\u00e9<\/p>\n","protected":false},"excerpt":{"rendered":"<p>V&nbsp;nads\u00e1zce by se jim dalo \u0159\u00edkat Posp\u00ed\u0161ilov\u00e9 v&nbsp;sukn\u00edch\u2026 Veronika Kripnerov\u00e1 a Blanka Adamov\u00e1 se toti\u017e rozhodly n\u00e1sledovat legend\u00e1rn\u00ed dvacetin\u00e1sobn\u00e9 mistry sv\u011bta v&nbsp;kolov\u00e9 i dal\u0161\u00ed \u010desk\u00e9 velik\u00e1ny tohoto sportu a na nadch\u00e1zej\u00edc\u00edm sv\u011btov\u00e9m \u0161ampion\u00e1tu v&nbsp;s\u00e1lov\u00e9 cyklistice v&nbsp;Br\u00e9m\u00e1ch zm\u011bn\u00ed historii. Stanou se prvn\u00edmi \u010desk\u00fdmi \u017eenami, kter\u00e9 budou hr\u00e1t mistrovstv\u00ed sv\u011bta v&nbsp;kolov\u00e9! Jak jste se vlastn\u011b daly dohromady? [&hellip;]<\/p>\n","protected":false},"author":15,"featured_media":32819,"comment_status":"closed","ping_status":"open","sticky":false,"template":"","format":"standard","meta":{"footnotes":""},"categories":[46,2],"tags":[61],"class_list":["post-32815","post","type-post","status-publish","format-standard","has-post-thumbnail","hentry","category-novinky-sportovni-centra","category-novinky","tag-salovka"],"_links":{"self":[{"href":"https:\/\/www.czechcyclingfederation.com\/en\/wp-json\/wp\/v2\/posts\/32815","targetHints":{"allow":["GET"]}}],"collection":[{"href":"https:\/\/www.czechcyclingfederation.com\/en\/wp-json\/wp\/v2\/posts"}],"about":[{"href":"https:\/\/www.czechcyclingfederation.com\/en\/wp-json\/wp\/v2\/types\/post"}],"author":[{"embeddable":true,"href":"https:\/\/www.czechcyclingfederation.com\/en\/wp-json\/wp\/v2\/users\/15"}],"replies":[{"embeddable":true,"href":"https:\/\/www.czechcyclingfederation.com\/en\/wp-json\/wp\/v2\/comments?post=32815"}],"version-history":[{"count":6,"href":"https:\/\/www.czechcyclingfederation.com\/en\/wp-json\/wp\/v2\/posts\/32815\/revisions"}],"predecessor-version":[{"id":32835,"href":"https:\/\/www.czechcyclingfederation.com\/en\/wp-json\/wp\/v2\/posts\/32815\/revisions\/32835"}],"wp:featuredmedia":[{"embeddable":true,"href":"https:\/\/www.czechcyclingfederation.com\/en\/wp-json\/wp\/v2\/media\/32819"}],"wp:attachment":[{"href":"https:\/\/www.czechcyclingfederation.com\/en\/wp-json\/wp\/v2\/media?parent=32815"}],"wp:term":[{"taxonomy":"category","embeddable":true,"href":"https:\/\/www.czechcyclingfederation.com\/en\/wp-json\/wp\/v2\/categories?post=32815"},{"taxonomy":"post_tag","embeddable":true,"href":"https:\/\/www.czechcyclingfederation.com\/en\/wp-json\/wp\/v2\/tags?post=32815"}],"curies":[{"name":"wp","href":"https:\/\/api.w.org\/{rel}","templated":true}]}}