{"id":328,"date":"2020-05-28T03:02:34","date_gmt":"2020-05-28T01:02:34","guid":{"rendered":"http:\/\/www.czechcyclingfederation.com\/?p=328"},"modified":"2020-07-16T13:41:09","modified_gmt":"2020-07-16T11:41:09","slug":"trenuj-s-repre-trial-5-dil-vasek-kolar","status":"publish","type":"post","link":"https:\/\/www.czechcyclingfederation.com\/en\/trenuj-s-repre-trial-5-dil-vasek-kolar\/","title":{"rendered":"Tr\u00e9nuj s repre TRIAL &#8211; 5. d\u00edl Va\u0161ek Kol\u00e1\u0159"},"content":{"rendered":"\n<p>Dne\u0161n\u00edm hostem projektu \u201eTr\u00e9nuj s repre TRIAL\u201c je Va\u0161ek Kol\u00e1\u0159 \u201cVasha\u201d!<\/p>\n\n\n\n<p>Dne\u0161n\u00edm sv\u00e1te\u010dn\u00edm dnem v\u00e1s v projektu Tr\u00e9nuj s repre provede Va\u0161ek Kol\u00e1\u0159, kter\u00fd pat\u0159\u00ed k nejlep\u0161\u00edm \u010desk\u00fdm reprezentant\u016fm v Trialu.<\/p>\n\n\n\n<figure><iframe src=\"https:\/\/www.instagram.com\/tv\/B_opnQLnCWG\/embed\/captioned\/?cr=1&amp;v=12&amp;wp=1080&amp;rd=http%3A%2F%2Fwww.ceskysvazcyklistiky.cz&amp;rp=%2Fclanek%2F7386_trenuj-s-repre-trial-5-dil-vasek-kolar#%7B%22ci%22%3A0%2C%22os%22%3A383%2C%22ls%22%3A368%2C%22le%22%3A377%7D\" allowfullscreen=\"true\" height=\"1275\"><\/iframe><\/figure>\n","protected":false},"excerpt":{"rendered":"<p>Dne\u0161n\u00edm hostem projektu \u201eTr\u00e9nuj s repre TRIAL\u201c je Va\u0161ek Kol\u00e1\u0159 \u201cVasha\u201d! Dne\u0161n\u00edm sv\u00e1te\u010dn\u00edm dnem v\u00e1s v projektu Tr\u00e9nuj s repre provede Va\u0161ek Kol\u00e1\u0159, kter\u00fd pat\u0159\u00ed k nejlep\u0161\u00edm \u010desk\u00fdm reprezentant\u016fm v Trialu.<\/p>\n","protected":false},"author":1,"featured_media":330,"comment_status":"closed","ping_status":"open","sticky":false,"template":"","format":"standard","meta":{"footnotes":""},"categories":[2],"tags":[64],"class_list":["post-328","post","type-post","status-publish","format-standard","has-post-thumbnail","hentry","category-novinky","tag-trial"],"_links":{"self":[{"href":"https:\/\/www.czechcyclingfederation.com\/en\/wp-json\/wp\/v2\/posts\/328","targetHints":{"allow":["GET"]}}],"collection":[{"href":"https:\/\/www.czechcyclingfederation.com\/en\/wp-json\/wp\/v2\/posts"}],"about":[{"href":"https:\/\/www.czechcyclingfederation.com\/en\/wp-json\/wp\/v2\/types\/post"}],"author":[{"embeddable":true,"href":"https:\/\/www.czechcyclingfederation.com\/en\/wp-json\/wp\/v2\/users\/1"}],"replies":[{"embeddable":true,"href":"https:\/\/www.czechcyclingfederation.com\/en\/wp-json\/wp\/v2\/comments?post=328"}],"version-history":[{"count":1,"href":"https:\/\/www.czechcyclingfederation.com\/en\/wp-json\/wp\/v2\/posts\/328\/revisions"}],"predecessor-version":[{"id":329,"href":"https:\/\/www.czechcyclingfederation.com\/en\/wp-json\/wp\/v2\/posts\/328\/revisions\/329"}],"wp:featuredmedia":[{"embeddable":true,"href":"https:\/\/www.czechcyclingfederation.com\/en\/wp-json\/wp\/v2\/media\/330"}],"wp:attachment":[{"href":"https:\/\/www.czechcyclingfederation.com\/en\/wp-json\/wp\/v2\/media?parent=328"}],"wp:term":[{"taxonomy":"category","embeddable":true,"href":"https:\/\/www.czechcyclingfederation.com\/en\/wp-json\/wp\/v2\/categories?post=328"},{"taxonomy":"post_tag","embeddable":true,"href":"https:\/\/www.czechcyclingfederation.com\/en\/wp-json\/wp\/v2\/tags?post=328"}],"curies":[{"name":"wp","href":"https:\/\/api.w.org\/{rel}","templated":true}]}}