{"id":32767,"date":"2024-10-20T20:25:50","date_gmt":"2024-10-20T18:25:50","guid":{"rendered":"https:\/\/www.czechcyclingfederation.com\/?p=32767"},"modified":"2024-10-21T06:16:57","modified_gmt":"2024-10-21T04:16:57","slug":"adam-krenek-vybojoval-na-drahovem-ms-nejlepsi-cesky-vysledek","status":"publish","type":"post","link":"https:\/\/www.czechcyclingfederation.com\/en\/adam-krenek-vybojoval-na-drahovem-ms-nejlepsi-cesky-vysledek\/","title":{"rendered":"Adam K\u0159enek vybojoval na dr\u00e1hov\u00e9m MS nejlep\u0161\u00ed \u010desk\u00fd v\u00fdsledek"},"content":{"rendered":"\n<p>V z\u00e1v\u011bre\u010dn\u00fd den sv\u011btov\u00e9ho dr\u00e1hov\u00e9ho \u0161ampion\u00e1tu v d\u00e1nsk\u00e9m Ballerupu vybojoval nejlep\u0161\u00ed \u010desk\u00fd v\u00fdsledek na cel\u00e9m mistrovstv\u00ed <strong>Adam K\u0159enek<\/strong>. Ve vylu\u010dovac\u00edm z\u00e1vod\u011b se dr\u017eel hodn\u011b state\u010dn\u011b a nakonec obsadil velmi dobr\u00e9 sedm\u00e9 m\u00edsto.<\/p>\n\n\n\n<figure class=\"wp-block-image size-large\"><img loading=\"lazy\" decoding=\"async\" width=\"1024\" height=\"773\" src=\"https:\/\/www.czechcyclingfederation.com\/wp-content\/uploads\/2024\/10\/Krenek-ELM_1775-1024x773.jpg\" alt=\"\" class=\"wp-image-32768\" srcset=\"https:\/\/www.czechcyclingfederation.com\/wp-content\/uploads\/2024\/10\/Krenek-ELM_1775-1024x773.jpg 1024w, https:\/\/www.czechcyclingfederation.com\/wp-content\/uploads\/2024\/10\/Krenek-ELM_1775-265x200.jpg 265w, https:\/\/www.czechcyclingfederation.com\/wp-content\/uploads\/2024\/10\/Krenek-ELM_1775-768x580.jpg 768w, https:\/\/www.czechcyclingfederation.com\/wp-content\/uploads\/2024\/10\/Krenek-ELM_1775-1536x1160.jpg 1536w, https:\/\/www.czechcyclingfederation.com\/wp-content\/uploads\/2024\/10\/Krenek-ELM_1775-2048x1547.jpg 2048w, https:\/\/www.czechcyclingfederation.com\/wp-content\/uploads\/2024\/10\/Krenek-ELM_1775-1320x997.jpg 1320w\" sizes=\"auto, (max-width: 1024px) 100vw, 1024px\" \/><\/figure>\n\n\n\n<p><em>\u201eM\u00e1m z toho obrovskou radost. Po p\u0159\u00edletu jsem trochu bojoval s nemoc\u00ed, byl jsem nachlazen\u00fd, m\u011bl jsem zv\u00fd\u0161enou teplotu a p\u0159ed bodova\u010dkou jsem se nec\u00edtil v\u016fbec dob\u0159e. Velk\u00fd d\u00edk pat\u0159\u00ed pan\u00ed doktorce (Radka Bartovi\u010dov\u00e1 \u2013 pozn. red.). Ta n\u00e1s tady v\u0161echny, kte\u0159\u00ed jsme byli nachlazen\u00ed, nemocn\u00ed, zachr\u00e1nila. Dnes u\u017e jsem se c\u00edtil v\u00fdrazn\u011b l\u00edp ne\u017e p\u0159ed bodova\u010dkou a mysl\u00edm, \u017ee to bylo i vid\u011bt. Nechal jsem tam maximum a s top ten jsme spokojen\u00fd, bylo to nad o\u010dek\u00e1v\u00e1n\u00ed,\u201c<\/em> \u0159ekl Adam K\u0159enek.<\/p>\n\n\n\n<p>Dvojice \u00fasp\u011b\u0161n\u00fdch reprezentant\u016f z olympijsk\u00fdch her <strong>Denis Rugovac a Jan Vone\u0161<\/strong> v madisonu tentokr\u00e1t na nejlep\u0161\u00ed nesta\u010dila a obsadila11. m\u00edsto. V prvn\u00edch \u0161esti bodovan\u00fdch spurtech byli jednou t\u0159et\u00ed a dvakr\u00e1t \u010dtvrt\u00ed, ale pak ji\u017e dal\u0161\u00ed body nep\u0159idali a ztr\u00e1ta okruhu znamenala konec nad\u011bj\u00ed na prvn\u00ed des\u00edtku. <em>\u201eSezona u\u017e byla dlouh\u00e1, nem\u011bli jsme na to. V podstat\u011b se bal\u00edk rozd\u011blil na dv\u011b skupiny. Na olympi\u00e1d\u011b jsme byli trochu lep\u0161\u00ed, jezdili jsme v prvn\u00ed skupin\u011b a zezadu se k n\u00e1m vraceli. Te\u010f se to oto\u010dilo a byli jsme v hor\u0161\u00ed skupin\u011b,\u201c <\/em>p\u0159iznal Denis Rugovac.<\/p>\n\n\n\n<figure class=\"wp-block-image size-large\"><img loading=\"lazy\" decoding=\"async\" width=\"1024\" height=\"663\" src=\"https:\/\/www.czechcyclingfederation.com\/wp-content\/uploads\/2024\/10\/Vones-Rugovac-ELM_1998-1024x663.jpg\" alt=\"\" class=\"wp-image-32770\" srcset=\"https:\/\/www.czechcyclingfederation.com\/wp-content\/uploads\/2024\/10\/Vones-Rugovac-ELM_1998-1024x663.jpg 1024w, https:\/\/www.czechcyclingfederation.com\/wp-content\/uploads\/2024\/10\/Vones-Rugovac-ELM_1998-300x194.jpg 300w, https:\/\/www.czechcyclingfederation.com\/wp-content\/uploads\/2024\/10\/Vones-Rugovac-ELM_1998-768x497.jpg 768w, https:\/\/www.czechcyclingfederation.com\/wp-content\/uploads\/2024\/10\/Vones-Rugovac-ELM_1998-1536x995.jpg 1536w, https:\/\/www.czechcyclingfederation.com\/wp-content\/uploads\/2024\/10\/Vones-Rugovac-ELM_1998-2048x1326.jpg 2048w, https:\/\/www.czechcyclingfederation.com\/wp-content\/uploads\/2024\/10\/Vones-Rugovac-ELM_1998-1320x855.jpg 1320w\" sizes=\"auto, (max-width: 1024px) 100vw, 1024px\" \/><\/figure>\n\n\n\n<p><strong>Veronika Jaborn\u00edkov\u00e1 <\/strong>postoupila ze t\u0159et\u00ed j\u00edzdy v keirinu, ve \u010dtvrtfin\u00e1lov\u00e9 j\u00edzd\u011b bohu\u017eel dojela na p\u00e1t\u00e9m prvn\u00edm nepostupov\u00e9m m\u00edst\u011b a to ji za\u0159adilo na 13. m\u00edsto kone\u010dn\u00e9ho po\u0159ad\u00ed. <em>\u201eNohy jsem ur\u010dit\u011b dnes m\u011bla, by\u0165 jsem na keirin extra neladila, ale natr\u00e9nov\u00e1no bylo dob\u0159e. Keirin je v\u0161ak nevyzpytateln\u00fd. Kdy\u017e se na j\u00edzdu kouknu, tak v\u00edm, \u017ee bych to t\u0159eba ud\u011blala jinak, ale to se takhle po j\u00edzd\u011b \u0159ekne lehko,\u201c <\/em>l\u00ed\u010dila po z\u00e1vod\u011b Veronika Jaborn\u00edkov\u00e1.<\/p>\n\n\n\n<figure class=\"wp-block-image size-large\"><img loading=\"lazy\" decoding=\"async\" width=\"1024\" height=\"727\" src=\"https:\/\/www.czechcyclingfederation.com\/wp-content\/uploads\/2024\/10\/V.-Jabornikova-ELM_1510-1024x727.jpg\" alt=\"\" class=\"wp-image-32772\" srcset=\"https:\/\/www.czechcyclingfederation.com\/wp-content\/uploads\/2024\/10\/V.-Jabornikova-ELM_1510-1024x727.jpg 1024w, https:\/\/www.czechcyclingfederation.com\/wp-content\/uploads\/2024\/10\/V.-Jabornikova-ELM_1510-282x200.jpg 282w, https:\/\/www.czechcyclingfederation.com\/wp-content\/uploads\/2024\/10\/V.-Jabornikova-ELM_1510-768x545.jpg 768w, https:\/\/www.czechcyclingfederation.com\/wp-content\/uploads\/2024\/10\/V.-Jabornikova-ELM_1510-1536x1090.jpg 1536w, https:\/\/www.czechcyclingfederation.com\/wp-content\/uploads\/2024\/10\/V.-Jabornikova-ELM_1510-2048x1454.jpg 2048w, https:\/\/www.czechcyclingfederation.com\/wp-content\/uploads\/2024\/10\/V.-Jabornikova-ELM_1510-1320x937.jpg 1320w\" sizes=\"auto, (max-width: 1024px) 100vw, 1024px\" \/><\/figure>\n\n\n\n<p><strong>Jarmila Macha\u010dov\u00e1<\/strong> v bodovac\u00edm z\u00e1vod\u011b obsadila 19. m\u00edsto, nav\u00edc se zranila. \u201e<em>V z\u00e1v\u011bru m\u011bla p\u00e1d. Nevid\u011bl jsem to, ale n\u011bkdo ji zezadu nabral co\u017e bohu\u017eel \u010dlov\u011bk neovlivn\u00ed, je to\u00a0 sm\u016fla. M\u00e1 zlomenou kl\u00ed\u010dn\u00ed kost, asi n\u011bjak\u00e1 \u017eebra, dost velk\u00e1 nep\u0159\u00edjemnost,\u201c<\/em> \u0159ekl tren\u00e9r <strong>Milan Kadlec<\/strong>.<\/p>\n\n\n\n<figure class=\"wp-block-image size-large\"><img loading=\"lazy\" decoding=\"async\" width=\"1024\" height=\"708\" src=\"https:\/\/www.czechcyclingfederation.com\/wp-content\/uploads\/2024\/10\/Machacova-ELM_1708-1024x708.jpg\" alt=\"\" class=\"wp-image-32774\" srcset=\"https:\/\/www.czechcyclingfederation.com\/wp-content\/uploads\/2024\/10\/Machacova-ELM_1708-1024x708.jpg 1024w, https:\/\/www.czechcyclingfederation.com\/wp-content\/uploads\/2024\/10\/Machacova-ELM_1708-289x200.jpg 289w, https:\/\/www.czechcyclingfederation.com\/wp-content\/uploads\/2024\/10\/Machacova-ELM_1708-768x531.jpg 768w, https:\/\/www.czechcyclingfederation.com\/wp-content\/uploads\/2024\/10\/Machacova-ELM_1708-1536x1062.jpg 1536w, https:\/\/www.czechcyclingfederation.com\/wp-content\/uploads\/2024\/10\/Machacova-ELM_1708-2048x1416.jpg 2048w, https:\/\/www.czechcyclingfederation.com\/wp-content\/uploads\/2024\/10\/Machacova-ELM_1708-1320x913.jpg 1320w\" sizes=\"auto, (max-width: 1024px) 100vw, 1024px\" \/><\/figure>\n\n\n\n<p>Nizozemsk\u00fd sprinter Harrie Lavreysen po p\u00e1te\u010dn\u00edm zlatu v z\u00e1vodu na 1 km s pevn\u00fdm startem, kter\u00fdm se osamostatnil na \u010dele z\u00edskan\u00fdch sv\u011btov\u00fdch titul\u016f, na z\u00e1v\u011br MS svoji bilanci je\u0161t\u011b vylep\u0161il dal\u0161\u00edm triumfem, kdy\u017e nejlep\u0161\u00ed byl ve sprintu. Ve fin\u00e1lov\u00e9 j\u00edzd\u011b si jasn\u011b dvakr\u00e1t poradil se sv\u00fdm velk\u00fdm rivalem, krajanem Jeffrey Hooglandem.<\/p>\n\n\n\n<p>Op\u011bt se radovali dom\u00e1c\u00ed d\u00e1n\u0161t\u00ed p\u0159\u00edznivci. Na nejvy\u0161\u0161\u00ed stupe\u0148 vystoupila v bodovac\u00edm z\u00e1vodu Julie Lethov\u00e1 a dal\u0161\u00ed zlato p\u0159idal do dom\u00e1c\u00ed sb\u00edrky ve vylu\u010dovac\u00edm z\u00e1vod\u011b mu\u017e\u016f Tobias Hansen. Nejlep\u0161\u00ed v keirinu \u017een byla Mina Satov\u00e1 z Japonska.<\/p>\n\n\n\n<p>V\u00fdsledky:<\/p>\n\n\n\n<p><strong>Mu\u017ei:, sprint, fin\u00e1le: <\/strong>Lavreysen &#8211; Hoogland (oba Niz.) 2:0, o 3. m\u00edsto: Kaija (Jap.) &#8211; Paul (Trin. a Tob.) 2:0, &#8230; <strong>21. \u010cechman<\/strong> (\u010cR).<\/p>\n\n\n\n<p><strong>Vylu\u010dovac\u00ed z\u00e1vod: <\/strong>1. Hansen (D\u00e1n.), 2. Viviani (It.), 3. Bibic (Kan.), &#8230; <strong>7. K\u0159enek <\/strong>(\u010cR).<\/p>\n\n\n\n<p><strong>Madison: <\/strong>1. N\u011bmecko (Roger Kluge, Tim Tom Teutengerg) 79, 2. Belgie (de Vylder, van den Bossche) 60, 3. D\u00e1nsko (Larsen, Mork\u00f6v) 59, &#8230;<strong>11. \u010cR (Rugovac, Vone\u0161)<\/strong> -16.<\/p>\n\n\n\n<p><\/p>\n\n\n\n<p><strong>\u017deny, bodovac\u00ed z\u00e1vod:<\/strong> 1. Lethov\u00e1 (D\u00e1n.) 43, 2. Kopecky (Belg.) 40, 3. Gillespieov\u00e1 (Ir.) 39, &#8230;<strong>19. Macha\u010dov\u00e1 <\/strong>(\u010cR) 0.<\/p>\n\n\n\n<p><strong>Keirin: <\/strong>1. Satov\u00e1 (Jap.), 2. van de Wouwov\u00e1 (Niz.), 3. Marchantov\u00e1 (Brit.), &#8230;<strong>13. V. Jaborn\u00edkov\u00e1<\/strong> (\u010cR).<\/p>\n\n\n\n<p>FOTO Martin Straka<\/p>\n","protected":false},"excerpt":{"rendered":"<p>V z\u00e1v\u011bre\u010dn\u00fd den sv\u011btov\u00e9ho dr\u00e1hov\u00e9ho \u0161ampion\u00e1tu v d\u00e1nsk\u00e9m Ballerupu vybojoval nejlep\u0161\u00ed \u010desk\u00fd v\u00fdsledek na cel\u00e9m mistrovstv\u00ed Adam K\u0159enek. Ve vylu\u010dovac\u00edm z\u00e1vod\u011b se dr\u017eel hodn\u011b state\u010dn\u011b a nakonec obsadil velmi dobr\u00e9 sedm\u00e9 m\u00edsto. \u201eM\u00e1m z toho obrovskou radost. Po p\u0159\u00edletu jsem trochu bojoval s nemoc\u00ed, byl jsem nachlazen\u00fd, m\u011bl jsem zv\u00fd\u0161enou teplotu a p\u0159ed bodova\u010dkou jsem [&hellip;]<\/p>\n","protected":false},"author":8,"featured_media":32776,"comment_status":"closed","ping_status":"open","sticky":false,"template":"","format":"standard","meta":{"footnotes":""},"categories":[54,2,46],"tags":[],"class_list":["post-32767","post","type-post","status-publish","format-standard","has-post-thumbnail","hentry","category-draha","category-novinky","category-novinky-sportovni-centra"],"_links":{"self":[{"href":"https:\/\/www.czechcyclingfederation.com\/en\/wp-json\/wp\/v2\/posts\/32767","targetHints":{"allow":["GET"]}}],"collection":[{"href":"https:\/\/www.czechcyclingfederation.com\/en\/wp-json\/wp\/v2\/posts"}],"about":[{"href":"https:\/\/www.czechcyclingfederation.com\/en\/wp-json\/wp\/v2\/types\/post"}],"author":[{"embeddable":true,"href":"https:\/\/www.czechcyclingfederation.com\/en\/wp-json\/wp\/v2\/users\/8"}],"replies":[{"embeddable":true,"href":"https:\/\/www.czechcyclingfederation.com\/en\/wp-json\/wp\/v2\/comments?post=32767"}],"version-history":[{"count":3,"href":"https:\/\/www.czechcyclingfederation.com\/en\/wp-json\/wp\/v2\/posts\/32767\/revisions"}],"predecessor-version":[{"id":32781,"href":"https:\/\/www.czechcyclingfederation.com\/en\/wp-json\/wp\/v2\/posts\/32767\/revisions\/32781"}],"wp:featuredmedia":[{"embeddable":true,"href":"https:\/\/www.czechcyclingfederation.com\/en\/wp-json\/wp\/v2\/media\/32776"}],"wp:attachment":[{"href":"https:\/\/www.czechcyclingfederation.com\/en\/wp-json\/wp\/v2\/media?parent=32767"}],"wp:term":[{"taxonomy":"category","embeddable":true,"href":"https:\/\/www.czechcyclingfederation.com\/en\/wp-json\/wp\/v2\/categories?post=32767"},{"taxonomy":"post_tag","embeddable":true,"href":"https:\/\/www.czechcyclingfederation.com\/en\/wp-json\/wp\/v2\/tags?post=32767"}],"curies":[{"name":"wp","href":"https:\/\/api.w.org\/{rel}","templated":true}]}}