{"id":32749,"date":"2024-10-19T21:36:02","date_gmt":"2024-10-19T19:36:02","guid":{"rendered":"https:\/\/www.czechcyclingfederation.com\/?p=32749"},"modified":"2024-10-20T09:34:40","modified_gmt":"2024-10-20T07:34:40","slug":"ctvrty-den-svetoveho-drahoveho-sampionatu-cesi-bez-vyraznejsiho-uspechu","status":"publish","type":"post","link":"https:\/\/www.czechcyclingfederation.com\/en\/ctvrty-den-svetoveho-drahoveho-sampionatu-cesi-bez-vyraznejsiho-uspechu\/","title":{"rendered":"\u010ctvrt\u00fd den sv\u011btov\u00e9ho dr\u00e1hov\u00e9ho \u0161ampion\u00e1tu \u010ce\u0161i bez v\u00fdrazn\u011bj\u0161\u00edho \u00fasp\u011bchu"},"content":{"rendered":"\n<p>\u010ce\u0161t\u00ed dr\u00e1ha\u0159i na sv\u011btov\u00e9m \u0161ampion\u00e1tu v d\u00e1nsk\u00e9m Ballerupu ve \u010dtvrt\u00fd den sout\u011b\u017e\u00ed na \u017e\u00e1dn\u00fd v\u00fdrazn\u00fd \u00fasp\u011bch nedos\u00e1hli. Do boj\u016f zas\u00e1hlo kvarteto na\u0161ich cyklist\u016f a nejlep\u0161\u00edho v\u00fdsledku dos\u00e1hly <strong>Petra \u0160ev\u010d\u00edkov\u00e1<\/strong> spolu s <strong>Gabrielou B\u00e1rtovou<\/strong>, kter\u00e9 v madisonu skon\u010dily na 14. m\u00edst\u011b.<\/p>\n\n\n\n<p><em>&#8220;\u00dapln\u011b podle p\u0159edstav to rozhodn\u011b nebylo. Bojovaly jsme, ale na\u0161\u00ed pozi\u010dn\u00ed chybou jsme si zavinily m\u00ednus dvacet bod\u016f. Pot\u00e9 jsme se chytily do \u00faniku a vypadalo to, \u017ee tu ztr\u00e1tu sma\u017eeme, ale nastoupily Angli\u010danky a ty n\u00e1m to zma\u0159ily. Jednou jsem nedok\u00e1zaly dob\u0159e vyst\u0159\u00eddat, hodily jsme to trochu pozd\u011bji a pak jsme se jen sna\u017eily to doj\u00ed\u017ed\u011bt,&#8221;<\/em> p\u0159iznala nespokojenost se z\u00e1vodem Petra \u0160ev\u010d\u00edkov\u00e1.<\/p>\n\n\n\n<figure class=\"wp-block-image size-large\"><img loading=\"lazy\" decoding=\"async\" width=\"871\" height=\"1024\" src=\"https:\/\/www.czechcyclingfederation.com\/wp-content\/uploads\/2024\/10\/ELM_1297-871x1024.jpg\" alt=\"\" class=\"wp-image-32752\" srcset=\"https:\/\/www.czechcyclingfederation.com\/wp-content\/uploads\/2024\/10\/ELM_1297-871x1024.jpg 871w, https:\/\/www.czechcyclingfederation.com\/wp-content\/uploads\/2024\/10\/ELM_1297-170x200.jpg 170w, https:\/\/www.czechcyclingfederation.com\/wp-content\/uploads\/2024\/10\/ELM_1297-768x903.jpg 768w, https:\/\/www.czechcyclingfederation.com\/wp-content\/uploads\/2024\/10\/ELM_1297-1307x1536.jpg 1307w, https:\/\/www.czechcyclingfederation.com\/wp-content\/uploads\/2024\/10\/ELM_1297-1742x2048.jpg 1742w, https:\/\/www.czechcyclingfederation.com\/wp-content\/uploads\/2024\/10\/ELM_1297-1320x1551.jpg 1320w\" sizes=\"auto, (max-width: 871px) 100vw, 871px\" \/><\/figure>\n\n\n\n<p><strong>Martin \u010cechman<\/strong> zajel v kvalifikaci sprinter\u016f dvac\u00e1t\u00fd \u010das 9,917 \u010d\u00edm\u017e se sice kvalifikoval do vylu\u010dovac\u00edch boj\u016f, ale hned v prvn\u00edm kole mu stopku vystavil v prvn\u00edm kole Vasilijusl Lendel z Litvy. <strong>Jan Vone\u0161 <\/strong>nedok\u00e1zal nav\u00e1zat na olympijsk\u00e9 vystoupen\u00ed z Pa\u0159\u00ed\u017ee a v omniu obsadil a\u017e \u0161estn\u00e1ctou pozici.\u00a0<\/p>\n\n\n\n<p><em>\u201eHonza uk\u00e1zal na olympi\u00e1d\u011b dvan\u00e1ct\u00fdm m\u00edstem, \u017ee omnium um\u00ed. Nikdo z na\u0161ich z\u00e1vodn\u00edk\u016f v\u00fdrazn\u011b l\u00edp nejezdil, ur\u010dit\u00e1 kvalita tam je, ale sezona byla extr\u00e9mn\u011b dlouh\u00e1. T\u011b\u017eko se lze zlobit na kluky, \u017ee ten v\u00fdsledek poka\u017ed\u00e9 nevyjde. Tentokr\u00e1t chyb\u011blo trochu \u0161t\u011bst\u00ed\u010dka i kondice,&#8221;<\/em> \u0159ekl tren\u00e9r <strong>Milan Kadlec <\/strong>na adresu Jana Vone\u0161e.<\/p>\n\n\n\n<p><em>\u201eMarty jel s Lendelem na Evrop\u011b j\u00edzdu, kterou o kousek prohr\u00e1l, byl v\u00edcem\u00e9n\u011b ve stejn\u00e9 situaci jako tady. J\u00edzdu jsme m\u011bli nastudovanou, taky ho zn\u00e1me, \u017ee jezd\u00ed takhle a sna\u017eili jsme se ho dostat n\u011bjak\u00fdm zp\u016fsobem pod tlak. Byl ale lep\u0161\u00ed v\u00fdkonnostn\u011b,&#8221; <\/em>\u0159ekl k j\u00edzd\u011b sprintera Martina \u010cechmana tren\u00e9r <strong>Petr Klime\u0161.<\/strong><\/p>\n\n\n\n<figure class=\"wp-block-image size-large\"><img loading=\"lazy\" decoding=\"async\" width=\"1024\" height=\"786\" src=\"https:\/\/www.czechcyclingfederation.com\/wp-content\/uploads\/2024\/10\/ELM_1171-1024x786.jpg\" alt=\"\" class=\"wp-image-32754\" srcset=\"https:\/\/www.czechcyclingfederation.com\/wp-content\/uploads\/2024\/10\/ELM_1171-1024x786.jpg 1024w, https:\/\/www.czechcyclingfederation.com\/wp-content\/uploads\/2024\/10\/ELM_1171-260x200.jpg 260w, https:\/\/www.czechcyclingfederation.com\/wp-content\/uploads\/2024\/10\/ELM_1171-768x590.jpg 768w, https:\/\/www.czechcyclingfederation.com\/wp-content\/uploads\/2024\/10\/ELM_1171-1536x1179.jpg 1536w, https:\/\/www.czechcyclingfederation.com\/wp-content\/uploads\/2024\/10\/ELM_1171-2048x1572.jpg 2048w, https:\/\/www.czechcyclingfederation.com\/wp-content\/uploads\/2024\/10\/ELM_1171-1320x1013.jpg 1320w\" sizes=\"auto, (max-width: 1024px) 100vw, 1024px\" \/><\/figure>\n\n\n\n<figure class=\"wp-block-image size-large\"><img loading=\"lazy\" decoding=\"async\" width=\"1024\" height=\"752\" src=\"https:\/\/www.czechcyclingfederation.com\/wp-content\/uploads\/2024\/10\/ELM_1149-1024x752.jpg\" alt=\"\" class=\"wp-image-32756\" srcset=\"https:\/\/www.czechcyclingfederation.com\/wp-content\/uploads\/2024\/10\/ELM_1149-1024x752.jpg 1024w, https:\/\/www.czechcyclingfederation.com\/wp-content\/uploads\/2024\/10\/ELM_1149-272x200.jpg 272w, https:\/\/www.czechcyclingfederation.com\/wp-content\/uploads\/2024\/10\/ELM_1149-768x564.jpg 768w, https:\/\/www.czechcyclingfederation.com\/wp-content\/uploads\/2024\/10\/ELM_1149-1536x1128.jpg 1536w, https:\/\/www.czechcyclingfederation.com\/wp-content\/uploads\/2024\/10\/ELM_1149-2048x1503.jpg 2048w, https:\/\/www.czechcyclingfederation.com\/wp-content\/uploads\/2024\/10\/ELM_1149-1320x969.jpg 1320w\" sizes=\"auto, (max-width: 1024px) 100vw, 1024px\" \/><\/figure>\n\n\n\n<p class=\"has-medium-font-size\"><strong>V\u00fdsledky:<\/strong><\/p>\n\n\n\n<p><strong>\u017deny:<\/strong><\/p>\n\n\n\n<p><strong>500 m s pevn\u00fdm startem: <\/strong>1. Burlakov\u00e1 (Rus.) 32,863, 2. Capwellov\u00e1 +0,147, 3. Marchantov\u00e1 (ob\u011b Brit.) +0,256.<\/p>\n\n\n\n<p><strong>Madison: <\/strong>1. Dideriksenov\u00e1, Lehtov\u00e1 (D\u00e1n.) 46, 2. Berteauov\u00e1, Borrasov\u00e1 (Fr.) 43, 3. Evansov\u00e1, Archibaldov\u00e1 (Brit.) 42, &#8230;<strong>14. \u0160ev\u010d\u00edkov\u00e1, B\u00e1rtov\u00e1 <\/strong>(\u010cR) -38.<\/p>\n\n\n\n<p><strong>St\u00edhac\u00ed z\u00e1vod, fin\u00e1le: <\/strong>Morrisov\u00e1 (Brit.) 3:16,560 &#8211; Dygertov\u00e1 (USA) 3:16,877, o 3. m\u00edsto: Bothaov\u00e1 (N. Z\u00e9l.) 3:21,086 &#8211; Brausseov\u00e1 (N\u011bm.) 3:24,620.<\/p>\n\n\n\n<p>Mu\u017ei:<\/p>\n\n\n\n<p><strong>Omnium: <\/strong>1. de Vylder (Belg.) 150, 2. Consoni (It.) 148, 3. Dorenbor (Niz.) 128, &#8230;<strong>16. Vone\u0161 <\/strong>(\u010cR) 25.<\/p>\n\n\n\n<p>FOTO Martin Straka<\/p>\n","protected":false},"excerpt":{"rendered":"<p>\u010ce\u0161t\u00ed dr\u00e1ha\u0159i na sv\u011btov\u00e9m \u0161ampion\u00e1tu v d\u00e1nsk\u00e9m Ballerupu ve \u010dtvrt\u00fd den sout\u011b\u017e\u00ed na \u017e\u00e1dn\u00fd v\u00fdrazn\u00fd \u00fasp\u011bch nedos\u00e1hli. Do boj\u016f zas\u00e1hlo kvarteto na\u0161ich cyklist\u016f a nejlep\u0161\u00edho v\u00fdsledku dos\u00e1hly Petra \u0160ev\u010d\u00edkov\u00e1 spolu s Gabrielou B\u00e1rtovou, kter\u00e9 v madisonu skon\u010dily na 14. m\u00edst\u011b. &#8220;\u00dapln\u011b podle p\u0159edstav to rozhodn\u011b nebylo. Bojovaly jsme, ale na\u0161\u00ed pozi\u010dn\u00ed chybou jsme si zavinily [&hellip;]<\/p>\n","protected":false},"author":8,"featured_media":32750,"comment_status":"closed","ping_status":"open","sticky":false,"template":"","format":"standard","meta":{"footnotes":""},"categories":[54,2],"tags":[9],"class_list":["post-32749","post","type-post","status-publish","format-standard","has-post-thumbnail","hentry","category-draha","category-novinky","tag-draha"],"_links":{"self":[{"href":"https:\/\/www.czechcyclingfederation.com\/en\/wp-json\/wp\/v2\/posts\/32749","targetHints":{"allow":["GET"]}}],"collection":[{"href":"https:\/\/www.czechcyclingfederation.com\/en\/wp-json\/wp\/v2\/posts"}],"about":[{"href":"https:\/\/www.czechcyclingfederation.com\/en\/wp-json\/wp\/v2\/types\/post"}],"author":[{"embeddable":true,"href":"https:\/\/www.czechcyclingfederation.com\/en\/wp-json\/wp\/v2\/users\/8"}],"replies":[{"embeddable":true,"href":"https:\/\/www.czechcyclingfederation.com\/en\/wp-json\/wp\/v2\/comments?post=32749"}],"version-history":[{"count":5,"href":"https:\/\/www.czechcyclingfederation.com\/en\/wp-json\/wp\/v2\/posts\/32749\/revisions"}],"predecessor-version":[{"id":32766,"href":"https:\/\/www.czechcyclingfederation.com\/en\/wp-json\/wp\/v2\/posts\/32749\/revisions\/32766"}],"wp:featuredmedia":[{"embeddable":true,"href":"https:\/\/www.czechcyclingfederation.com\/en\/wp-json\/wp\/v2\/media\/32750"}],"wp:attachment":[{"href":"https:\/\/www.czechcyclingfederation.com\/en\/wp-json\/wp\/v2\/media?parent=32749"}],"wp:term":[{"taxonomy":"category","embeddable":true,"href":"https:\/\/www.czechcyclingfederation.com\/en\/wp-json\/wp\/v2\/categories?post=32749"},{"taxonomy":"post_tag","embeddable":true,"href":"https:\/\/www.czechcyclingfederation.com\/en\/wp-json\/wp\/v2\/tags?post=32749"}],"curies":[{"name":"wp","href":"https:\/\/api.w.org\/{rel}","templated":true}]}}