{"id":32728,"date":"2024-10-18T22:23:04","date_gmt":"2024-10-18T20:23:04","guid":{"rendered":"https:\/\/www.czechcyclingfederation.com\/?p=32728"},"modified":"2024-10-19T06:58:49","modified_gmt":"2024-10-19T04:58:49","slug":"sevcikova-na-ms-v-dansku-desata-v-omniu","status":"publish","type":"post","link":"https:\/\/www.czechcyclingfederation.com\/en\/sevcikova-na-ms-v-dansku-desata-v-omniu\/","title":{"rendered":"\u0160ev\u010d\u00edkov\u00e1 na MS v\u00a0D\u00e1nsku des\u00e1t\u00e1 v\u00a0omniu"},"content":{"rendered":"\n<p><strong>Petra \u0160ev\u010d\u00edkov\u00e1<\/strong> obsadila des\u00e1t\u00e9 m\u00edsto v\u00a0omniu na sv\u011btov\u00e9m \u0161ampion\u00e1tu v\u00a0dr\u00e1hov\u00e9 cyklistice v\u00a0d\u00e1nsk\u00e9m Ballerupu. Zajela tak sv\u016fj nejlep\u0161\u00ed v\u00fdsledek na mistrovstv\u00ed sv\u011bta v\u00a0kari\u00e9\u0159e.<\/p>\n\n\n\n<figure class=\"wp-block-image size-large\"><img loading=\"lazy\" decoding=\"async\" width=\"1024\" height=\"985\" src=\"https:\/\/www.czechcyclingfederation.com\/wp-content\/uploads\/2024\/10\/sevcikova-4-1024x985.jpg\" alt=\"\" class=\"wp-image-32738\" srcset=\"https:\/\/www.czechcyclingfederation.com\/wp-content\/uploads\/2024\/10\/sevcikova-4-1024x985.jpg 1024w, https:\/\/www.czechcyclingfederation.com\/wp-content\/uploads\/2024\/10\/sevcikova-4-208x200.jpg 208w, https:\/\/www.czechcyclingfederation.com\/wp-content\/uploads\/2024\/10\/sevcikova-4-768x739.jpg 768w, https:\/\/www.czechcyclingfederation.com\/wp-content\/uploads\/2024\/10\/sevcikova-4.jpg 1247w\" sizes=\"auto, (max-width: 1024px) 100vw, 1024px\" \/><\/figure>\n\n\n\n<p>\u010cty\u0159iadvacetilet\u00e1 z\u00e1vodnice Dukly Praha vstoupila do olympijsk\u00e9 discipl\u00edny omnium skv\u011ble, kdy\u017e v&nbsp;\u00favodn\u00edm scratchi obsadila t\u0159et\u00ed m\u00edsto z&nbsp;24 startuj\u00edc\u00edch. V&nbsp;tempo race byla \u010desk\u00e1 reprezentantka 14. a po dvou discipl\u00edn\u00e1ch j\u00ed pat\u0159ilo pr\u016fb\u011b\u017en\u00e9 osm\u00e9 m\u00edsto. Stejn\u011b na tom byla po t\u0159et\u00ed vylu\u010dova\u010dce, kde skon\u010dila dev\u00e1t\u00e1.<\/p>\n\n\n\n<figure class=\"wp-block-image size-large\"><img loading=\"lazy\" decoding=\"async\" width=\"1024\" height=\"705\" src=\"https:\/\/www.czechcyclingfederation.com\/wp-content\/uploads\/2024\/10\/sevcikova-3-1024x705.jpg\" alt=\"\" class=\"wp-image-32733\" srcset=\"https:\/\/www.czechcyclingfederation.com\/wp-content\/uploads\/2024\/10\/sevcikova-3-1024x705.jpg 1024w, https:\/\/www.czechcyclingfederation.com\/wp-content\/uploads\/2024\/10\/sevcikova-3-290x200.jpg 290w, https:\/\/www.czechcyclingfederation.com\/wp-content\/uploads\/2024\/10\/sevcikova-3-768x529.jpg 768w, https:\/\/www.czechcyclingfederation.com\/wp-content\/uploads\/2024\/10\/sevcikova-3-1536x1058.jpg 1536w, https:\/\/www.czechcyclingfederation.com\/wp-content\/uploads\/2024\/10\/sevcikova-3-2048x1411.jpg 2048w, https:\/\/www.czechcyclingfederation.com\/wp-content\/uploads\/2024\/10\/sevcikova-3-1320x909.jpg 1320w\" sizes=\"auto, (max-width: 1024px) 100vw, 1024px\" \/><\/figure>\n\n\n\n<p>V&nbsp;z\u00e1v\u011bre\u010dn\u00e9m bodovac\u00edm z\u00e1vod\u011b u\u017e \u0160ev\u010d\u00edkov\u00e9 trochu chyb\u011bly s\u00edly, na body nedos\u00e1hla, ale i tak z&nbsp;toho bylo v\u00fdborn\u00e9 des\u00e1t\u00e9 m\u00edsto v&nbsp;omniu. Jeho hv\u011bzdou byla Novoz\u00e9lan\u010fanka Ally Wollastonov\u00e1, kter\u00e1 po \u010dtvrte\u010dn\u00edm triumfu ve vylu\u010dovac\u00edm z\u00e1vod\u011b brala druh\u00e9 zlato. Celkem u\u017e je to na tomto MS jej\u00ed t\u0159et\u00ed medaile, proto\u017ee m\u00e1 je\u0161t\u011b bronz ve scratchi.<\/p>\n\n\n\n<p><em>\u201eHodnot\u00edm to kladn\u011b. Samoz\u0159ejm\u011b tam bylo p\u00e1r chyb, chyb\u011blo mi trochu sil v bodova\u010dce. Zhodnotili jsme s Milanem Kadlecem tak, \u017ee del\u0161\u00ed omnia, kter\u00e9 trvaj\u00ed t\u0159eba sedm hodin, mi jdou o trochu h\u016f\u0159 ne\u017e ta, kter\u00e1 \u010dlov\u011bk sm\u00e1zne ve t\u0159ech hodin\u00e1ch. Jsem r\u00e1da, \u017ee jsem bojovala o top ten. I kdy\u017e jsem vstupovala do bodova\u010dky na osm\u00e9 pozici, vid\u011bla jsem, \u017ee se \u0160v\u00fdcarkou, kter\u00e1 m\u011b nakonec p\u0159esko\u010dila, jsem nemohla dr\u017eet krok, byla siln\u011bj\u0161\u00ed. Tak\u017ee jsem r\u00e1da, \u017ee m\u011b porazil n\u011bkdo siln\u011bj\u0161\u00ed a neud\u011blala jsem chybu,&#8221; <\/em>\u0159ekla \u0160ev\u010d\u00edkov\u00e1.<\/p>\n\n\n\n<figure class=\"wp-block-image size-large\"><img loading=\"lazy\" decoding=\"async\" width=\"1024\" height=\"753\" src=\"https:\/\/www.czechcyclingfederation.com\/wp-content\/uploads\/2024\/10\/sevcikova-2-2-1024x753.jpg\" alt=\"\" class=\"wp-image-32740\" srcset=\"https:\/\/www.czechcyclingfederation.com\/wp-content\/uploads\/2024\/10\/sevcikova-2-2-1024x753.jpg 1024w, https:\/\/www.czechcyclingfederation.com\/wp-content\/uploads\/2024\/10\/sevcikova-2-2-272x200.jpg 272w, https:\/\/www.czechcyclingfederation.com\/wp-content\/uploads\/2024\/10\/sevcikova-2-2-768x565.jpg 768w, https:\/\/www.czechcyclingfederation.com\/wp-content\/uploads\/2024\/10\/sevcikova-2-2-1536x1130.jpg 1536w, https:\/\/www.czechcyclingfederation.com\/wp-content\/uploads\/2024\/10\/sevcikova-2-2-2048x1507.jpg 2048w, https:\/\/www.czechcyclingfederation.com\/wp-content\/uploads\/2024\/10\/sevcikova-2-2-1320x971.jpg 1320w\" sizes=\"auto, (max-width: 1024px) 100vw, 1024px\" \/><\/figure>\n\n\n\n<p class=\"has-medium-font-size\"><strong>Mal\u00e1\u0161ek i Topinka v osobn\u00edch rekordech<\/strong><\/p>\n\n\n\n<p><strong>Jakub Mal\u00e1\u0161ek<\/strong> obsadil na kilometru s pevn\u00fdm startem 11. m\u00edsto (1:00,951), <strong>Dominik Topinka <\/strong>byl 13. (1:01,223). I kdy\u017e oba zajeli nad svoje mo\u017enosti, mezi fin\u00e1lovou osmi\u010dku nepostoupili.<\/p>\n\n\n\n<p><em>\u201eKuba si ud\u011blal osob\u00e1k o hodn\u011b, jel fakt skv\u011ble. Klobouk dol\u016f p\u0159ed n\u00edm i p\u0159ed Dominikem, proto\u017ee se tr\u00e1p\u00ed s nemoc\u00ed. A\u017e do rann\u00edch hodin jsme zva\u017eovali, zda m\u00e1 v\u016fbec startovat, jestli je to dobr\u00fd n\u00e1pad pro jeho zdrav\u00ed. Nakonec se rozhodl, \u017ee ano a ve fi\u00e1le z toho byl taky super \u010das, osobn\u00ed rekord. Oce\u0148uji, \u017ee to v sob\u011b p\u0159ekonal a dal to,\u201c<\/em> hodnotil v\u00fdkony reprezenta\u010dn\u00ed tren\u00e9r sprinter\u016f <strong>Petr Klime\u0161.<\/strong><\/p>\n\n\n\n<figure class=\"wp-block-image size-large\"><img loading=\"lazy\" decoding=\"async\" width=\"1024\" height=\"722\" src=\"https:\/\/www.czechcyclingfederation.com\/wp-content\/uploads\/2024\/10\/topinka-1024x722.jpg\" alt=\"\" class=\"wp-image-32735\" srcset=\"https:\/\/www.czechcyclingfederation.com\/wp-content\/uploads\/2024\/10\/topinka-1024x722.jpg 1024w, https:\/\/www.czechcyclingfederation.com\/wp-content\/uploads\/2024\/10\/topinka-284x200.jpg 284w, https:\/\/www.czechcyclingfederation.com\/wp-content\/uploads\/2024\/10\/topinka-768x542.jpg 768w, https:\/\/www.czechcyclingfederation.com\/wp-content\/uploads\/2024\/10\/topinka-1536x1083.jpg 1536w, https:\/\/www.czechcyclingfederation.com\/wp-content\/uploads\/2024\/10\/topinka-2048x1444.jpg 2048w, https:\/\/www.czechcyclingfederation.com\/wp-content\/uploads\/2024\/10\/topinka-1320x931.jpg 1320w\" sizes=\"auto, (max-width: 1024px) 100vw, 1024px\" \/><\/figure>\n\n\n\n<p><strong>Adam K\u0159enek <\/strong>bral v&nbsp;bodovac\u00edm z\u00e1vod\u011b 14. m\u00edsto z&nbsp;24 startuj\u00edc\u00edch, kdy\u017e v&nbsp;\u00favodu z\u00e1vodu z\u00edskal \u010dty\u0159i body, ale d\u00e1l u\u017e vy\u0161el napr\u00e1zdno. Titul vybojoval v&nbsp;dramatick\u00e9m fin\u00e1le \u0160pan\u011bl <strong>Sebastian Mora Vedri<\/strong> d\u00edky bodov\u00e9 porci v&nbsp;posledn\u00edm sprintu a o bod p\u0159edstihl D\u00e1na <strong>Niklase Larsena.<\/strong><\/p>\n\n\n\n<p>Mu\u017eskou st\u00edha\u010dku jednotlivc\u016f vyhr\u00e1l p\u0159i ne\u00fa\u010dasti hv\u011bzdn\u00e9ho Itala Filippa Ganny jeho krajan <strong>Jonathan Milan<\/strong>. Titul mistra sv\u011bta nav\u00edc vy\u0161perkoval nov\u00fdm sv\u011btov\u00fdm rekordem, jeho\u017e nov\u00e1 hodnota je nyn\u00ed 3:59,153.<\/p>\n\n\n\n<p class=\"has-medium-font-size\"><strong>V\u00fdsledky<\/strong><\/p>\n\n\n\n<p><strong>Mu\u017ei, bodovac\u00ed z\u00e1vod: <\/strong>1. Mora Vedri (\u0160p.) 70, 2. Larsen (D\u00e1n.) 69, 3. Heijnen (Niz.) 65, \u2026 <strong>14. K\u0159enek (\u010cR) <\/strong>4.<\/p>\n\n\n\n<p><strong>St\u00edhac\u00ed z\u00e1vod jednotlivc\u016f, fin\u00e1le: <\/strong>Milan (It.) 3:59,153 \u2013 Charlton (Brit.) 4:00,232, <strong>o 3. m\u00edsto: <\/strong>Bigham 4:03,807 \u2013 Tanfield (oba Brit.) 4:08,499.<\/p>\n\n\n\n<p><strong>1 km s\u00a0pevn\u00fdm startem:<\/strong> 1. Lavreysen 57,321, 2. Hoogland (oba Niz.) +0,931, 3. Truman (Brit.) +1,348, \u2026 <strong>11. Mal\u00e1\u0161ek, 13. Topinka <\/strong>(oba \u010cR).<\/p>\n\n\n\n<p><strong>\u017deny, omnium:<\/strong> 1. Wollastonov\u00e1 (N. Z\u00e9l.) 131, 2. Robertsov\u00e1 (Brit.) 119, 3. Stenbergov\u00e1 (Nor.) 110, \u2026 <strong>10. \u0160ev\u010d\u00edkov\u00e1 (\u010cR) <\/strong>74.<\/p>\n\n\n\n<p><strong>Sprint, fin\u00e1le: <\/strong>Finucaneov\u00e1 (Brit.) \u2013 van de Wouwov\u00e1 (Niz.) 2:0, <strong>o 3.m\u00edsto:<\/strong> Satoov\u00e1 (Jap.) \u2013 Capewellov\u00e1 (Brit.) 2:0, \u2026 <strong>24. Jaborn\u00edkov\u00e1 <\/strong>(\u010cR).<\/p>\n\n\n\n<p>Foto: Martin Straka<\/p>\n","protected":false},"excerpt":{"rendered":"<p>Petra \u0160ev\u010d\u00edkov\u00e1 obsadila des\u00e1t\u00e9 m\u00edsto v\u00a0omniu na sv\u011btov\u00e9m \u0161ampion\u00e1tu v\u00a0dr\u00e1hov\u00e9 cyklistice v\u00a0d\u00e1nsk\u00e9m Ballerupu. Zajela tak sv\u016fj nejlep\u0161\u00ed v\u00fdsledek na mistrovstv\u00ed sv\u011bta v\u00a0kari\u00e9\u0159e. \u010cty\u0159iadvacetilet\u00e1 z\u00e1vodnice Dukly Praha vstoupila do olympijsk\u00e9 discipl\u00edny omnium skv\u011ble, kdy\u017e v&nbsp;\u00favodn\u00edm scratchi obsadila t\u0159et\u00ed m\u00edsto z&nbsp;24 startuj\u00edc\u00edch. V&nbsp;tempo race byla \u010desk\u00e1 reprezentantka 14. a po dvou discipl\u00edn\u00e1ch j\u00ed pat\u0159ilo pr\u016fb\u011b\u017en\u00e9 osm\u00e9 m\u00edsto. [&hellip;]<\/p>\n","protected":false},"author":15,"featured_media":32729,"comment_status":"closed","ping_status":"open","sticky":false,"template":"","format":"standard","meta":{"footnotes":""},"categories":[2],"tags":[9],"class_list":["post-32728","post","type-post","status-publish","format-standard","has-post-thumbnail","hentry","category-novinky","tag-draha"],"_links":{"self":[{"href":"https:\/\/www.czechcyclingfederation.com\/en\/wp-json\/wp\/v2\/posts\/32728","targetHints":{"allow":["GET"]}}],"collection":[{"href":"https:\/\/www.czechcyclingfederation.com\/en\/wp-json\/wp\/v2\/posts"}],"about":[{"href":"https:\/\/www.czechcyclingfederation.com\/en\/wp-json\/wp\/v2\/types\/post"}],"author":[{"embeddable":true,"href":"https:\/\/www.czechcyclingfederation.com\/en\/wp-json\/wp\/v2\/users\/15"}],"replies":[{"embeddable":true,"href":"https:\/\/www.czechcyclingfederation.com\/en\/wp-json\/wp\/v2\/comments?post=32728"}],"version-history":[{"count":7,"href":"https:\/\/www.czechcyclingfederation.com\/en\/wp-json\/wp\/v2\/posts\/32728\/revisions"}],"predecessor-version":[{"id":32748,"href":"https:\/\/www.czechcyclingfederation.com\/en\/wp-json\/wp\/v2\/posts\/32728\/revisions\/32748"}],"wp:featuredmedia":[{"embeddable":true,"href":"https:\/\/www.czechcyclingfederation.com\/en\/wp-json\/wp\/v2\/media\/32729"}],"wp:attachment":[{"href":"https:\/\/www.czechcyclingfederation.com\/en\/wp-json\/wp\/v2\/media?parent=32728"}],"wp:term":[{"taxonomy":"category","embeddable":true,"href":"https:\/\/www.czechcyclingfederation.com\/en\/wp-json\/wp\/v2\/categories?post=32728"},{"taxonomy":"post_tag","embeddable":true,"href":"https:\/\/www.czechcyclingfederation.com\/en\/wp-json\/wp\/v2\/tags?post=32728"}],"curies":[{"name":"wp","href":"https:\/\/api.w.org\/{rel}","templated":true}]}}