{"id":32723,"date":"2024-10-18T13:27:02","date_gmt":"2024-10-18T11:27:02","guid":{"rendered":"https:\/\/www.czechcyclingfederation.com\/?p=32723"},"modified":"2024-10-18T13:29:03","modified_gmt":"2024-10-18T11:29:03","slug":"skoleni-cyklistickych-rozhodcich-v-prostejove","status":"publish","type":"post","link":"https:\/\/www.czechcyclingfederation.com\/en\/skoleni-cyklistickych-rozhodcich-v-prostejove\/","title":{"rendered":"\u0160kolen\u00ed cyklistick\u00fdch rozhod\u010d\u00edch v Prost\u011bjov\u011b"},"content":{"rendered":"\n<p>I v leto\u0161n\u00edm roce s pov\u011b\u0159en\u00edm \u010cSC upo\u0159\u00e1d\u00e1 Ond\u0159ej Va\u010dk\u00e1\u0159 \u0161kolen\u00ed cyklistick\u00fdch rozhod\u010d\u00edch. Term\u00edn \u0161kolen\u00ed je 8. &#8211; 10. listopadu 2024 v Prost\u011bjov\u011b. Program bude v ji\u017e standardizovan\u00e9m form\u00e1tu s jednou drobnou zm\u011bnou &#8211; sprintersk\u00e9 a \u010dasov\u00e9 dr\u00e1hov\u00e9 discipl\u00edny budeme prob\u00edrat v p\u00e1tek p\u0159ed ofici\u00e1ln\u00edm zah\u00e1jen\u00edm kurzu.<\/p>\n\n\n\n<p>N\u00ed\u017ee p\u0159ilo\u017eenou p\u0159ihl\u00e1\u0161ku zaslat do (co nejd\u0159\u00edve) do 31. \u0159\u00edjna 2024, cena kurzu je 1800 K\u010d, minim\u00e1ln\u00ed po\u010det \u00fa\u010dastn\u00edk\u016f p\u011bt.<\/p>\n\n\n\n<p>P\u0159edb\u011b\u017en\u00fd program &#8211; p\u0159esn\u00fd program bude up\u0159esn\u011bn dle po\u010dtu p\u0159ihl\u00e1\u0161en\u00fdch:<\/p>\n\n\n\n<p>P\u00e1tek 8. 11.<\/p>\n\n\n\n<p>10:00 &#8211; 10:30 &#8211; p\u0159\u00edjezd a prezence &#8220;dr\u00e1ha\u0159\u016f&#8221;<\/p>\n\n\n\n<p>10:30 &#8211; 16:00 &#8211; \u0161kolen\u00ed &#8211; dr\u00e1ha &#8211; sprint + \u010dasov\u00e9 discipl\u00edny<\/p>\n\n\n\n<p>16:00 &#8211; 16:30 &#8211; p\u0159\u00edjezd a prezence &#8220;silni\u010d\u00e1\u0159\u016f&#8221;<\/p>\n\n\n\n<p>17:00 &#8211; 20:00 &#8211; \u0161kolen\u00ed<\/p>\n\n\n\n<p>Sobota: 9. 11.<\/p>\n\n\n\n<p>9:30 &#8211; 18:00 &#8211;&nbsp; \u0161kolen\u00ed<\/p>\n\n\n\n<p>Ned\u011ble 10. 11.<\/p>\n\n\n\n<p>9:30 &#8211; 15:00 &#8211; \u0161kolen\u00ed<\/p>\n\n\n\n<p>cca. 15:00 &#8211; 15:30 &#8211; ukon\u010den\u00ed kurzu<\/p>\n\n\n\n<p>V\u0161em, kte\u0159\u00ed projev\u00ed z\u00e1jem o \u0161kolen\u00ed a po\u0161lou mi zp\u011bt vypln\u011bnou p\u0159ihl\u00e1\u0161ku, po\u0161lu podrobn\u011bj\u0161\u00ed info k pr\u016fb\u011bhu kurzu + podklady, kter\u00e9 by bylo dobr\u00e9 si p\u0159inejmen\u0161\u00edm p\u0159e\u010d\u00edst. D\u00e1le n\u00e1sledn\u011b po\u0161lu odkaz na sd\u00edlenou tabulku s kontakty p\u0159ihl\u00e1\u0161en\u00fdch kv\u016fli p\u0159\u00edpadn\u00e9 synchronizaci dopravy. Byl bych r\u00e1d, pokud by jste mi odpov\u011bd\u011bli a p\u0159ihl\u00e1\u0161ky zaslali v odpov\u011bdi na tento mail: ondra@vackar.cz<\/p>\n\n\n<div class=\"wp-block-file\">\r\n                <a target=\"_blank\" rel=\"noopener\" href=\"https:\/\/www.czechcyclingfederation.com\/wp-content\/uploads\/2024\/10\/Prihlaska-skoleni-rozhodcich-2024.xlsx\" class=\"wp-block-file__button wp-element-button\">\r\n                    <span class=\"wp-block-file__icon\"><\/span>\r\n                    Pr\u030cihla\u0301s\u030cka s\u030ckoleni\u0301 rozhodc\u030ci\u0301ch 2024\r\n                <\/a>\r\n            <\/div>\n\n\n<p><\/p>\n","protected":false},"excerpt":{"rendered":"<p>I v leto\u0161n\u00edm roce s pov\u011b\u0159en\u00edm \u010cSC upo\u0159\u00e1d\u00e1 Ond\u0159ej Va\u010dk\u00e1\u0159 \u0161kolen\u00ed cyklistick\u00fdch rozhod\u010d\u00edch. Term\u00edn \u0161kolen\u00ed je 8. &#8211; 10. listopadu 2024 v Prost\u011bjov\u011b. Program bude v ji\u017e standardizovan\u00e9m form\u00e1tu s jednou drobnou zm\u011bnou &#8211; sprintersk\u00e9 a \u010dasov\u00e9 dr\u00e1hov\u00e9 discipl\u00edny budeme prob\u00edrat v p\u00e1tek p\u0159ed ofici\u00e1ln\u00edm zah\u00e1jen\u00edm kurzu. N\u00ed\u017ee p\u0159ilo\u017eenou p\u0159ihl\u00e1\u0161ku zaslat do (co nejd\u0159\u00edve) do [&hellip;]<\/p>\n","protected":false},"author":8,"featured_media":32391,"comment_status":"closed","ping_status":"open","sticky":false,"template":"","format":"standard","meta":{"footnotes":""},"categories":[2,173],"tags":[174],"class_list":["post-32723","post","type-post","status-publish","format-standard","has-post-thumbnail","hentry","category-novinky","category-vzdelavani","tag-vzdelavani"],"_links":{"self":[{"href":"https:\/\/www.czechcyclingfederation.com\/en\/wp-json\/wp\/v2\/posts\/32723","targetHints":{"allow":["GET"]}}],"collection":[{"href":"https:\/\/www.czechcyclingfederation.com\/en\/wp-json\/wp\/v2\/posts"}],"about":[{"href":"https:\/\/www.czechcyclingfederation.com\/en\/wp-json\/wp\/v2\/types\/post"}],"author":[{"embeddable":true,"href":"https:\/\/www.czechcyclingfederation.com\/en\/wp-json\/wp\/v2\/users\/8"}],"replies":[{"embeddable":true,"href":"https:\/\/www.czechcyclingfederation.com\/en\/wp-json\/wp\/v2\/comments?post=32723"}],"version-history":[{"count":2,"href":"https:\/\/www.czechcyclingfederation.com\/en\/wp-json\/wp\/v2\/posts\/32723\/revisions"}],"predecessor-version":[{"id":32727,"href":"https:\/\/www.czechcyclingfederation.com\/en\/wp-json\/wp\/v2\/posts\/32723\/revisions\/32727"}],"wp:featuredmedia":[{"embeddable":true,"href":"https:\/\/www.czechcyclingfederation.com\/en\/wp-json\/wp\/v2\/media\/32391"}],"wp:attachment":[{"href":"https:\/\/www.czechcyclingfederation.com\/en\/wp-json\/wp\/v2\/media?parent=32723"}],"wp:term":[{"taxonomy":"category","embeddable":true,"href":"https:\/\/www.czechcyclingfederation.com\/en\/wp-json\/wp\/v2\/categories?post=32723"},{"taxonomy":"post_tag","embeddable":true,"href":"https:\/\/www.czechcyclingfederation.com\/en\/wp-json\/wp\/v2\/tags?post=32723"}],"curies":[{"name":"wp","href":"https:\/\/api.w.org\/{rel}","templated":true}]}}