{"id":3272,"date":"2021-01-21T08:30:17","date_gmt":"2021-01-21T07:30:17","guid":{"rendered":"http:\/\/www.czechcyclingfederation.com\/?p=3272"},"modified":"2021-01-21T08:30:17","modified_gmt":"2021-01-21T07:30:17","slug":"overijse-privita-zaverecny-zavod-sp-cyklokrosaru","status":"publish","type":"post","link":"https:\/\/www.czechcyclingfederation.com\/en\/overijse-privita-zaverecny-zavod-sp-cyklokrosaru\/","title":{"rendered":"Overijse p\u0159iv\u00edt\u00e1 z\u00e1v\u011bre\u010dn\u00fd z\u00e1vod SP cyklokrosa\u0159\u016f"},"content":{"rendered":"\n<p>Z\u00e1v\u011bre\u010dn\u00fd z\u00e1vod Sv\u011btov\u00e9ho cyklokrosov\u00e9ho poh\u00e1ru se pojede v ned\u011bli 24. Ledna a hostit jj bude okruh v\u00a0belgick\u00e9m Overijse. Pro v\u011bt\u0161inu startuj\u00edc\u00edch to gener\u00e1lka na v\u011btov\u00fd \u0161ampion\u00e1t, kter\u00fd se pojede p\u0159\u00ed\u0161t\u00ed v\u00edkend v\u00a0dal\u0161\u00edm belgick\u00e9m m\u011bst\u011b Ostende. Reprezenta\u010dn\u00ed kou\u010d Petr Dlask v\u00a0Overijse bude sledovat dev\u00edtku na\u0161ich jezdc\u016f.\u00a0\u00a0<\/p>\n\n\n\n<p>Bohu\u017eel pro koronavirovou pandemii po\u0159adatel\u00e9 op\u011bt zru\u0161ili ml\u00e1de\u017enick\u00e9 kategorie, ale &nbsp;spolu s&nbsp;elitn\u00edmi krosa\u0159i mohou jet i cyklist\u00e9 a cyklistky z&nbsp;kategori\u00ed U23. V&nbsp;z\u00e1vod\u011b \u017een se z&nbsp;\u010desk\u00fdch z\u00e1vodnic p\u0159edstav\u00ed elitn\u00ed Pavla Havl\u00edkova\u00e1 a trio z\u00e1vodnic&nbsp; U23 Tereza Van\u00ed\u010dkov\u00e1, Tereza \u0160vihl\u00e1kov\u00e1 a Elitzabeth Ungermanov\u00e1. Mezi mu\u017ei pojedou eli\u0165\u00e1ci Michael Boro\u0161, Daniel Mayer a trio cyklokrosa\u0159\u016f U23 \u0160imon Van\u00ed\u010dek, Jakub \u0158\u00edman a Robert Hula.<\/p>\n\n\n\n<p>Nejv\u011bt\u0161\u00ed pozornost bude v Overijse up\u0159en na z\u00e1vodu mu\u017e\u016f, rozhodne se v&nbsp;n\u011bm toti\u017e o celkov\u00e9m v\u00edt\u011bzi zkr\u00e1cen\u00e9ho p\u011btid\u00edln\u00e9ho seri\u00e1lu. Nejbl\u00ed\u017ee prvenstv\u00ed je se 125 body Wout van Aert z&nbsp;Belgie, jeho velk\u00fd rival Nizozemec Mathieu van der Poel, kter\u00fd zat\u00edm jel pouze t\u0159i podniky, kdy\u017e v&nbsp;T\u00e1bo\u0159e chyb\u011bl, ztr\u00e1c\u00ed 15 bod\u016f. K&nbsp;celkov\u00e9mu triumfu mus\u00ed van der Poel zv\u00edt\u011bzit a van Aert nesm\u00ed skon\u010dit l\u00e9pe jak t\u0159et\u00ed. T\u0159et\u00ed Belgi\u010dan Michael Vanthourenhout ji\u017e m\u00e1 ztr\u00e1tu vekou a na celkov\u00fd triumf m\u016f\u017ee myslet pouze v&nbsp;teoretick\u00e9 rovin\u011b.<\/p>\n\n\n\n<p>Mezi \u017eenami je o v\u00edt\u011bzce seri\u00e1lu ji\u017e rozhodnuto. Nizozemka Lucinda Brandov\u00e1 m\u00e1 na \u010dele nedosti\u017en\u00fd n\u00e1skok 42 bod\u016f p\u0159ed svoji krajankou Denise Betsemaovou a dal\u0161\u00ed Nizozemka Ceylin del Carmen Alvaradov\u00e1 ztr\u00e1c\u00ed 48 bod\u016f.<\/p>\n\n\n\n<p>A \u010ce\u0161i? Zat\u00edm jedin\u00fdm kdo bodoval je Michal Boro\u0161, pat\u0159\u00ed mu ale v\u0161ak a\u017e 43. m\u00edsto. \u201eP\u0159ed bl\u00ed\u017e\u00edc\u00edm se sv\u011btov\u00fdm \u0161ampion\u00e1tem je nejd\u016fle\u017eit\u011bj\u0161\u00ed, aby na\u0161i jezdci absolvovali n\u011bjak\u00fd z\u00e1vod. Ka\u017ed\u00fd v\u00fdsledek se po\u010d\u00edt\u00e1, ale tentokr\u00e1t jde hlavn\u011b o to, aby mohli z\u00e1vodit,\u201c \u0159ekl Petr Dlask.<\/p>\n\n\n\n<p>Po\u0159ad\u00ed SP p\u0159ed z\u00e1v\u011bre\u010dn\u00fdm z\u00e1vodem:<\/p>\n\n\n\n<p>Mu\u017ei:<\/p>\n\n\n\n<p>1. van Aert (Beg.) 125, 2. M. van der Poel (Niz.) 110, 3. M. Vanthourenhout 106, 4. Toon Aerts 87, 5. Hermans (v\u0161ichni Belg.) 78, 6. van der Haar (Niz.) 73, &#8230;41. Boro\u0161 3.<\/p>\n\n\n\n<p>\u017deny:<\/p>\n\n\n\n<p>1. Brandov\u00e1 150, 2. Betsemaov\u00e1 108, 3. Alvaradov\u00e1 (v\u0161echny Niz.) 102, 4. Vasov\u00e1 (Ma\u010f.) 83, 5. Hinsingerov\u00e1 (USA) 80, 6. Cantov\u00e1 (Belg.) 66.<\/p>\n\n\n\n<p>\u017deny startuj\u00ed v&nbsp;Overijse ve 13:40, mu\u017ei vyraz\u00ed na tra\u0165 v 15:05.&nbsp; \u010cT tentokr\u00e1t p\u0159\u00edm\u00fd p\u0159enos nep\u0159en\u00e1\u0161\u00ed, v&nbsp;pond\u011bl\u00ed p\u0159inese div\u00e1k\u016fm ze z\u00e1znamu z\u00e1vod \u017een od 00:10 a mu\u017e\u016f od&nbsp;01:05.<\/p>\n","protected":false},"excerpt":{"rendered":"<p>Z\u00e1v\u011bre\u010dn\u00fd z\u00e1vod Sv\u011btov\u00e9ho cyklokrosov\u00e9ho poh\u00e1ru se pojede v ned\u011bli 24. Ledna a hostit jj bude okruh v\u00a0belgick\u00e9m Overijse. Pro v\u011bt\u0161inu startuj\u00edc\u00edch to gener\u00e1lka na v\u011btov\u00fd \u0161ampion\u00e1t, kter\u00fd se pojede p\u0159\u00ed\u0161t\u00ed v\u00edkend v\u00a0dal\u0161\u00edm belgick\u00e9m m\u011bst\u011b Ostende. Reprezenta\u010dn\u00ed kou\u010d Petr Dlask v\u00a0Overijse bude sledovat dev\u00edtku na\u0161ich jezdc\u016f.\u00a0\u00a0 Bohu\u017eel pro koronavirovou pandemii po\u0159adatel\u00e9 op\u011bt zru\u0161ili ml\u00e1de\u017enick\u00e9 kategorie, ale [&hellip;]<\/p>\n","protected":false},"author":8,"featured_media":3273,"comment_status":"closed","ping_status":"open","sticky":false,"template":"","format":"standard","meta":{"footnotes":""},"categories":[58,2],"tags":[59],"class_list":["post-3272","post","type-post","status-publish","format-standard","has-post-thumbnail","hentry","category-cyklokros","category-novinky","tag-cyklokros"],"_links":{"self":[{"href":"https:\/\/www.czechcyclingfederation.com\/en\/wp-json\/wp\/v2\/posts\/3272","targetHints":{"allow":["GET"]}}],"collection":[{"href":"https:\/\/www.czechcyclingfederation.com\/en\/wp-json\/wp\/v2\/posts"}],"about":[{"href":"https:\/\/www.czechcyclingfederation.com\/en\/wp-json\/wp\/v2\/types\/post"}],"author":[{"embeddable":true,"href":"https:\/\/www.czechcyclingfederation.com\/en\/wp-json\/wp\/v2\/users\/8"}],"replies":[{"embeddable":true,"href":"https:\/\/www.czechcyclingfederation.com\/en\/wp-json\/wp\/v2\/comments?post=3272"}],"version-history":[{"count":1,"href":"https:\/\/www.czechcyclingfederation.com\/en\/wp-json\/wp\/v2\/posts\/3272\/revisions"}],"predecessor-version":[{"id":3274,"href":"https:\/\/www.czechcyclingfederation.com\/en\/wp-json\/wp\/v2\/posts\/3272\/revisions\/3274"}],"wp:featuredmedia":[{"embeddable":true,"href":"https:\/\/www.czechcyclingfederation.com\/en\/wp-json\/wp\/v2\/media\/3273"}],"wp:attachment":[{"href":"https:\/\/www.czechcyclingfederation.com\/en\/wp-json\/wp\/v2\/media?parent=3272"}],"wp:term":[{"taxonomy":"category","embeddable":true,"href":"https:\/\/www.czechcyclingfederation.com\/en\/wp-json\/wp\/v2\/categories?post=3272"},{"taxonomy":"post_tag","embeddable":true,"href":"https:\/\/www.czechcyclingfederation.com\/en\/wp-json\/wp\/v2\/tags?post=3272"}],"curies":[{"name":"wp","href":"https:\/\/api.w.org\/{rel}","templated":true}]}}