{"id":32669,"date":"2024-10-16T21:17:50","date_gmt":"2024-10-16T19:17:50","guid":{"rendered":"https:\/\/www.czechcyclingfederation.com\/?p=32669"},"modified":"2024-10-16T21:58:55","modified_gmt":"2024-10-16T19:58:55","slug":"sevcikova-patnacta-ve-scratchi-cesky-tym-ve-sprintu-desaty","status":"publish","type":"post","link":"https:\/\/www.czechcyclingfederation.com\/en\/sevcikova-patnacta-ve-scratchi-cesky-tym-ve-sprintu-desaty\/","title":{"rendered":"\u0160ev\u010d\u00edkov\u00e1 patn\u00e1ct\u00e1 ve scratchi, \u010desk\u00fd t\u00fdm ve sprintu des\u00e1t\u00fd"},"content":{"rendered":"\n<p><strong>Petra \u0160ev\u010d\u00edkov\u00e1<\/strong> p\u0159edvedla v&nbsp;discipl\u00edn\u011b scratch na \u00favod mistrovstv\u00ed sv\u011bta dr\u00e1ha\u0159\u016f v&nbsp;d\u00e1nsk\u00e9m Ballerupu solidn\u00ed v\u00fdkon, kdy\u017e byla po cel\u00fd z\u00e1vod nesm\u00edrn\u011b aktivn\u00ed, ale bohu\u017eel se nikomu nepoda\u0159ilo odsko\u010dit a po 40 kolech rozhodoval a\u017e z\u00e1v\u011bre\u010dn\u00fd spurt. A v&nbsp;n\u011bm brala \u010desk\u00e1 reprezentantka 15. m\u00edsto z&nbsp;24 startuj\u00edc\u00edch. Zopakovala tak sv\u016fj v\u00fdsledek z&nbsp;lo\u0148sk\u00e9ho MS.<\/p>\n\n\n\n<figure class=\"wp-block-image size-large\"><img loading=\"lazy\" decoding=\"async\" width=\"1024\" height=\"724\" src=\"https:\/\/www.czechcyclingfederation.com\/wp-content\/uploads\/2024\/10\/sevcikova-2-1024x724.jpg\" alt=\"\" class=\"wp-image-32679\" srcset=\"https:\/\/www.czechcyclingfederation.com\/wp-content\/uploads\/2024\/10\/sevcikova-2-1024x724.jpg 1024w, https:\/\/www.czechcyclingfederation.com\/wp-content\/uploads\/2024\/10\/sevcikova-2-283x200.jpg 283w, https:\/\/www.czechcyclingfederation.com\/wp-content\/uploads\/2024\/10\/sevcikova-2-768x543.jpg 768w, https:\/\/www.czechcyclingfederation.com\/wp-content\/uploads\/2024\/10\/sevcikova-2-1536x1086.jpg 1536w, https:\/\/www.czechcyclingfederation.com\/wp-content\/uploads\/2024\/10\/sevcikova-2-2048x1447.jpg 2048w, https:\/\/www.czechcyclingfederation.com\/wp-content\/uploads\/2024\/10\/sevcikova-2-1320x933.jpg 1320w\" sizes=\"auto, (max-width: 1024px) 100vw, 1024px\" \/><\/figure>\n\n\n\n<p>Z\u00e1vodnice Dukly Praha jela celou dobu v\u00fdborn\u011b pozi\u010dn\u011b a \u010dasto se pohybovala na \u010dele. Ale fin\u00e1le se nevyv\u00edjelo tak, jak by pot\u0159ebovala a sedlo vylo\u017een\u011b rychlostn\u00edm typ\u016fm. A t\u00edm je i velk\u00e1 hv\u011bzda sv\u011btov\u00e9 cyklistiky, excelentn\u00ed nizozemsk\u00e1 silni\u010d\u00e1\u0159ka <strong>Lorena Wiebesov\u00e1<\/strong> z&nbsp;Nizozemska. Jen letos vyhr\u00e1la 22 z\u00e1vod\u016f na silnici, na dr\u00e1ze jela prvn\u00ed ofici\u00e1ln\u00ed z\u00e1vod v&nbsp;sezon\u011b a\u017e nyn\u00ed a hned brala zlato.<\/p>\n\n\n\n<p><em>\u201ePetra jela z\u00e1vod v duchu toho, \u017ee se cht\u011bla v\u00edc prosadit takov\u00fdm sv\u00fdm zp\u016fsobem z\u00e1vod\u011bn\u00ed. V\u00a0podstat\u011b byla u v\u0161eho a pak j\u00ed to chyb\u011blo v koncovce, tak to n\u011bkdy je. Pozi\u010dn\u00ed j\u00edzdu m\u00e1 v\u00fdbornou. V z\u00e1v\u011bru m\u011bla dobrou pozici, ale kdy\u017e \u010dlov\u011bk natref\u00ed na rychlej\u0161\u00ed lidi, tak se samoz\u0159ejm\u011b ned\u00e1 nic d\u011blat,\u201c<\/em> komentoval v\u00fdkon \u0160ev\u010d\u00edkov\u00e9 tren\u00e9r st\u00edha\u010d\u016f <strong>Milan Kadlec<\/strong>.<\/p>\n\n\n\n<figure class=\"wp-block-image size-large\"><img loading=\"lazy\" decoding=\"async\" width=\"1024\" height=\"789\" src=\"https:\/\/www.czechcyclingfederation.com\/wp-content\/uploads\/2024\/10\/sevcikova-1-1024x789.jpg\" alt=\"\" class=\"wp-image-32681\" srcset=\"https:\/\/www.czechcyclingfederation.com\/wp-content\/uploads\/2024\/10\/sevcikova-1-1024x789.jpg 1024w, https:\/\/www.czechcyclingfederation.com\/wp-content\/uploads\/2024\/10\/sevcikova-1-259x200.jpg 259w, https:\/\/www.czechcyclingfederation.com\/wp-content\/uploads\/2024\/10\/sevcikova-1-768x592.jpg 768w, https:\/\/www.czechcyclingfederation.com\/wp-content\/uploads\/2024\/10\/sevcikova-1-1536x1184.jpg 1536w, https:\/\/www.czechcyclingfederation.com\/wp-content\/uploads\/2024\/10\/sevcikova-1-2048x1579.jpg 2048w, https:\/\/www.czechcyclingfederation.com\/wp-content\/uploads\/2024\/10\/sevcikova-1-1320x1018.jpg 1320w\" sizes=\"auto, (max-width: 1024px) 100vw, 1024px\" \/><\/figure>\n\n\n\n<p>V\u00a0kvalifikaci t\u00fdmov\u00e9ho sprintu obsadilo \u010desk\u00e9 triko <strong>Martin \u010cechman, Dominik Topinka, Mat\u011bj Bohusl\u00e1vek<\/strong> \u010dasem 44,245 des\u00e1t\u00e9 m\u00edsto a od postupu do dal\u0161\u00edch boj\u016f mezi nejlep\u0161\u00ed osmi\u010dku je d\u011blilo osm setin.<\/p>\n\n\n\n<figure class=\"wp-block-image size-large\"><img loading=\"lazy\" decoding=\"async\" width=\"1024\" height=\"735\" src=\"https:\/\/www.czechcyclingfederation.com\/wp-content\/uploads\/2024\/10\/Cechman-Bohuslavek-Topinka-1024x735.jpg\" alt=\"\" class=\"wp-image-32684\" srcset=\"https:\/\/www.czechcyclingfederation.com\/wp-content\/uploads\/2024\/10\/Cechman-Bohuslavek-Topinka-1024x735.jpg 1024w, https:\/\/www.czechcyclingfederation.com\/wp-content\/uploads\/2024\/10\/Cechman-Bohuslavek-Topinka-279x200.jpg 279w, https:\/\/www.czechcyclingfederation.com\/wp-content\/uploads\/2024\/10\/Cechman-Bohuslavek-Topinka-768x551.jpg 768w, https:\/\/www.czechcyclingfederation.com\/wp-content\/uploads\/2024\/10\/Cechman-Bohuslavek-Topinka-1536x1103.jpg 1536w, https:\/\/www.czechcyclingfederation.com\/wp-content\/uploads\/2024\/10\/Cechman-Bohuslavek-Topinka-2048x1470.jpg 2048w, https:\/\/www.czechcyclingfederation.com\/wp-content\/uploads\/2024\/10\/Cechman-Bohuslavek-Topinka-1320x947.jpg 1320w\" sizes=\"auto, (max-width: 1024px) 100vw, 1024px\" \/><\/figure>\n\n\n\n<p><em>\u201eCht\u011bli jsme b\u00fdt do osmi, chyb\u011bla n\u00e1m k tomu desetina a v\u017edy o to v\u00edc mrz\u00ed, kdy\u017e je to tak bl\u00edzko. Ale m\u011bli jsme tro\u0161ku pot\u00ed\u017ee, Dominik m\u011bl zlomenou kl\u00ed\u010dn\u00ed kost, Martin byl dlouho nemocn\u00fd, tak\u017ee p\u0159\u00edpravu jsme k tomu nem\u011bli ide\u00e1ln\u00ed, ale i tak mysl\u00edm, \u017ee s ostudou neodj\u00ed\u017ed\u00edme,\u201c <\/em>uvedl tren\u00e9r sprinter\u016f <strong>Petr Klime\u0161.<\/strong><\/p>\n\n\n\n<p><em>\u201eSituace se mus\u00ed br\u00e1t, jak\u00e1 je. Kluci jsou v sou\u010dasn\u00e9 dob\u011b jen t\u0159i, kte\u0159\u00ed to mohou jet, \u010dek\u00e1me, a\u017e n\u011bkdo z mlad\u0161\u00ed generace dos\u00e1hne t\u00e9 v\u00fdkonnosti, abychom mohli n\u011bkoho vyst\u0159\u00eddat. Kdy\u017e je \u010dlov\u011bk z\u00e1visl\u00fd na t\u0159ech lidech, mus\u00ed m\u00edt den D, aby se v\u0161echno se\u0161lo,&#8221;<\/em> dodal tren\u00e9r.<\/p>\n\n\n\n<p><strong>V\u00fdsledky \u2013 mu\u017ei, t\u00fdmov\u00fd sprint, fin\u00e1le: <\/strong>Nizozemsko (Hoogland, Lavreysen, van den Berg) 42,046 \u2013 Austr\u00e1lie (Cornish, Elliot, Hoffman) 42,673, <strong>o 3. m\u00edsto: <\/strong>Japonsko 42,877 \u2013 V. Brit\u00e1nie 43,322, \u2026 <strong>10. \u010cR (\u010cechman, Topinka, Bohusl\u00e1vek)<\/strong> nepostoupili z\u00a0kvalifikace.<\/p>\n\n\n\n<p><strong>\u017deny, t\u00fdmov\u00fd sprint, fin\u00e1le: <\/strong>V. Brit\u00e1nie (Capewellov\u00e1, Finucaneov\u00e1, Marchantov\u00e1)45,949 \u2013 Nizozemsko (Kaleeov\u00e1, van De Wouwov\u00e1, van Der Peetov\u00e1) 46,593, <strong>o 3. m\u00edsto:<\/strong> Austr\u00e1lie 47,358 \u2013 N\u011bmecko 48,188.<\/p>\n\n\n\n<p><strong>Scratch: <\/strong>1. Wiebesov\u00e1 (Niz.), 2. Valenteov\u00e1 (USA), 3. Wollastonov\u00e1 (N. Z\u00e9l.), \u2026 <strong>15. \u0160ev\u010d\u00edkov\u00e1 (\u010cR).<\/strong><\/p>\n\n\n\n<p>Foto: Martin Straka<\/p>\n","protected":false},"excerpt":{"rendered":"<p>Petra \u0160ev\u010d\u00edkov\u00e1 p\u0159edvedla v&nbsp;discipl\u00edn\u011b scratch na \u00favod mistrovstv\u00ed sv\u011bta dr\u00e1ha\u0159\u016f v&nbsp;d\u00e1nsk\u00e9m Ballerupu solidn\u00ed v\u00fdkon, kdy\u017e byla po cel\u00fd z\u00e1vod nesm\u00edrn\u011b aktivn\u00ed, ale bohu\u017eel se nikomu nepoda\u0159ilo odsko\u010dit a po 40 kolech rozhodoval a\u017e z\u00e1v\u011bre\u010dn\u00fd spurt. A v&nbsp;n\u011bm brala \u010desk\u00e1 reprezentantka 15. m\u00edsto z&nbsp;24 startuj\u00edc\u00edch. Zopakovala tak sv\u016fj v\u00fdsledek z&nbsp;lo\u0148sk\u00e9ho MS. Z\u00e1vodnice Dukly Praha jela celou [&hellip;]<\/p>\n","protected":false},"author":15,"featured_media":32677,"comment_status":"closed","ping_status":"open","sticky":false,"template":"","format":"standard","meta":{"footnotes":""},"categories":[2],"tags":[9],"class_list":["post-32669","post","type-post","status-publish","format-standard","has-post-thumbnail","hentry","category-novinky","tag-draha"],"_links":{"self":[{"href":"https:\/\/www.czechcyclingfederation.com\/en\/wp-json\/wp\/v2\/posts\/32669","targetHints":{"allow":["GET"]}}],"collection":[{"href":"https:\/\/www.czechcyclingfederation.com\/en\/wp-json\/wp\/v2\/posts"}],"about":[{"href":"https:\/\/www.czechcyclingfederation.com\/en\/wp-json\/wp\/v2\/types\/post"}],"author":[{"embeddable":true,"href":"https:\/\/www.czechcyclingfederation.com\/en\/wp-json\/wp\/v2\/users\/15"}],"replies":[{"embeddable":true,"href":"https:\/\/www.czechcyclingfederation.com\/en\/wp-json\/wp\/v2\/comments?post=32669"}],"version-history":[{"count":7,"href":"https:\/\/www.czechcyclingfederation.com\/en\/wp-json\/wp\/v2\/posts\/32669\/revisions"}],"predecessor-version":[{"id":32697,"href":"https:\/\/www.czechcyclingfederation.com\/en\/wp-json\/wp\/v2\/posts\/32669\/revisions\/32697"}],"wp:featuredmedia":[{"embeddable":true,"href":"https:\/\/www.czechcyclingfederation.com\/en\/wp-json\/wp\/v2\/media\/32677"}],"wp:attachment":[{"href":"https:\/\/www.czechcyclingfederation.com\/en\/wp-json\/wp\/v2\/media?parent=32669"}],"wp:term":[{"taxonomy":"category","embeddable":true,"href":"https:\/\/www.czechcyclingfederation.com\/en\/wp-json\/wp\/v2\/categories?post=32669"},{"taxonomy":"post_tag","embeddable":true,"href":"https:\/\/www.czechcyclingfederation.com\/en\/wp-json\/wp\/v2\/tags?post=32669"}],"curies":[{"name":"wp","href":"https:\/\/api.w.org\/{rel}","templated":true}]}}