{"id":3266,"date":"2021-01-20T08:46:59","date_gmt":"2021-01-20T07:46:59","guid":{"rendered":"http:\/\/www.czechcyclingfederation.com\/?p=3266"},"modified":"2021-01-20T14:34:16","modified_gmt":"2021-01-20T13:34:16","slug":"v-motole-se-zrejme-uskutecni-drahovy-sampionat","status":"publish","type":"post","link":"https:\/\/www.czechcyclingfederation.com\/en\/v-motole-se-zrejme-uskutecni-drahovy-sampionat\/","title":{"rendered":"V Motole se uskute\u010dn\u00ed dr\u00e1hov\u00fd \u0161ampion\u00e1t, pokud dostane v\u00fdjimku"},"content":{"rendered":"\n<p>Ve dnech 8. \u2013 10. \u00fanora by se v\u00a0pra\u017esk\u00e9 hale v\u00a0Motole m\u011blo uskute\u010dnit p\u0159esunut\u00e9 mistrovstv\u00ed \u010cesk\u00e9 republiky \u2013 \u0160koda \u010cesk\u00fd poh\u00e1r 2021. V tuto chv\u00edli prob\u00edh\u00e1 posuzov\u00e1n\u00ed \u017e\u00e1dosti o ud\u011blen\u00ed v\u00fdjimky pro po\u0159\u00e1d\u00e1n\u00ed t\u00e9to akce. \u017d\u00e1dost p\u0159edlo\u017eil \u010cSC prost\u0159ednictv\u00edm N\u00e1rodn\u00ed sportovn\u00ed agentury k posouzen\u00ed hlavn\u00ed hygieni\u010dce \u010cR.<\/p>\n\n\n\n<p>\u201ePokud se v\u0161e poda\u0159\u00ed, tak z\u00e1vod bude v ka\u017ed\u00e9m p\u0159\u00edpad\u011b bez div\u00e1k\u016f, pouze s nejnutn\u011bj\u0161\u00edm person\u00e1lem a za dodr\u017een\u00ed v\u0161ech hygienick\u00fdch podm\u00ednek. Definitivn\u00ed potvrzen\u00ed bude a\u017e po schv\u00e1len\u00ed a ud\u011blen\u00ed v\u00fdjimky.<\/p>\n\n\n\n<p>I kdy\u017e situace se z\u00e1vody je d\u00edky covidov\u00e9 pandemii slo\u017eit\u00e1, dr\u00e1ha se nevzd\u00e1v\u00e1 a body do UCI rankingu pot\u0159ebn\u00e9 ke kvalifikaci na Sv\u011btov\u00e9 poh\u00e1ry a mistrovstv\u00ed sv\u011bta usiluje. V \u0161ampion\u00e1tu, kter\u00fd se m\u011bl uskute\u010dnit v&nbsp;prosinci lo\u0148sk\u00e9ho roku, budou na programu kategorie vytrvalc\u016f elite mu\u017e\u016f, \u017een a vybran\u00fdch junior\u016f a juniorek.<\/p>\n\n\n\n<p>Propozice najdete na: https:\/\/data.ceskysvazcyklistiky.cz\/kalendar\/zavod&#8230;<\/p>\n\n\n\n<p>\u010cesk\u00e1 televize bude p\u0159\u00edtomna a p\u0159iprav\u00ed t\u0159icetiminutov\u00fd sest\u0159ih, tak\u017ee o to nejd\u016fle\u017eit\u011bj\u0161\u00ed ze \u0161ampion\u00e1tu nep\u0159ijdete. O medaile budou \u017eeny a juniorky bojovat v&nbsp;z\u00e1vodech v&nbsp;elimina\u010dn\u00edm z\u00e1vodu, madisonu, omniu a mu\u017ei s&nbsp;vybran\u00fdmi juniory v&nbsp;elimina\u010dn\u00edm z\u00e1vodu, bodovac\u00edm z\u00e1vodu jednotlivc\u016f, st\u00edhac\u00edm z\u00e1vodu &nbsp;jednotlivc\u016f, st\u00edhac\u00edm z\u00e1vodu dru\u017estev a v&nbsp;omniu.<\/p>\n","protected":false},"excerpt":{"rendered":"<p>Ve dnech 8. \u2013 10. \u00fanora by se v\u00a0pra\u017esk\u00e9 hale v\u00a0Motole m\u011blo uskute\u010dnit p\u0159esunut\u00e9 mistrovstv\u00ed \u010cesk\u00e9 republiky \u2013 \u0160koda \u010cesk\u00fd poh\u00e1r 2021. V tuto chv\u00edli prob\u00edh\u00e1 posuzov\u00e1n\u00ed \u017e\u00e1dosti o ud\u011blen\u00ed v\u00fdjimky pro po\u0159\u00e1d\u00e1n\u00ed t\u00e9to akce. \u017d\u00e1dost p\u0159edlo\u017eil \u010cSC prost\u0159ednictv\u00edm N\u00e1rodn\u00ed sportovn\u00ed agentury k posouzen\u00ed hlavn\u00ed hygieni\u010dce \u010cR. \u201ePokud se v\u0161e poda\u0159\u00ed, tak z\u00e1vod bude v [&hellip;]<\/p>\n","protected":false},"author":8,"featured_media":3267,"comment_status":"closed","ping_status":"open","sticky":false,"template":"","format":"standard","meta":{"footnotes":""},"categories":[54,2],"tags":[9],"class_list":["post-3266","post","type-post","status-publish","format-standard","has-post-thumbnail","hentry","category-draha","category-novinky","tag-draha"],"_links":{"self":[{"href":"https:\/\/www.czechcyclingfederation.com\/en\/wp-json\/wp\/v2\/posts\/3266","targetHints":{"allow":["GET"]}}],"collection":[{"href":"https:\/\/www.czechcyclingfederation.com\/en\/wp-json\/wp\/v2\/posts"}],"about":[{"href":"https:\/\/www.czechcyclingfederation.com\/en\/wp-json\/wp\/v2\/types\/post"}],"author":[{"embeddable":true,"href":"https:\/\/www.czechcyclingfederation.com\/en\/wp-json\/wp\/v2\/users\/8"}],"replies":[{"embeddable":true,"href":"https:\/\/www.czechcyclingfederation.com\/en\/wp-json\/wp\/v2\/comments?post=3266"}],"version-history":[{"count":4,"href":"https:\/\/www.czechcyclingfederation.com\/en\/wp-json\/wp\/v2\/posts\/3266\/revisions"}],"predecessor-version":[{"id":3271,"href":"https:\/\/www.czechcyclingfederation.com\/en\/wp-json\/wp\/v2\/posts\/3266\/revisions\/3271"}],"wp:featuredmedia":[{"embeddable":true,"href":"https:\/\/www.czechcyclingfederation.com\/en\/wp-json\/wp\/v2\/media\/3267"}],"wp:attachment":[{"href":"https:\/\/www.czechcyclingfederation.com\/en\/wp-json\/wp\/v2\/media?parent=3266"}],"wp:term":[{"taxonomy":"category","embeddable":true,"href":"https:\/\/www.czechcyclingfederation.com\/en\/wp-json\/wp\/v2\/categories?post=3266"},{"taxonomy":"post_tag","embeddable":true,"href":"https:\/\/www.czechcyclingfederation.com\/en\/wp-json\/wp\/v2\/tags?post=3266"}],"curies":[{"name":"wp","href":"https:\/\/api.w.org\/{rel}","templated":true}]}}